{"id":61438,"date":"2022-03-24T16:22:42","date_gmt":"2022-03-24T16:22:42","guid":{"rendered":"https:\/\/jorgezanoni.com.br\/2019\/?p=61438"},"modified":"2022-03-24T16:22:42","modified_gmt":"2022-03-24T16:22:42","slug":"amanha-acontece-a-inauguracao-da-nova-sede-da-ace-em-dracena","status":"publish","type":"post","link":"https:\/\/jorgezanoni.com.br\/2019\/amanha-acontece-a-inauguracao-da-nova-sede-da-ace-em-dracena\/","title":{"rendered":"Amanh\u00e3 acontece a inaugura\u00e7\u00e3o da nova sede da ACE em Dracena"},"content":{"rendered":"<p style=\"text-align: justify;\">Amanh\u00e3 (25) a partir das 09:00 Horas, Presidente, Diretoria e colaboradores da ACE Dracena, estar\u00e3o recebendo associados, autoridades, convidados e imprensa para a inaugura\u00e7\u00e3o da oficial da nova sede.<\/p>\n<p style=\"text-align: justify;\">\u00c9 mais uma grande conquista para o empresariado dracenense que ter\u00e1 melhores acomoda\u00e7\u00f5es, inclusive com espa\u00e7o amplo para reuni\u00f5es e palestras.<\/p>\n<p style=\"text-align: justify;\">A Associa\u00e7\u00e3o Comercial e Empresarial de Dracena est\u00e1 agora, localizada na Avenida Rui Barbosa, 1013, ao lado do Posto Central.<\/p>\n<p>Jorge Zanoni<\/p>\n<p><img loading=\"lazy\" decoding=\"async\" class=\"alignnone size-full wp-image-61439\" src=\"https:\/\/jorgezanoni.com.br\/2019\/wp-content\/uploads\/2022\/03\/ace.jpg\" alt=\"\" width=\"720\" height=\"1280\" srcset=\"https:\/\/jorgezanoni.com.br\/2019\/wp-content\/uploads\/2022\/03\/ace.jpg 720w, https:\/\/jorgezanoni.com.br\/2019\/wp-content\/uploads\/2022\/03\/ace-169x300.jpg 169w, https:\/\/jorgezanoni.com.br\/2019\/wp-content\/uploads\/2022\/03\/ace-576x1024.jpg 576w, https:\/\/jorgezanoni.com.br\/2019\/wp-content\/uploads\/2022\/03\/ace-696x1237.jpg 696w, https:\/\/jorgezanoni.com.br\/2019\/wp-content\/uploads\/2022\/03\/ace-236x420.jpg 236w\" sizes=\"auto, (max-width: 720px) 100vw, 720px\" \/><\/p>\n","protected":false},"excerpt":{"rendered":"<p>Amanh\u00e3 (25) a partir das 09:00 Horas, Presidente, Diretoria e colaboradores da ACE Dracena, estar\u00e3o recebendo associados, autoridades, convidados e imprensa para a inaugura\u00e7\u00e3o da oficial da nova sede. \u00c9 mais uma grande conquista para o empresariado dracenense que ter\u00e1 melhores acomoda\u00e7\u00f5es, inclusive com espa\u00e7o amplo para reuni\u00f5es e palestras. A Associa\u00e7\u00e3o Comercial e Empresarial [&hellip;]<\/p>\n","protected":false},"author":1,"featured_media":61440,"comment_status":"closed","ping_status":"open","sticky":false,"template":"","format":"standard","meta":{"footnotes":""},"categories":[114,110],"tags":[],"class_list":["post-61438","post","type-post","status-publish","format-standard","has-post-thumbnail","hentry","category-geralecomercio","category-noticiasdestaque"],"_links":{"self":[{"href":"https:\/\/jorgezanoni.com.br\/2019\/wp-json\/wp\/v2\/posts\/61438","targetHints":{"allow":["GET"]}}],"collection":[{"href":"https:\/\/jorgezanoni.com.br\/2019\/wp-json\/wp\/v2\/posts"}],"about":[{"href":"https:\/\/jorgezanoni.com.br\/2019\/wp-json\/wp\/v2\/types\/post"}],"author":[{"embeddable":true,"href":"https:\/\/jorgezanoni.com.br\/2019\/wp-json\/wp\/v2\/users\/1"}],"replies":[{"embeddable":true,"href":"https:\/\/jorgezanoni.com.br\/2019\/wp-json\/wp\/v2\/comments?post=61438"}],"version-history":[{"count":0,"href":"https:\/\/jorgezanoni.com.br\/2019\/wp-json\/wp\/v2\/posts\/61438\/revisions"}],"wp:featuredmedia":[{"embeddable":true,"href":"https:\/\/jorgezanoni.com.br\/2019\/wp-json\/wp\/v2\/media\/61440"}],"wp:attachment":[{"href":"https:\/\/jorgezanoni.com.br\/2019\/wp-json\/wp\/v2\/media?parent=61438"}],"wp:term":[{"taxonomy":"category","embeddable":true,"href":"https:\/\/jorgezanoni.com.br\/2019\/wp-json\/wp\/v2\/categories?post=61438"},{"taxonomy":"post_tag","embeddable":true,"href":"https:\/\/jorgezanoni.com.br\/2019\/wp-json\/wp\/v2\/tags?post=61438"}],"curies":[{"name":"wp","href":"https:\/\/api.w.org\/{rel}","templated":true}]}}