{"id":61425,"date":"2022-03-24T14:19:56","date_gmt":"2022-03-24T14:19:56","guid":{"rendered":"https:\/\/jorgezanoni.com.br\/2019\/?p=61425"},"modified":"2022-03-24T14:22:05","modified_gmt":"2022-03-24T14:22:05","slug":"transito-de-dracena-continua-precisando-de-atencao-algo-precisa-ser-feito","status":"publish","type":"post","link":"https:\/\/jorgezanoni.com.br\/2019\/transito-de-dracena-continua-precisando-de-atencao-algo-precisa-ser-feito\/","title":{"rendered":"Tr\u00e2nsito de Dracena continua precisando de aten\u00e7\u00e3o, algo precisa ser feito"},"content":{"rendered":"<p style=\"text-align: justify;\"><strong>Na ter\u00e7a-feira (22), a reportagem do Site JZ, flagrou pele menos 5 (cinco) carretas bi-trem carregadas (dava para perceber que estavam bem pesadas), desfilando pelas principais Ruas e Avenidas de Dracena.<\/strong><\/p>\n<p style=\"text-align: justify;\">\u00c9 comum pesados ve\u00edculos cruzarem toda a cidade da Rodovia Comandante Jo\u00e3o Ribeiro de Barros para alcan\u00e7ar a Byron de Azevedo Nogueira sentido Ouro Verde ou vice-versa. O famoso cortar caminho para n\u00e3o ir at\u00e9 a rotat\u00f3ria de Tupi Paulista.<\/p>\n<p style=\"text-align: justify;\">No caso espec\u00edfico do flagrante, os pesados ve\u00edculos adentraram a cidade pela Washington Luiz\/Tiradentes, virando obrigatoriamente na Avenida Presidente Vargas. Como a Marechal Rondon estava interditada para trabalhos sendo executados pela EMDAEP, todas as carretas resolveram virar (pasmem) na Monte Castelo e retornar pela Roosevelt para novamente adentrarem a Marechal Rondon.<\/p>\n<p style=\"text-align: justify;\">Imaginem, eram exatamente 11:00 Horas, momento que muitas pessoas v\u00e3o almo\u00e7ar, nem precisa dizer o caos que virou.<\/p>\n<p style=\"text-align: justify;\">Sugest\u00e3o aos &#8220;que cuidam&#8221; do Tr\u00e2nsito: Porque n\u00e3o proibir a entrada desses pesados ve\u00edculos na cidade, al\u00e9m de atrapalhar, ainda tem o problema asfalto que n\u00e3o suporta. Caso n\u00e3o tenha como proibir, poderia ser todo desviado obrigatoriamente para a entrada do Trevo da Santa pela Avenida Jos\u00e9 Bonif\u00e1cio, preparar a Rua Adolpho Cavalheri por exemplo e fazer eles alcan\u00e7arem a Rui Barbosa. Acreditamos que seja algo que vai causar menos transtorno na cidade.<\/p>\n<p>Aproveitando, a Avenida Rui Barbosa j\u00e1 passou da hora tamb\u00e9m de ser liberada a entrada e sa\u00edda da cidade pela Ribeiro de Barros.<\/p>\n<p><img loading=\"lazy\" decoding=\"async\" class=\"alignnone size-full wp-image-61427\" src=\"https:\/\/jorgezanoni.com.br\/2019\/wp-content\/uploads\/2022\/03\/IMG_4802-2.jpg\" alt=\"\" width=\"700\" height=\"480\" srcset=\"https:\/\/jorgezanoni.com.br\/2019\/wp-content\/uploads\/2022\/03\/IMG_4802-2.jpg 700w, https:\/\/jorgezanoni.com.br\/2019\/wp-content\/uploads\/2022\/03\/IMG_4802-2-300x206.jpg 300w, https:\/\/jorgezanoni.com.br\/2019\/wp-content\/uploads\/2022\/03\/IMG_4802-2-100x70.jpg 100w, https:\/\/jorgezanoni.com.br\/2019\/wp-content\/uploads\/2022\/03\/IMG_4802-2-218x150.jpg 218w, https:\/\/jorgezanoni.com.br\/2019\/wp-content\/uploads\/2022\/03\/IMG_4802-2-696x477.jpg 696w, https:\/\/jorgezanoni.com.br\/2019\/wp-content\/uploads\/2022\/03\/IMG_4802-2-613x420.jpg 613w\" sizes=\"auto, (max-width: 700px) 100vw, 700px\" \/><\/p>\n<p style=\"text-align: justify;\">Jorge Zanoni<\/p>\n","protected":false},"excerpt":{"rendered":"<p>Na ter\u00e7a-feira (22), a reportagem do Site JZ, flagrou pele menos 5 (cinco) carretas bi-trem carregadas (dava para perceber que estavam bem pesadas), desfilando pelas principais Ruas e Avenidas de Dracena. \u00c9 comum pesados ve\u00edculos cruzarem toda a cidade da Rodovia Comandante Jo\u00e3o Ribeiro de Barros para alcan\u00e7ar a Byron de Azevedo Nogueira sentido Ouro [&hellip;]<\/p>\n","protected":false},"author":1,"featured_media":61426,"comment_status":"closed","ping_status":"open","sticky":false,"template":"","format":"standard","meta":{"footnotes":""},"categories":[180,110],"tags":[],"class_list":["post-61425","post","type-post","status-publish","format-standard","has-post-thumbnail","hentry","category-estradastransitoveiculos","category-noticiasdestaque"],"_links":{"self":[{"href":"https:\/\/jorgezanoni.com.br\/2019\/wp-json\/wp\/v2\/posts\/61425","targetHints":{"allow":["GET"]}}],"collection":[{"href":"https:\/\/jorgezanoni.com.br\/2019\/wp-json\/wp\/v2\/posts"}],"about":[{"href":"https:\/\/jorgezanoni.com.br\/2019\/wp-json\/wp\/v2\/types\/post"}],"author":[{"embeddable":true,"href":"https:\/\/jorgezanoni.com.br\/2019\/wp-json\/wp\/v2\/users\/1"}],"replies":[{"embeddable":true,"href":"https:\/\/jorgezanoni.com.br\/2019\/wp-json\/wp\/v2\/comments?post=61425"}],"version-history":[{"count":0,"href":"https:\/\/jorgezanoni.com.br\/2019\/wp-json\/wp\/v2\/posts\/61425\/revisions"}],"wp:featuredmedia":[{"embeddable":true,"href":"https:\/\/jorgezanoni.com.br\/2019\/wp-json\/wp\/v2\/media\/61426"}],"wp:attachment":[{"href":"https:\/\/jorgezanoni.com.br\/2019\/wp-json\/wp\/v2\/media?parent=61425"}],"wp:term":[{"taxonomy":"category","embeddable":true,"href":"https:\/\/jorgezanoni.com.br\/2019\/wp-json\/wp\/v2\/categories?post=61425"},{"taxonomy":"post_tag","embeddable":true,"href":"https:\/\/jorgezanoni.com.br\/2019\/wp-json\/wp\/v2\/tags?post=61425"}],"curies":[{"name":"wp","href":"https:\/\/api.w.org\/{rel}","templated":true}]}}