{"id":61416,"date":"2022-03-24T13:13:28","date_gmt":"2022-03-24T13:13:28","guid":{"rendered":"https:\/\/jorgezanoni.com.br\/2019\/?p=61416"},"modified":"2022-03-24T13:14:16","modified_gmt":"2022-03-24T13:14:16","slug":"caminhao-carregado-com-bagaco-de-cana-tomba-na-ponte-do-rio-do-peixe-em-dracena","status":"publish","type":"post","link":"https:\/\/jorgezanoni.com.br\/2019\/caminhao-carregado-com-bagaco-de-cana-tomba-na-ponte-do-rio-do-peixe-em-dracena\/","title":{"rendered":"Caminh\u00e3o carregado com baga\u00e7o de cana tomba na ponte do Rio do Peixe em Dracena"},"content":{"rendered":"<h2 class=\"content-head__subtitle\" style=\"text-align: justify;\"><strong>Motorista, de 61 anos, foi socorrido com ferimentos leves. Acidente foi na noite desta ter\u00e7a-feira (22), na Rodovia General Euclides de Oliveira Figueiredo (SP-563), Km. 113.<\/strong><\/h2>\n<div class=\"mc-column content-text active-extra-styles \" style=\"text-align: justify;\" data-block-type=\"unstyled\" data-block-weight=\"41\" data-block-id=\"2\">\n<p class=\"content-text__container \" data-track-category=\"Link no Texto\" data-track-links=\"\">Um homem, de 61 anos, ficou ferido com o tombamento de um caminh\u00e3o canavieiro na ponte do Rio do Peixe, na Rodovia General Euclides de Oliveira Figueiredo (SP-563), conhecida como Rodovia da Integra\u00e7\u00e3o, em\u00a0<a href=\"https:\/\/g1.globo.com\/sp\/presidente-prudente-regiao\/cidade\/dracena\/\">Dracena<\/a>\u00a0(SP), na noite desta ter\u00e7a-feira (22).<\/p>\n<\/div>\n<div class=\"wall protected-content\">\n<div class=\"mc-column content-text active-extra-styles \" style=\"text-align: justify;\" data-block-type=\"unstyled\" data-block-weight=\"26\" data-block-id=\"3\">\n<p class=\"content-text__container \" data-track-category=\"Link no Texto\" data-track-links=\"\">Conforme a Pol\u00edcia Militar Rodovi\u00e1ria, o ve\u00edculo seguia de\u00a0<a href=\"https:\/\/g1.globo.com\/sp\/presidente-prudente-regiao\/cidade\/dracena\/\">Dracena<\/a>\u00a0a\u00a0<a href=\"https:\/\/g1.globo.com\/sp\/presidente-prudente-regiao\/cidade\/presidente-venceslau\/\">Presidente Venceslau<\/a>\u00a0(SP), e estava carregado com baga\u00e7o de cana-de-a\u00e7\u00facar, que ficou espalhado pelo local.<\/p>\n<\/div>\n<div class=\"row medium-uncollapsed content-media content-photo\" data-block-type=\"backstage-photo\" data-block-id=\"4\">\n<div class=\"mc-column content-media__container\">\n<div class=\"content-media-container glb-skeleton-box\" style=\"text-align: justify;\">\n<figure class=\"content-media-figure\"><img decoding=\"async\" class=\"i-amphtml-fill-content i-amphtml-replaced-content\" src=\"https:\/\/s2.glbimg.com\/t7q6sPey5CQpDdCXNoFqGogt9Go=\/0x0:1600x1200\/984x0\/smart\/filters:strip_icc()\/i.s3.glbimg.com\/v1\/AUTH_59edd422c0c84a879bd37670ae4f538a\/internal_photos\/bs\/2022\/2\/f\/B2KJb8TomdAxmFKeSDsw\/t259fl623aeb3b95677.jpeg\" sizes=\"(max-width: 1366px) 648px, 100vw\" srcset=\"https:\/\/s2.glbimg.com\/ST25EPIkOP0tyyiBXzCvMF3eDKo=\/0x0:1600x1200\/1000x0\/smart\/filters:strip_icc()\/i.s3.glbimg.com\/v1\/AUTH_59edd422c0c84a879bd37670ae4f538a\/internal_photos\/bs\/2022\/2\/f\/B2KJb8TomdAxmFKeSDsw\/t259fl623aeb3b95677.jpeg 1000w, https:\/\/s2.glbimg.com\/t7q6sPey5CQpDdCXNoFqGogt9Go=\/0x0:1600x1200\/984x0\/smart\/filters:strip_icc()\/i.s3.glbimg.com\/v1\/AUTH_59edd422c0c84a879bd37670ae4f538a\/internal_photos\/bs\/2022\/2\/f\/B2KJb8TomdAxmFKeSDsw\/t259fl623aeb3b95677.jpeg 984w, https:\/\/s2.glbimg.com\/JqRXFX4-AVmgXk6F4LvhK_rrdhQ=\/0x0:1600x1200\/640x0\/smart\/filters:strip_icc()\/i.s3.glbimg.com\/v1\/AUTH_59edd422c0c84a879bd37670ae4f538a\/internal_photos\/bs\/2022\/2\/f\/B2KJb8TomdAxmFKeSDsw\/t259fl623aeb3b95677.jpeg 640w, https:\/\/s2.glbimg.com\/JpYx7nzQwyI3MNuFfErjjKTA5iE=\/0x0:1600x1200\/600x0\/smart\/filters:strip_icc()\/i.s3.glbimg.com\/v1\/AUTH_59edd422c0c84a879bd37670ae4f538a\/internal_photos\/bs\/2022\/2\/f\/B2KJb8TomdAxmFKeSDsw\/t259fl623aeb3b95677.jpeg 600w\" alt=\"Caminh\u00e3o carregado com baga\u00e7o de cana tombou na ponte do Rio do Peixe \u2014 Foto: Pol\u00edcia Rodovi\u00e1ria\" \/><\/figure>\n<\/div>\n<p class=\"content-media__description \" style=\"text-align: justify;\">Caminh\u00e3o carregado com baga\u00e7o de cana tombou na ponte do Rio do Peixe \u2014 Foto: Pol\u00edcia Rodovi\u00e1ria<\/p>\n<div class=\"mc-column content-text active-extra-styles \" style=\"text-align: justify;\" data-block-type=\"unstyled\" data-block-weight=\"18\" data-block-id=\"6\">\n<p class=\"content-text__container \" data-track-category=\"Link no Texto\" data-track-links=\"\">Ainda segundo a corpora\u00e7\u00e3o, houve a interdi\u00e7\u00e3o da \u00e1rea de 0h \u00e0s 5h. O local segue parcialmente interditado.<\/p>\n<\/div>\n<div class=\"mc-column content-text active-extra-styles \" style=\"text-align: justify;\" data-block-type=\"unstyled\" data-block-weight=\"15\" data-block-id=\"7\">\n<p class=\"content-text__container \" data-track-category=\"Link no Texto\" data-track-links=\"\">A v\u00edtima sofreu ferimentos leves e foi socorrida e levada para o pronto-socorro de\u00a0<a href=\"https:\/\/g1.globo.com\/sp\/presidente-prudente-regiao\/cidade\/dracena\/\">Dracena<\/a>.<\/p>\n<\/div>\n<div class=\"row medium-uncollapsed content-media content-photo\" data-block-type=\"backstage-photo\" data-block-id=\"8\">\n<div class=\"mc-column content-media__container\">\n<div class=\"content-media-container glb-skeleton-box\" style=\"text-align: justify;\">\n<figure class=\"content-media-figure\"><img decoding=\"async\" class=\"i-amphtml-fill-content i-amphtml-replaced-content\" src=\"https:\/\/s2.glbimg.com\/TKbfmQhBCXAVj612abWdzKRkJbI=\/0x0:1600x1200\/984x0\/smart\/filters:strip_icc()\/i.s3.glbimg.com\/v1\/AUTH_59edd422c0c84a879bd37670ae4f538a\/internal_photos\/bs\/2022\/8\/K\/6210vBTAOicKWuzFrnyA\/t259fl623aeb3b5eaa3.jpeg\" sizes=\"(max-width: 1366px) 648px, 100vw\" srcset=\"https:\/\/s2.glbimg.com\/flrNIx5zEFZFMQi-JuOAj6AMe1g=\/0x0:1600x1200\/1000x0\/smart\/filters:strip_icc()\/i.s3.glbimg.com\/v1\/AUTH_59edd422c0c84a879bd37670ae4f538a\/internal_photos\/bs\/2022\/8\/K\/6210vBTAOicKWuzFrnyA\/t259fl623aeb3b5eaa3.jpeg 1000w, https:\/\/s2.glbimg.com\/TKbfmQhBCXAVj612abWdzKRkJbI=\/0x0:1600x1200\/984x0\/smart\/filters:strip_icc()\/i.s3.glbimg.com\/v1\/AUTH_59edd422c0c84a879bd37670ae4f538a\/internal_photos\/bs\/2022\/8\/K\/6210vBTAOicKWuzFrnyA\/t259fl623aeb3b5eaa3.jpeg 984w, https:\/\/s2.glbimg.com\/Bg5_fZPzPx73E2c93f4v9b66ubE=\/0x0:1600x1200\/640x0\/smart\/filters:strip_icc()\/i.s3.glbimg.com\/v1\/AUTH_59edd422c0c84a879bd37670ae4f538a\/internal_photos\/bs\/2022\/8\/K\/6210vBTAOicKWuzFrnyA\/t259fl623aeb3b5eaa3.jpeg 640w, https:\/\/s2.glbimg.com\/KVbZWWFK7Z8HzK8JBhDWIOE7oiI=\/0x0:1600x1200\/600x0\/smart\/filters:strip_icc()\/i.s3.glbimg.com\/v1\/AUTH_59edd422c0c84a879bd37670ae4f538a\/internal_photos\/bs\/2022\/8\/K\/6210vBTAOicKWuzFrnyA\/t259fl623aeb3b5eaa3.jpeg 600w\" alt=\"Caminh\u00e3o carregado com baga\u00e7o de cana tombou na ponte do Rio do Peixe \u2014 Foto: Pol\u00edcia Rodovi\u00e1ria\" \/><\/figure>\n<\/div>\n<p class=\"content-media__description \" style=\"text-align: justify;\">Caminh\u00e3o carregado com baga\u00e7o de cana tombou na ponte do Rio do Peixe \u2014 Foto: Pol\u00edcia Rodovi\u00e1ria<\/p>\n<p><img loading=\"lazy\" decoding=\"async\" class=\"alignnone size-full wp-image-61417\" src=\"https:\/\/jorgezanoni.com.br\/2019\/wp-content\/uploads\/2022\/03\/IMG_4803-2.jpg\" alt=\"\" width=\"700\" height=\"466\" srcset=\"https:\/\/jorgezanoni.com.br\/2019\/wp-content\/uploads\/2022\/03\/IMG_4803-2.jpg 700w, https:\/\/jorgezanoni.com.br\/2019\/wp-content\/uploads\/2022\/03\/IMG_4803-2-300x200.jpg 300w, https:\/\/jorgezanoni.com.br\/2019\/wp-content\/uploads\/2022\/03\/IMG_4803-2-696x463.jpg 696w, https:\/\/jorgezanoni.com.br\/2019\/wp-content\/uploads\/2022\/03\/IMG_4803-2-631x420.jpg 631w\" sizes=\"auto, (max-width: 700px) 100vw, 700px\" \/><\/p>\n<p>Fonte G1<\/p>\n<p>Fotos PMR e Jorge Zanoni<\/p>\n<\/div>\n<\/div>\n<\/div>\n<\/div>\n<\/div>\n","protected":false},"excerpt":{"rendered":"<p>Motorista, de 61 anos, foi socorrido com ferimentos leves. Acidente foi na noite desta ter\u00e7a-feira (22), na Rodovia General Euclides de Oliveira Figueiredo (SP-563), Km. 113. Um homem, de 61 anos, ficou ferido com o tombamento de um caminh\u00e3o canavieiro na ponte do Rio do Peixe, na Rodovia General Euclides de Oliveira Figueiredo (SP-563), conhecida [&hellip;]<\/p>\n","protected":false},"author":1,"featured_media":61419,"comment_status":"closed","ping_status":"open","sticky":false,"template":"","format":"standard","meta":{"footnotes":""},"categories":[170,110],"tags":[],"class_list":["post-61416","post","type-post","status-publish","format-standard","has-post-thumbnail","hentry","category-acidentes","category-noticiasdestaque"],"_links":{"self":[{"href":"https:\/\/jorgezanoni.com.br\/2019\/wp-json\/wp\/v2\/posts\/61416","targetHints":{"allow":["GET"]}}],"collection":[{"href":"https:\/\/jorgezanoni.com.br\/2019\/wp-json\/wp\/v2\/posts"}],"about":[{"href":"https:\/\/jorgezanoni.com.br\/2019\/wp-json\/wp\/v2\/types\/post"}],"author":[{"embeddable":true,"href":"https:\/\/jorgezanoni.com.br\/2019\/wp-json\/wp\/v2\/users\/1"}],"replies":[{"embeddable":true,"href":"https:\/\/jorgezanoni.com.br\/2019\/wp-json\/wp\/v2\/comments?post=61416"}],"version-history":[{"count":0,"href":"https:\/\/jorgezanoni.com.br\/2019\/wp-json\/wp\/v2\/posts\/61416\/revisions"}],"wp:featuredmedia":[{"embeddable":true,"href":"https:\/\/jorgezanoni.com.br\/2019\/wp-json\/wp\/v2\/media\/61419"}],"wp:attachment":[{"href":"https:\/\/jorgezanoni.com.br\/2019\/wp-json\/wp\/v2\/media?parent=61416"}],"wp:term":[{"taxonomy":"category","embeddable":true,"href":"https:\/\/jorgezanoni.com.br\/2019\/wp-json\/wp\/v2\/categories?post=61416"},{"taxonomy":"post_tag","embeddable":true,"href":"https:\/\/jorgezanoni.com.br\/2019\/wp-json\/wp\/v2\/tags?post=61416"}],"curies":[{"name":"wp","href":"https:\/\/api.w.org\/{rel}","templated":true}]}}