{"id":61401,"date":"2022-03-23T22:22:33","date_gmt":"2022-03-23T22:22:33","guid":{"rendered":"https:\/\/jorgezanoni.com.br\/2019\/?p=61401"},"modified":"2022-03-23T22:22:33","modified_gmt":"2022-03-23T22:22:33","slug":"policia-civil-realiza-prisao-de-mulher-acusada-de-liderar-grupo-que-praticou-diversos-furtos-na-regiao-de-pres-prudente","status":"publish","type":"post","link":"https:\/\/jorgezanoni.com.br\/2019\/policia-civil-realiza-prisao-de-mulher-acusada-de-liderar-grupo-que-praticou-diversos-furtos-na-regiao-de-pres-prudente\/","title":{"rendered":"Pol\u00edcia Civil realiza pris\u00e3o de mulher acusada de liderar grupo que praticou diversos furtos na regi\u00e3o de Pres. Prudente"},"content":{"rendered":"<p style=\"text-align: justify;\"><strong>POL\u00cdCIA CIVIL REALIZA PRIS\u00c3O DE MULHER ACUSADA DE LIDERAR GRUPO RESPONS\u00c1VEL POR UMA S\u00c9RIE DE FURTOS EM LOJAS NA REGI\u00c3O DE PRESIDENTE PRUDENTE.<\/strong><\/p>\n<p style=\"text-align: justify;\">A\u00e7\u00e3o policial aconteceu na manh\u00e3 de hoje (23), na cidade de Curitiba-PR. A pris\u00e3o \u00e9 resultado da continua\u00e7\u00e3o dos trabalhos investigativos realizados na Opera\u00e7\u00e3o \u201cTrapo de Luxo\u201d.<\/p>\n<p style=\"text-align: justify;\">\nA Pol\u00edcia Civil, por interm\u00e9dio da Delegacia de Pol\u00edcia de Junqueir\u00f3polis, com apoio operacional de policiais civis do Deinter 8 sede, realizou dilig\u00eancia nesta quarta-feira (23), em desdobramento da opera\u00e7\u00e3o policial \u201cTrapo de Luxo\u201d, na cidade de Curitiba-PR e regi\u00e3o metropolitana, visando dar cumprimento a dois mandados de pris\u00e3o preventiva em desfavor duas mulheres acusadas de integrarem organiza\u00e7\u00e3o criminosa especializada em furtos de lojas de roupas de grife.<\/p>\n<p style=\"text-align: justify;\">Uma mulher, de 24 anos, apontada durante as investiga\u00e7\u00f5es como sendo uma das l\u00edderes do grupo criminoso foi presa preventivamente por uma equipe, da Delegacia de Pol\u00edcia de Junqueir\u00f3polis, quando chegava a um conhecido shopping de Curitiba. A mulher ser\u00e1 conduzida para a Cadeia de Dracena.<\/p>\n<p style=\"text-align: justify;\">Uma outra mulher, que n\u00e3o teve a idade divulgada, n\u00e3o foi localizada nos endere\u00e7os diligenciados, e j\u00e1 considerada foragida da Justi\u00e7a.<\/p>\n<p style=\"text-align: justify;\">A Pol\u00edcia Civil tamb\u00e9m apreendeu v\u00e1rias pe\u00e7as de roupas, que ser\u00e1 verificada a proced\u00eancia l\u00edcita ou il\u00edcita do material apreendido.<\/p>\n<p style=\"text-align: justify;\">Durante a\u00e7\u00e3o policial tamb\u00e9m foi apreendido um ve\u00edculo GM\/Cobalt, que estava na posse da mulher presa, e que posteriormente, poder\u00e1 ser utilizado como forma de restituir os preju\u00edzos das v\u00edtimas.<\/p>\n<p style=\"text-align: justify;\">A a\u00e7\u00e3o na cidade de Curitiba contou tamb\u00e9m com aux\u00edlio de agentes da Pol\u00edcia Civil do Paran\u00e1.<\/p>\n<p style=\"text-align: justify;\">Na primeira fase, da opera\u00e7\u00e3o \u201cTrapo de Luxo\u201d, a Pol\u00edcia Civil descobriu que o grupo criminoso praticou furtos em estabelecimentos comerciais das cidades de Junqueir\u00f3polis, Presidente Epit\u00e1cio, Presidente Venceslau, Rancharia, Teodoro Sampaio, Santo Anast\u00e1cio e Pacaembu. Estima-se que os comerciantes que foram alvos da a\u00e7\u00e3o criminosa tenham sofrido preju\u00edzo num valor superior a R$ 1 milh\u00e3o. Ainda na primeira fase cinco pessoas foram presas temporariamente naquela ocasi\u00e3o.<\/p>\n<p><img loading=\"lazy\" decoding=\"async\" class=\"alignnone size-full wp-image-61403\" src=\"https:\/\/jorgezanoni.com.br\/2019\/wp-content\/uploads\/2022\/03\/mulher1.jpg\" alt=\"\" width=\"960\" height=\"1280\" srcset=\"https:\/\/jorgezanoni.com.br\/2019\/wp-content\/uploads\/2022\/03\/mulher1.jpg 960w, https:\/\/jorgezanoni.com.br\/2019\/wp-content\/uploads\/2022\/03\/mulher1-225x300.jpg 225w, https:\/\/jorgezanoni.com.br\/2019\/wp-content\/uploads\/2022\/03\/mulher1-768x1024.jpg 768w, https:\/\/jorgezanoni.com.br\/2019\/wp-content\/uploads\/2022\/03\/mulher1-696x928.jpg 696w, https:\/\/jorgezanoni.com.br\/2019\/wp-content\/uploads\/2022\/03\/mulher1-315x420.jpg 315w\" sizes=\"auto, (max-width: 960px) 100vw, 960px\" \/><\/p>\n<p>Fonte: Com. Social Pol\u00edcia Civil<\/p>\n","protected":false},"excerpt":{"rendered":"<p>POL\u00cdCIA CIVIL REALIZA PRIS\u00c3O DE MULHER ACUSADA DE LIDERAR GRUPO RESPONS\u00c1VEL POR UMA S\u00c9RIE DE FURTOS EM LOJAS NA REGI\u00c3O DE PRESIDENTE PRUDENTE. A\u00e7\u00e3o policial aconteceu na manh\u00e3 de hoje (23), na cidade de Curitiba-PR. A pris\u00e3o \u00e9 resultado da continua\u00e7\u00e3o dos trabalhos investigativos realizados na Opera\u00e7\u00e3o \u201cTrapo de Luxo\u201d. A Pol\u00edcia Civil, por interm\u00e9dio [&hellip;]<\/p>\n","protected":false},"author":1,"featured_media":61402,"comment_status":"closed","ping_status":"open","sticky":false,"template":"","format":"standard","meta":{"footnotes":""},"categories":[110,2],"tags":[],"class_list":["post-61401","post","type-post","status-publish","format-standard","has-post-thumbnail","hentry","category-noticiasdestaque","category-policial"],"_links":{"self":[{"href":"https:\/\/jorgezanoni.com.br\/2019\/wp-json\/wp\/v2\/posts\/61401","targetHints":{"allow":["GET"]}}],"collection":[{"href":"https:\/\/jorgezanoni.com.br\/2019\/wp-json\/wp\/v2\/posts"}],"about":[{"href":"https:\/\/jorgezanoni.com.br\/2019\/wp-json\/wp\/v2\/types\/post"}],"author":[{"embeddable":true,"href":"https:\/\/jorgezanoni.com.br\/2019\/wp-json\/wp\/v2\/users\/1"}],"replies":[{"embeddable":true,"href":"https:\/\/jorgezanoni.com.br\/2019\/wp-json\/wp\/v2\/comments?post=61401"}],"version-history":[{"count":0,"href":"https:\/\/jorgezanoni.com.br\/2019\/wp-json\/wp\/v2\/posts\/61401\/revisions"}],"wp:featuredmedia":[{"embeddable":true,"href":"https:\/\/jorgezanoni.com.br\/2019\/wp-json\/wp\/v2\/media\/61402"}],"wp:attachment":[{"href":"https:\/\/jorgezanoni.com.br\/2019\/wp-json\/wp\/v2\/media?parent=61401"}],"wp:term":[{"taxonomy":"category","embeddable":true,"href":"https:\/\/jorgezanoni.com.br\/2019\/wp-json\/wp\/v2\/categories?post=61401"},{"taxonomy":"post_tag","embeddable":true,"href":"https:\/\/jorgezanoni.com.br\/2019\/wp-json\/wp\/v2\/tags?post=61401"}],"curies":[{"name":"wp","href":"https:\/\/api.w.org\/{rel}","templated":true}]}}