{"id":61395,"date":"2022-03-23T22:05:13","date_gmt":"2022-03-23T22:05:13","guid":{"rendered":"https:\/\/jorgezanoni.com.br\/2019\/?p=61395"},"modified":"2022-03-23T22:05:13","modified_gmt":"2022-03-23T22:05:13","slug":"obrigatoriedade-da-vacinacao-contra-a-covid-19-e-discutida-na-camara-de-dracena","status":"publish","type":"post","link":"https:\/\/jorgezanoni.com.br\/2019\/obrigatoriedade-da-vacinacao-contra-a-covid-19-e-discutida-na-camara-de-dracena\/","title":{"rendered":"Obrigatoriedade da vacina\u00e7\u00e3o contra a Covid 19 \u00e9 discutida na C\u00e2mara de Dracena"},"content":{"rendered":"<p dir=\"ltr\" style=\"text-align: justify;\"><strong>Audi\u00eancia p\u00fablica contou com a presen\u00e7a de autoridades m\u00e9dicas e jur\u00eddicas, al\u00e9m da popula\u00e7\u00e3o em geral.<\/strong><\/p>\n<p dir=\"ltr\" style=\"text-align: justify;\">Com um grande p\u00fablico presente nas galerias da Casa e segurando cartazes, uma parte da popula\u00e7\u00e3o de Dracena veio at\u00e9 a C\u00e2mara Municipal para manifestar seu posicionamento contra ou a favor da obrigatoriedade da vacina\u00e7\u00e3o contra o Covid 19 no munic\u00edpio.<\/p>\n<p dir=\"ltr\" style=\"text-align: justify;\">A audi\u00eancia foi realizada com o objetivo de &#8220;promover o di\u00e1logo sobre a quest\u00e3o para assegurar que os direitos previstos na Constitui\u00e7\u00e3o e nas leis sejam colocados em pr\u00e1tica.&#8221;<\/p>\n<p dir=\"ltr\" style=\"text-align: justify;\">Estiveram presentes vereadores, popula\u00e7\u00e3o, e os palestrantes convidados para o debate p\u00fablico:<\/p>\n<p dir=\"ltr\" style=\"text-align: justify;\">&#8211; Dra. Germana Fernanda de Souza, infectologista do Centro de Atendimento ao Covid do Munic\u00edpio de Dracena;<\/p>\n<p dir=\"ltr\" style=\"text-align: justify;\">&#8211; Dra. Maria Em\u00edlia Gadelha Serra, p\u00f3s-graduada em Per\u00edcias M\u00e9dicas;<\/p>\n<p dir=\"ltr\" style=\"text-align: justify;\">&#8211; Dr. Jos\u00e9 Augusto Nasser, membro da Sociedade Brasileira de Neurocirurgia;<\/p>\n<p dir=\"ltr\" style=\"text-align: justify;\">&#8211; Dr. Paulo Faria, advogado p\u00f3s-graduado em Direito Civil e Processual Civil e Direito de Fam\u00edlia e Sucess\u00f5es;<\/p>\n<p dir=\"ltr\" style=\"text-align: justify;\">&#8211; Dr. Rafael Freire, advogado e servidor de carreira da C\u00e2mara dos Deputados;<\/p>\n<p dir=\"ltr\" style=\"text-align: justify;\">&#8211; Dr. Silvio Padovani, advogado e servidor p\u00fablico na Emdaep;<\/p>\n<p dir=\"ltr\" style=\"text-align: justify;\">&#8211; Dr. Gustavo Piveta, advogado especialista em Direito Penal e Processo Penal.<\/p>\n<p dir=\"ltr\" style=\"text-align: justify;\">A audi\u00eancia teve momentos em que euforia e indigna\u00e7\u00e3o, vaias e aplausos se misturaram, o que mostrou o quanto o tema divide opini\u00f5es. O presidente da C\u00e2mara Claudinei Millan fez a abertura da audi\u00eancia que foi mediada pela assessora jur\u00eddica da Casa, Nat\u00e1lia Gesteiro.<\/p>\n<p dir=\"ltr\" style=\"text-align: justify;\">A transmiss\u00e3o do debate est\u00e1 dispon\u00edvel na \u00edntegra no Facebook e no YouTube da C\u00e2mara de Dracena.<\/p>\n<p dir=\"ltr\" style=\"text-align: justify;\">PL n.\u00ba 14\/2022<\/p>\n<p dir=\"ltr\" style=\"text-align: justify;\">A audi\u00eancia foi solicita ap\u00f3s o projeto de lei n.\u00ba 14, de autoria do vereador C\u00e9lio Ferregutti, foi lido em sess\u00e3o e est\u00e1 atualmente em tramita\u00e7\u00e3o nas Comiss\u00f5es Permanentes. \u00a0 De acordo com o projeto, ficaria vedada no munic\u00edpio a vacina\u00e7\u00e3o compuls\u00f3ria contra a Covid-19 em qualquer idade, ficando tamb\u00e9m proibido o &#8220;passaporte sanit\u00e1rio&#8221;, o qual impede o acesso a locais p\u00fablicos ou privados a n\u00e3o vacinados.<\/p>\n<p dir=\"ltr\" style=\"text-align: justify;\">O projeto seguir\u00e1 a tramita\u00e7\u00e3o regimental dentro da C\u00e2mara Municipal de Dracena, com an\u00e1lise das comiss\u00f5es, antes de ser colocado em vota\u00e7\u00e3o pelo plen\u00e1rio. Ainda sem data prevista para ocorrer.<\/p>\n<p dir=\"ltr\"><img loading=\"lazy\" decoding=\"async\" class=\"alignnone size-full wp-image-61397\" src=\"https:\/\/jorgezanoni.com.br\/2019\/wp-content\/uploads\/2022\/03\/cam1.jpg\" alt=\"\" width=\"700\" height=\"466\" srcset=\"https:\/\/jorgezanoni.com.br\/2019\/wp-content\/uploads\/2022\/03\/cam1.jpg 700w, https:\/\/jorgezanoni.com.br\/2019\/wp-content\/uploads\/2022\/03\/cam1-300x200.jpg 300w, https:\/\/jorgezanoni.com.br\/2019\/wp-content\/uploads\/2022\/03\/cam1-696x463.jpg 696w, https:\/\/jorgezanoni.com.br\/2019\/wp-content\/uploads\/2022\/03\/cam1-631x420.jpg 631w\" sizes=\"auto, (max-width: 700px) 100vw, 700px\" \/> <img loading=\"lazy\" decoding=\"async\" class=\"alignnone size-full wp-image-61398\" src=\"https:\/\/jorgezanoni.com.br\/2019\/wp-content\/uploads\/2022\/03\/cam2.jpg\" alt=\"\" width=\"700\" height=\"466\" srcset=\"https:\/\/jorgezanoni.com.br\/2019\/wp-content\/uploads\/2022\/03\/cam2.jpg 700w, https:\/\/jorgezanoni.com.br\/2019\/wp-content\/uploads\/2022\/03\/cam2-300x200.jpg 300w, https:\/\/jorgezanoni.com.br\/2019\/wp-content\/uploads\/2022\/03\/cam2-696x463.jpg 696w, https:\/\/jorgezanoni.com.br\/2019\/wp-content\/uploads\/2022\/03\/cam2-631x420.jpg 631w\" sizes=\"auto, (max-width: 700px) 100vw, 700px\" \/> <img loading=\"lazy\" decoding=\"async\" class=\"alignnone size-full wp-image-61399\" src=\"https:\/\/jorgezanoni.com.br\/2019\/wp-content\/uploads\/2022\/03\/cam3.jpg\" alt=\"\" width=\"700\" height=\"466\" srcset=\"https:\/\/jorgezanoni.com.br\/2019\/wp-content\/uploads\/2022\/03\/cam3.jpg 700w, https:\/\/jorgezanoni.com.br\/2019\/wp-content\/uploads\/2022\/03\/cam3-300x200.jpg 300w, https:\/\/jorgezanoni.com.br\/2019\/wp-content\/uploads\/2022\/03\/cam3-696x463.jpg 696w, https:\/\/jorgezanoni.com.br\/2019\/wp-content\/uploads\/2022\/03\/cam3-631x420.jpg 631w\" sizes=\"auto, (max-width: 700px) 100vw, 700px\" \/><\/p>\n<p dir=\"ltr\" style=\"text-align: justify;\">Fonte: Assessoria de Imprensa C\u00e2mara Municipal<\/p>\n<div><\/div>\n","protected":false},"excerpt":{"rendered":"<p>Audi\u00eancia p\u00fablica contou com a presen\u00e7a de autoridades m\u00e9dicas e jur\u00eddicas, al\u00e9m da popula\u00e7\u00e3o em geral. Com um grande p\u00fablico presente nas galerias da Casa e segurando cartazes, uma parte da popula\u00e7\u00e3o de Dracena veio at\u00e9 a C\u00e2mara Municipal para manifestar seu posicionamento contra ou a favor da obrigatoriedade da vacina\u00e7\u00e3o contra o Covid 19 [&hellip;]<\/p>\n","protected":false},"author":1,"featured_media":61396,"comment_status":"closed","ping_status":"open","sticky":false,"template":"","format":"standard","meta":{"footnotes":""},"categories":[179,184,110],"tags":[],"class_list":["post-61395","post","type-post","status-publish","format-standard","has-post-thumbnail","hentry","category-cidadeseregiao","category-dracena","category-noticiasdestaque"],"_links":{"self":[{"href":"https:\/\/jorgezanoni.com.br\/2019\/wp-json\/wp\/v2\/posts\/61395","targetHints":{"allow":["GET"]}}],"collection":[{"href":"https:\/\/jorgezanoni.com.br\/2019\/wp-json\/wp\/v2\/posts"}],"about":[{"href":"https:\/\/jorgezanoni.com.br\/2019\/wp-json\/wp\/v2\/types\/post"}],"author":[{"embeddable":true,"href":"https:\/\/jorgezanoni.com.br\/2019\/wp-json\/wp\/v2\/users\/1"}],"replies":[{"embeddable":true,"href":"https:\/\/jorgezanoni.com.br\/2019\/wp-json\/wp\/v2\/comments?post=61395"}],"version-history":[{"count":0,"href":"https:\/\/jorgezanoni.com.br\/2019\/wp-json\/wp\/v2\/posts\/61395\/revisions"}],"wp:featuredmedia":[{"embeddable":true,"href":"https:\/\/jorgezanoni.com.br\/2019\/wp-json\/wp\/v2\/media\/61396"}],"wp:attachment":[{"href":"https:\/\/jorgezanoni.com.br\/2019\/wp-json\/wp\/v2\/media?parent=61395"}],"wp:term":[{"taxonomy":"category","embeddable":true,"href":"https:\/\/jorgezanoni.com.br\/2019\/wp-json\/wp\/v2\/categories?post=61395"},{"taxonomy":"post_tag","embeddable":true,"href":"https:\/\/jorgezanoni.com.br\/2019\/wp-json\/wp\/v2\/tags?post=61395"}],"curies":[{"name":"wp","href":"https:\/\/api.w.org\/{rel}","templated":true}]}}