{"id":61344,"date":"2022-03-22T16:57:57","date_gmt":"2022-03-22T16:57:57","guid":{"rendered":"https:\/\/jorgezanoni.com.br\/2019\/?p=61344"},"modified":"2022-03-22T16:57:57","modified_gmt":"2022-03-22T16:57:57","slug":"palestras-e-divulgacoes-marcam-o-dia-da-agua","status":"publish","type":"post","link":"https:\/\/jorgezanoni.com.br\/2019\/palestras-e-divulgacoes-marcam-o-dia-da-agua\/","title":{"rendered":"Palestras e divulga\u00e7\u00f5es marcam o Dia da \u00c1gua"},"content":{"rendered":"<p style=\"text-align: justify;\">Neste Dia Mundial da \u00c1gua, a EMDAEP faz divulga\u00e7\u00f5es de conscientiza\u00e7\u00e3o da comunidade na imprensa e redes sociais, al\u00e9m de dar continuidade \u00e0s palestras com alunos de escolas locais.<\/p>\n<p style=\"text-align: justify;\">Alunos da Emefi Professor Waldomiro Machado, classe da professora Geni Conde, estiveram nesta ter\u00e7a-feira no po\u00e7o e reservat\u00f3rio do Bairro S\u00e3o Francisco para conhecer a estrutura de abastecimento p\u00fablico. As orienta\u00e7\u00f5es foram passadas pelo presidente da EMDAEP, Guido Francisco Baggio e pela t\u00e9cnica em Qu\u00edmica, Maria Aparecida Pinheiro. As palestras s\u00e3o acompanhadas por integrantes da Diretoria de Meio Ambiente do munic\u00edpio.<\/p>\n<p style=\"text-align: justify;\">Os alunos receberam orienta\u00e7\u00f5es sobre como funciona o abastecimento em Dracena e formas de economizar \u00e1gua.<\/p>\n<p><img loading=\"lazy\" decoding=\"async\" class=\"alignnone size-full wp-image-61346\" src=\"https:\/\/jorgezanoni.com.br\/2019\/wp-content\/uploads\/2022\/03\/emda3.jpg\" alt=\"\" width=\"1024\" height=\"494\" srcset=\"https:\/\/jorgezanoni.com.br\/2019\/wp-content\/uploads\/2022\/03\/emda3.jpg 1024w, https:\/\/jorgezanoni.com.br\/2019\/wp-content\/uploads\/2022\/03\/emda3-300x145.jpg 300w, https:\/\/jorgezanoni.com.br\/2019\/wp-content\/uploads\/2022\/03\/emda3-768x371.jpg 768w, https:\/\/jorgezanoni.com.br\/2019\/wp-content\/uploads\/2022\/03\/emda3-696x336.jpg 696w, https:\/\/jorgezanoni.com.br\/2019\/wp-content\/uploads\/2022\/03\/emda3-871x420.jpg 871w\" sizes=\"auto, (max-width: 1024px) 100vw, 1024px\" \/> <img loading=\"lazy\" decoding=\"async\" class=\"alignnone size-full wp-image-61347\" src=\"https:\/\/jorgezanoni.com.br\/2019\/wp-content\/uploads\/2022\/03\/emda4.jpg\" alt=\"\" width=\"1024\" height=\"471\" srcset=\"https:\/\/jorgezanoni.com.br\/2019\/wp-content\/uploads\/2022\/03\/emda4.jpg 1024w, https:\/\/jorgezanoni.com.br\/2019\/wp-content\/uploads\/2022\/03\/emda4-300x138.jpg 300w, https:\/\/jorgezanoni.com.br\/2019\/wp-content\/uploads\/2022\/03\/emda4-768x353.jpg 768w, https:\/\/jorgezanoni.com.br\/2019\/wp-content\/uploads\/2022\/03\/emda4-696x320.jpg 696w, https:\/\/jorgezanoni.com.br\/2019\/wp-content\/uploads\/2022\/03\/emda4-913x420.jpg 913w\" sizes=\"auto, (max-width: 1024px) 100vw, 1024px\" \/> <img loading=\"lazy\" decoding=\"async\" class=\"alignnone size-full wp-image-61348\" src=\"https:\/\/jorgezanoni.com.br\/2019\/wp-content\/uploads\/2022\/03\/emda5.jpg\" alt=\"\" width=\"1024\" height=\"512\" srcset=\"https:\/\/jorgezanoni.com.br\/2019\/wp-content\/uploads\/2022\/03\/emda5.jpg 1024w, https:\/\/jorgezanoni.com.br\/2019\/wp-content\/uploads\/2022\/03\/emda5-300x150.jpg 300w, https:\/\/jorgezanoni.com.br\/2019\/wp-content\/uploads\/2022\/03\/emda5-768x384.jpg 768w, https:\/\/jorgezanoni.com.br\/2019\/wp-content\/uploads\/2022\/03\/emda5-696x348.jpg 696w, https:\/\/jorgezanoni.com.br\/2019\/wp-content\/uploads\/2022\/03\/emda5-840x420.jpg 840w\" sizes=\"auto, (max-width: 1024px) 100vw, 1024px\" \/> <img loading=\"lazy\" decoding=\"async\" class=\"alignnone size-full wp-image-61349\" src=\"https:\/\/jorgezanoni.com.br\/2019\/wp-content\/uploads\/2022\/03\/emda.jpg\" alt=\"\" width=\"1024\" height=\"584\" srcset=\"https:\/\/jorgezanoni.com.br\/2019\/wp-content\/uploads\/2022\/03\/emda.jpg 1024w, https:\/\/jorgezanoni.com.br\/2019\/wp-content\/uploads\/2022\/03\/emda-300x171.jpg 300w, https:\/\/jorgezanoni.com.br\/2019\/wp-content\/uploads\/2022\/03\/emda-768x438.jpg 768w, https:\/\/jorgezanoni.com.br\/2019\/wp-content\/uploads\/2022\/03\/emda-696x397.jpg 696w, https:\/\/jorgezanoni.com.br\/2019\/wp-content\/uploads\/2022\/03\/emda-736x420.jpg 736w\" sizes=\"auto, (max-width: 1024px) 100vw, 1024px\" \/> <img loading=\"lazy\" decoding=\"async\" class=\"alignnone size-full wp-image-61350\" src=\"https:\/\/jorgezanoni.com.br\/2019\/wp-content\/uploads\/2022\/03\/emda1.jpg\" alt=\"\" width=\"1024\" height=\"581\" srcset=\"https:\/\/jorgezanoni.com.br\/2019\/wp-content\/uploads\/2022\/03\/emda1.jpg 1024w, https:\/\/jorgezanoni.com.br\/2019\/wp-content\/uploads\/2022\/03\/emda1-300x170.jpg 300w, https:\/\/jorgezanoni.com.br\/2019\/wp-content\/uploads\/2022\/03\/emda1-768x436.jpg 768w, https:\/\/jorgezanoni.com.br\/2019\/wp-content\/uploads\/2022\/03\/emda1-696x395.jpg 696w, https:\/\/jorgezanoni.com.br\/2019\/wp-content\/uploads\/2022\/03\/emda1-740x420.jpg 740w\" sizes=\"auto, (max-width: 1024px) 100vw, 1024px\" \/>Ass. Rela\u00e7\u00f5es P\u00fablicas da EMDAEP<\/p>\n<p style=\"text-align: justify;\">No momento da visita dos alunos, este rep\u00f3rter entrevistou o Presidente da EMDAEP Guido Baggio. (Veja v\u00eddeo na p\u00e1gina https:\/\/www.facebook.com\/jorgezanonidracena)<\/p>\n<p style=\"text-align: justify;\">Jorge Zanoni<\/p>\n","protected":false},"excerpt":{"rendered":"<p>Neste Dia Mundial da \u00c1gua, a EMDAEP faz divulga\u00e7\u00f5es de conscientiza\u00e7\u00e3o da comunidade na imprensa e redes sociais, al\u00e9m de dar continuidade \u00e0s palestras com alunos de escolas locais. Alunos da Emefi Professor Waldomiro Machado, classe da professora Geni Conde, estiveram nesta ter\u00e7a-feira no po\u00e7o e reservat\u00f3rio do Bairro S\u00e3o Francisco para conhecer a estrutura [&hellip;]<\/p>\n","protected":false},"author":1,"featured_media":61345,"comment_status":"closed","ping_status":"open","sticky":false,"template":"","format":"standard","meta":{"footnotes":""},"categories":[176,110],"tags":[],"class_list":["post-61344","post","type-post","status-publish","format-standard","has-post-thumbnail","hentry","category-meioambienteeagricultura","category-noticiasdestaque"],"_links":{"self":[{"href":"https:\/\/jorgezanoni.com.br\/2019\/wp-json\/wp\/v2\/posts\/61344","targetHints":{"allow":["GET"]}}],"collection":[{"href":"https:\/\/jorgezanoni.com.br\/2019\/wp-json\/wp\/v2\/posts"}],"about":[{"href":"https:\/\/jorgezanoni.com.br\/2019\/wp-json\/wp\/v2\/types\/post"}],"author":[{"embeddable":true,"href":"https:\/\/jorgezanoni.com.br\/2019\/wp-json\/wp\/v2\/users\/1"}],"replies":[{"embeddable":true,"href":"https:\/\/jorgezanoni.com.br\/2019\/wp-json\/wp\/v2\/comments?post=61344"}],"version-history":[{"count":0,"href":"https:\/\/jorgezanoni.com.br\/2019\/wp-json\/wp\/v2\/posts\/61344\/revisions"}],"wp:featuredmedia":[{"embeddable":true,"href":"https:\/\/jorgezanoni.com.br\/2019\/wp-json\/wp\/v2\/media\/61345"}],"wp:attachment":[{"href":"https:\/\/jorgezanoni.com.br\/2019\/wp-json\/wp\/v2\/media?parent=61344"}],"wp:term":[{"taxonomy":"category","embeddable":true,"href":"https:\/\/jorgezanoni.com.br\/2019\/wp-json\/wp\/v2\/categories?post=61344"},{"taxonomy":"post_tag","embeddable":true,"href":"https:\/\/jorgezanoni.com.br\/2019\/wp-json\/wp\/v2\/tags?post=61344"}],"curies":[{"name":"wp","href":"https:\/\/api.w.org\/{rel}","templated":true}]}}