{"id":61341,"date":"2022-03-22T16:42:11","date_gmt":"2022-03-22T16:42:11","guid":{"rendered":"https:\/\/jorgezanoni.com.br\/2019\/?p=61341"},"modified":"2022-03-22T16:42:11","modified_gmt":"2022-03-22T16:42:11","slug":"aed-associacao-de-estudantes-de-dracena-elegera-nova-diretoria","status":"publish","type":"post","link":"https:\/\/jorgezanoni.com.br\/2019\/aed-associacao-de-estudantes-de-dracena-elegera-nova-diretoria\/","title":{"rendered":"AED &#8211; Associa\u00e7\u00e3o de Estudantes de Dracena eleger\u00e1 nova diretoria"},"content":{"rendered":"<p><strong>CONVOCA\u00c7\u00c3O PARA ASSEMBLEIA DA AED<\/strong><\/p>\n<p>No pr\u00f3ximo dia 02 de abril, acontece a partir das 19:30 Horas, Assembleia com a finalidade de busca de novos associados e forma\u00e7\u00e3o de nova diretoria da AED &#8211; Associa\u00e7\u00e3o de Estudantes de Dracena.<\/p>\n<p>Mesmo com 11 anos na ativa, n\u00e3o foi infelizmente, concedido o subs\u00eddio municipal para repasse aos alunos de Dracena que estudam em outras cidades.<\/p>\n<p>Ficam convocados todos os de Dracena a comparecer na referida Assembleia.<\/p>\n<p>Qualquer informa\u00e7\u00e3o pode ser obtida atrav\u00e9s do Cel. (18) 99803-4835 com Luana Biasi que est\u00e1 dispon\u00edvel para tirar d\u00favidas e o que se fizer necess\u00e1rio.<\/p>\n<p>Dracena, 22 de mar\u00e7o de 2.022<\/p>\n<p>Foto Ilustrativa da Pra\u00e7a dos Estudantes em Dracena<\/p>\n","protected":false},"excerpt":{"rendered":"<p>CONVOCA\u00c7\u00c3O PARA ASSEMBLEIA DA AED No pr\u00f3ximo dia 02 de abril, acontece a partir das 19:30 Horas, Assembleia com a finalidade de busca de novos associados e forma\u00e7\u00e3o de nova diretoria da AED &#8211; Associa\u00e7\u00e3o de Estudantes de Dracena. Mesmo com 11 anos na ativa, n\u00e3o foi infelizmente, concedido o subs\u00eddio municipal para repasse aos [&hellip;]<\/p>\n","protected":false},"author":1,"featured_media":61342,"comment_status":"closed","ping_status":"open","sticky":false,"template":"","format":"standard","meta":{"footnotes":""},"categories":[110,122],"tags":[],"class_list":["post-61341","post","type-post","status-publish","format-standard","has-post-thumbnail","hentry","category-noticiasdestaque","category-saudeeducacaoeconcurso"],"_links":{"self":[{"href":"https:\/\/jorgezanoni.com.br\/2019\/wp-json\/wp\/v2\/posts\/61341","targetHints":{"allow":["GET"]}}],"collection":[{"href":"https:\/\/jorgezanoni.com.br\/2019\/wp-json\/wp\/v2\/posts"}],"about":[{"href":"https:\/\/jorgezanoni.com.br\/2019\/wp-json\/wp\/v2\/types\/post"}],"author":[{"embeddable":true,"href":"https:\/\/jorgezanoni.com.br\/2019\/wp-json\/wp\/v2\/users\/1"}],"replies":[{"embeddable":true,"href":"https:\/\/jorgezanoni.com.br\/2019\/wp-json\/wp\/v2\/comments?post=61341"}],"version-history":[{"count":0,"href":"https:\/\/jorgezanoni.com.br\/2019\/wp-json\/wp\/v2\/posts\/61341\/revisions"}],"wp:featuredmedia":[{"embeddable":true,"href":"https:\/\/jorgezanoni.com.br\/2019\/wp-json\/wp\/v2\/media\/61342"}],"wp:attachment":[{"href":"https:\/\/jorgezanoni.com.br\/2019\/wp-json\/wp\/v2\/media?parent=61341"}],"wp:term":[{"taxonomy":"category","embeddable":true,"href":"https:\/\/jorgezanoni.com.br\/2019\/wp-json\/wp\/v2\/categories?post=61341"},{"taxonomy":"post_tag","embeddable":true,"href":"https:\/\/jorgezanoni.com.br\/2019\/wp-json\/wp\/v2\/tags?post=61341"}],"curies":[{"name":"wp","href":"https:\/\/api.w.org\/{rel}","templated":true}]}}