{"id":61338,"date":"2022-03-22T16:03:12","date_gmt":"2022-03-22T16:03:12","guid":{"rendered":"https:\/\/jorgezanoni.com.br\/2019\/?p=61338"},"modified":"2022-03-22T16:03:12","modified_gmt":"2022-03-22T16:03:12","slug":"moradores-espancam-acusado-de-furto-que-vai-a-obito-e-era-morador-de-junqueiropolis","status":"publish","type":"post","link":"https:\/\/jorgezanoni.com.br\/2019\/moradores-espancam-acusado-de-furto-que-vai-a-obito-e-era-morador-de-junqueiropolis\/","title":{"rendered":"Moradores espancam acusado de furto que vai a \u00f3bito, e era morador de Junqueir\u00f3polis"},"content":{"rendered":"<div class=\"kvgmc6g5 cxmmr5t8 oygrvhab hcukyx3x c1et5uql ii04i59q\">\n<div dir=\"auto\" style=\"text-align: justify;\">Washington Willian Alves Dias, 34 anos, n\u00e3o resistiu ao espancamento sofrido na tarde desta segunda-feira (21).<\/div>\n<\/div>\n<div class=\"cxmmr5t8 oygrvhab hcukyx3x c1et5uql o9v6fnle ii04i59q\" style=\"text-align: justify;\">\n<div dir=\"auto\">Ele tinha passagens pela pol\u00edcia por furto e roubo. Segundo informa\u00e7\u00f5es preliminares, o acusado teria invadido uma resid\u00eancia na Vila Messias no domingo (20), em Andradina.<\/div>\n<\/div>\n<div class=\"cxmmr5t8 oygrvhab hcukyx3x c1et5uql o9v6fnle ii04i59q\" style=\"text-align: justify;\">\n<div dir=\"auto\">Ao invadir nova resid\u00eancia na tarde desta segunda-feira (21), morador iniciou o contra ataque ao assaltante e foi acompanhado por outros moradores. Ele foi espancado at\u00e9 que chegou o resgate do Corpo de Bombeiros e o levou para a UPA, mas n\u00e3o resistiu aos ferimentos.<\/div>\n<\/div>\n<div class=\"cxmmr5t8 oygrvhab hcukyx3x c1et5uql o9v6fnle ii04i59q\" style=\"text-align: justify;\">\n<div dir=\"auto\">Whashington tinha 17 passagens pela pol\u00edcia, era natural de Junqueir\u00f3polis\/SP e seu \u00faltimo endere\u00e7o consta como morador na cidade de Selv\u00edria\/MS, estava de saidinha.<\/div>\n<\/div>\n<div class=\"cxmmr5t8 oygrvhab hcukyx3x c1et5uql o9v6fnle ii04i59q\">\n<div dir=\"auto\" style=\"text-align: justify;\">O morador foi levado para a Delegacia para prestar depoimento.<\/div>\n<div dir=\"auto\"><\/div>\n<div dir=\"auto\" style=\"text-align: justify;\">Fonte: Ag\u00eancia Mil Not\u00edcias<\/div>\n<\/div>\n","protected":false},"excerpt":{"rendered":"<p>Washington Willian Alves Dias, 34 anos, n\u00e3o resistiu ao espancamento sofrido na tarde desta segunda-feira (21). Ele tinha passagens pela pol\u00edcia por furto e roubo. Segundo informa\u00e7\u00f5es preliminares, o acusado teria invadido uma resid\u00eancia na Vila Messias no domingo (20), em Andradina. Ao invadir nova resid\u00eancia na tarde desta segunda-feira (21), morador iniciou o contra [&hellip;]<\/p>\n","protected":false},"author":1,"featured_media":61339,"comment_status":"closed","ping_status":"open","sticky":false,"template":"","format":"standard","meta":{"footnotes":""},"categories":[110,2],"tags":[],"class_list":["post-61338","post","type-post","status-publish","format-standard","has-post-thumbnail","hentry","category-noticiasdestaque","category-policial"],"_links":{"self":[{"href":"https:\/\/jorgezanoni.com.br\/2019\/wp-json\/wp\/v2\/posts\/61338","targetHints":{"allow":["GET"]}}],"collection":[{"href":"https:\/\/jorgezanoni.com.br\/2019\/wp-json\/wp\/v2\/posts"}],"about":[{"href":"https:\/\/jorgezanoni.com.br\/2019\/wp-json\/wp\/v2\/types\/post"}],"author":[{"embeddable":true,"href":"https:\/\/jorgezanoni.com.br\/2019\/wp-json\/wp\/v2\/users\/1"}],"replies":[{"embeddable":true,"href":"https:\/\/jorgezanoni.com.br\/2019\/wp-json\/wp\/v2\/comments?post=61338"}],"version-history":[{"count":0,"href":"https:\/\/jorgezanoni.com.br\/2019\/wp-json\/wp\/v2\/posts\/61338\/revisions"}],"wp:featuredmedia":[{"embeddable":true,"href":"https:\/\/jorgezanoni.com.br\/2019\/wp-json\/wp\/v2\/media\/61339"}],"wp:attachment":[{"href":"https:\/\/jorgezanoni.com.br\/2019\/wp-json\/wp\/v2\/media?parent=61338"}],"wp:term":[{"taxonomy":"category","embeddable":true,"href":"https:\/\/jorgezanoni.com.br\/2019\/wp-json\/wp\/v2\/categories?post=61338"},{"taxonomy":"post_tag","embeddable":true,"href":"https:\/\/jorgezanoni.com.br\/2019\/wp-json\/wp\/v2\/tags?post=61338"}],"curies":[{"name":"wp","href":"https:\/\/api.w.org\/{rel}","templated":true}]}}