{"id":61222,"date":"2022-03-20T17:51:46","date_gmt":"2022-03-20T17:51:46","guid":{"rendered":"https:\/\/jorgezanoni.com.br\/2019\/?p=61222"},"modified":"2022-03-20T17:51:46","modified_gmt":"2022-03-20T17:51:46","slug":"peao-morre-apos-cair-durante-prova-em-rodeio-e-ser-atingido-por-touro-em-indiana","status":"publish","type":"post","link":"https:\/\/jorgezanoni.com.br\/2019\/peao-morre-apos-cair-durante-prova-em-rodeio-e-ser-atingido-por-touro-em-indiana\/","title":{"rendered":"Pe\u00e3o morre ap\u00f3s cair durante prova em rodeio e ser atingido por touro, em Indiana"},"content":{"rendered":"<h2 class=\"content-head__subtitle\" style=\"text-align: justify;\"><strong>Corpo de Bombeiros informou que a v\u00edtima sofreu les\u00f5es na cabe\u00e7a e foi encaminhada \u00e0 Santa Casa de Martin\u00f3polis em parada cardiorrespirat\u00f3ria.<\/strong><\/h2>\n<div class=\"mc-column content-text active-extra-styles \" style=\"text-align: justify;\" data-block-type=\"unstyled\" data-block-weight=\"36\" data-block-id=\"2\">\n<p class=\"content-text__container \" data-track-category=\"Link no Texto\" data-track-links=\"\">Um pe\u00e3o, de 41 anos, morreu ap\u00f3s ser pisoteado por um touro em uma das provas do Rodeio Show, em\u00a0<a href=\"https:\/\/g1.globo.com\/sp\/presidente-prudente-regiao\/cidade\/indiana\/\">Indiana<\/a>\u00a0(SP), na noite deste s\u00e1bado (19). Era o \u00faltimo dia do evento organizado pela Prefeitura.<\/p>\n<\/div>\n<div class=\"wall protected-content\">\n<div class=\"mc-column content-text active-extra-styles \" style=\"text-align: justify;\" data-block-type=\"unstyled\" data-block-weight=\"41\" data-block-id=\"3\">\n<p class=\"content-text__container \" data-track-category=\"Link no Texto\" data-track-links=\"\">De acordo com informa\u00e7\u00f5es do Corpo de Bombeiros \u00e0\u00a0<strong>TV Fronteira<\/strong>, a ocorr\u00eancia foi registrada \u00e0s 23h26 e a v\u00edtima sofreu ferimentos na cabe\u00e7a. A corpora\u00e7\u00e3o socorreu o homem e o encaminhou \u00e0 Santa Casa de\u00a0<a href=\"https:\/\/g1.globo.com\/sp\/presidente-prudente-regiao\/cidade\/martinopolis-sp\/\">Martin\u00f3polis<\/a>\u00a0em parada cardiorrespirat\u00f3ria.<\/p>\n<\/div>\n<div class=\"mc-column content-text active-extra-styles \" data-block-type=\"unstyled\" data-block-weight=\"30\" data-block-id=\"4\">\n<p class=\"content-text__container \" style=\"text-align: justify;\" data-track-category=\"Link no Texto\" data-track-links=\"\">A Santa Casa informou que o homem recebeu os primeiros atendimentos na pr\u00f3pria arena, mas chegou ao Pronto-socorro da unidade j\u00e1 sem vida. A v\u00edtima \u00e9 moradora de Pirapozinho.<\/p>\n<div class=\"mc-column content-text active-extra-styles \" style=\"text-align: justify;\" data-block-type=\"unstyled\" data-block-weight=\"26\" data-block-id=\"6\">\n<p class=\"content-text__container \" data-track-category=\"Link no Texto\" data-track-links=\"\">A Pol\u00edcia Civil afirmou ao\u00a0<a href=\"https:\/\/g1.globo.com\/sp\/presidente-prudente-regiao\/\"><strong>g1\u00a0<\/strong><\/a>que um inqu\u00e9rito deve ser instaurado para apurar as circunst\u00e2ncias do acidente, bem como detalhes sobre a realiza\u00e7\u00e3o do evento.<\/p>\n<\/div>\n<div class=\"mc-column content-text active-extra-styles \" style=\"text-align: justify;\" data-block-type=\"unstyled\" data-block-weight=\"42\" data-block-id=\"7\">\n<p class=\"content-text__container \" data-track-category=\"Link no Texto\" data-track-links=\"\">O boletim de ocorr\u00eancia de natureza morte suspeita foi registrado em\u00a0<a href=\"https:\/\/g1.globo.com\/sp\/presidente-prudente-regiao\/cidade\/martinopolis-sp\/\">Martin\u00f3polis<\/a>\u00a0(SP). Conforme o documento, a v\u00edtima estava participando de prova de montaria, quando sofreu uma queda do animal e foi pisoteado por ele, o que lhe provocou diversas les\u00f5es.<\/p>\n<\/div>\n<div class=\"mc-column content-text active-extra-styles \" style=\"text-align: justify;\" data-block-type=\"unstyled\" data-block-weight=\"24\" data-block-id=\"8\">\n<p class=\"content-text__container \" data-track-category=\"Link no Texto\" data-track-links=\"\">A v\u00edtima foi socorrida no local pelo Corpo de Bombeiros e conduzida at\u00e9 a Santa Casa de\u00a0<a href=\"https:\/\/g1.globo.com\/sp\/presidente-prudente-regiao\/cidade\/martinopolis-sp\/\">Martin\u00f3polis<\/a>, onde j\u00e1 chegou sem vida.<\/p>\n<\/div>\n<div class=\"mc-column content-text active-extra-styles \" style=\"text-align: justify;\" data-block-type=\"unstyled\" data-block-weight=\"9\" data-block-id=\"9\">\n<p class=\"content-text__container \" data-track-category=\"Link no Texto\" data-track-links=\"\">Foi requisitado exame junto ao Instituto M\u00e9dico Legal (IML).<\/p>\n<\/div>\n<div class=\"mc-column content-text active-extra-styles\" style=\"text-align: justify;\" data-block-type=\"raw\" data-block-weight=\"1\" data-block-id=\"10\">\n<p class=\"content-text__container\">\n<div class=\"content-intertitle\">\n<h2>Evento<\/h2>\n<\/div>\n<p>&nbsp;<\/p>\n<\/div>\n<div class=\"mc-column content-text active-extra-styles \" style=\"text-align: justify;\" data-block-type=\"unstyled\" data-block-weight=\"38\" data-block-id=\"11\">\n<p class=\"content-text__container \" data-track-category=\"Link no Texto\" data-track-links=\"\">A Comiss\u00e3o do Rodeio informou que todo o evento estava legalizado, dentro das normas e com alvar\u00e1, bem como afirmou que todos os pe\u00f5es tinham seguro de vida, benef\u00edcio do INSS recolhido e termo de responsabilidade assinado.<\/p>\n<\/div>\n<div class=\"mc-column content-text active-extra-styles \" style=\"text-align: justify;\" data-block-type=\"unstyled\" data-block-weight=\"30\" data-block-id=\"12\">\n<p class=\"content-text__container \" data-track-category=\"Link no Texto\" data-track-links=\"\">Ainda segundo a comiss\u00e3o, o local das provas contava com equipe m\u00e9dica, bombeiros civis, seguran\u00e7as, entre outros profissionais de apoio. Ainda na arena foram prestados os primeiros socorros \u00e0 v\u00edtima.<\/p>\n<\/div>\n<div class=\"mc-column content-text active-extra-styles \" style=\"text-align: justify;\" data-block-type=\"unstyled\" data-block-weight=\"24\" data-block-id=\"13\">\n<p class=\"content-text__container \" data-track-category=\"Link no Texto\" data-track-links=\"\">Ainda segundo disse a comiss\u00e3o, o circuito do rodeio \u2013 pe\u00f5es e boiada \u2013 n\u00e3o era responsabilidade da Prefeitura, \u201cmas de uma empresa contratada\u201d.<\/p>\n<\/div>\n<div class=\"row medium-uncollapsed content-media content-photo\" data-block-type=\"backstage-photo\" data-block-id=\"14\">\n<div class=\"mc-column content-media__container\">\n<div class=\"content-media-container glb-skeleton-box\" style=\"text-align: justify;\">\n<figure class=\"content-media-figure\"><img decoding=\"async\" class=\"i-amphtml-fill-content i-amphtml-replaced-content\" src=\"https:\/\/s2.glbimg.com\/xWSuiV2WrcOaEU4Ha7mym-ZC9Bc=\/0x0:948x1080\/984x0\/smart\/filters:strip_icc()\/i.s3.glbimg.com\/v1\/AUTH_59edd422c0c84a879bd37670ae4f538a\/internal_photos\/bs\/2022\/v\/N\/cC5ypaRbe4Zluxa1cYJg\/aasasasasa.jpg\" sizes=\"(max-width: 1366px) 648px, 100vw\" srcset=\"https:\/\/s2.glbimg.com\/QoWDx8hI_Y4nVr9A4UANDf8Uj5M=\/0x0:948x1080\/1000x0\/smart\/filters:strip_icc()\/i.s3.glbimg.com\/v1\/AUTH_59edd422c0c84a879bd37670ae4f538a\/internal_photos\/bs\/2022\/v\/N\/cC5ypaRbe4Zluxa1cYJg\/aasasasasa.jpg 1000w, https:\/\/s2.glbimg.com\/xWSuiV2WrcOaEU4Ha7mym-ZC9Bc=\/0x0:948x1080\/984x0\/smart\/filters:strip_icc()\/i.s3.glbimg.com\/v1\/AUTH_59edd422c0c84a879bd37670ae4f538a\/internal_photos\/bs\/2022\/v\/N\/cC5ypaRbe4Zluxa1cYJg\/aasasasasa.jpg 984w, https:\/\/s2.glbimg.com\/ntlOefX-RQaUscX8qmr703x6uPM=\/0x0:948x1080\/640x0\/smart\/filters:strip_icc()\/i.s3.glbimg.com\/v1\/AUTH_59edd422c0c84a879bd37670ae4f538a\/internal_photos\/bs\/2022\/v\/N\/cC5ypaRbe4Zluxa1cYJg\/aasasasasa.jpg 640w, https:\/\/s2.glbimg.com\/8xaR_NhtuE4bkdjx7Huh-5Bjjas=\/0x0:948x1080\/600x0\/smart\/filters:strip_icc()\/i.s3.glbimg.com\/v1\/AUTH_59edd422c0c84a879bd37670ae4f538a\/internal_photos\/bs\/2022\/v\/N\/cC5ypaRbe4Zluxa1cYJg\/aasasasasa.jpg 600w\" alt=\"Respons\u00e1vel pelo circuito divulgou nas redes sociais uma nota de pesar sobre o ocorrido \u2014 Foto: Reprodu\u00e7\u00e3o\/Facebook \" \/><\/figure>\n<\/div>\n<p class=\"content-media__description \" style=\"text-align: justify;\">Respons\u00e1vel pelo circuito divulgou nas redes sociais uma nota de pesar sobre o ocorrido \u2014 Foto: Reprodu\u00e7\u00e3o\/Facebook<\/p>\n<div class=\"mc-column content-text active-extra-styles \" style=\"text-align: justify;\" data-block-type=\"unstyled\" data-block-weight=\"48\" data-block-id=\"16\">\n<p class=\"content-text__container \" data-track-category=\"Link no Texto\" data-track-links=\"\">A respons\u00e1vel pelo circuito divulgou nas redes sociais uma nota de pesar sobre o ocorrido, onde expressou &#8220;profundo pesar pelo falecimento do competidor M\u00e1rcio Barboza, o &#8220;Jip\u00e3o&#8221; de Pirapozinho (SP), competidor no Rodeio de\u00a0<a href=\"https:\/\/g1.globo.com\/sp\/presidente-prudente-regiao\/cidade\/indiana\/\">Indiana<\/a>, que, na \u00faltima noite, n\u00e3o resistiu ap\u00f3s uma queda durante a competi\u00e7\u00e3o&#8221;.<\/p>\n<\/div>\n<div class=\"mc-column content-text active-extra-styles \" style=\"text-align: justify;\" data-block-type=\"unstyled\" data-block-weight=\"36\" data-block-id=\"17\">\n<p class=\"content-text__container \" data-track-category=\"Link no Texto\" data-track-links=\"\">&#8220;Neste momento de dor, o Circuito EPShow Rodeo Bull se solidariza com seus familiares por meio dessa nota de pesar. Que Deus, em sua infinita miseric\u00f3rdia, conforte os cora\u00e7\u00f5es dos familiares e amigos&#8221;, diz a nota.<\/p>\n<\/div>\n<div class=\"mc-column content-text active-extra-styles \" style=\"text-align: justify;\" data-block-type=\"unstyled\" data-block-weight=\"62\" data-block-id=\"18\">\n<p class=\"content-text__container \" data-track-category=\"Link no Texto\" data-track-links=\"\">Eventos do tipo est\u00e3o previstos na Lei n\u00ba 13.364, de 29 de novembro de 2016. O texto inclui o la\u00e7o, bem como as respectivas express\u00f5es art\u00edsticas e esportivas, como manifesta\u00e7\u00e3o cultural nacional, eleva essas atividades \u00e0 condi\u00e7\u00e3o de bem de natureza imaterial integrante do patrim\u00f4nio cultural brasileiro e disp\u00f5e sobre as modalidades esportivas equestres tradicionais e sobre a prote\u00e7\u00e3o ao bem-estar animal.<\/p>\n<\/div>\n<div class=\"row medium-uncollapsed content-media content-photo\" data-block-type=\"backstage-photo\" data-block-id=\"19\">\n<div class=\"mc-column content-media__container\">\n<div class=\"content-media-container glb-skeleton-box\" style=\"text-align: justify;\">\n<figure class=\"content-media-figure\"><img decoding=\"async\" class=\"i-amphtml-fill-content i-amphtml-replaced-content\" src=\"https:\/\/s2.glbimg.com\/XTn_058gUVEPsDGT6GnYnVI3QW0=\/0x0:868x1080\/984x0\/smart\/filters:strip_icc()\/i.s3.glbimg.com\/v1\/AUTH_59edd422c0c84a879bd37670ae4f538a\/internal_photos\/bs\/2022\/1\/M\/vpRe8JStCA6LulV6cdyQ\/adadad.jpg\" sizes=\"(max-width: 1366px) 648px, 100vw\" srcset=\"https:\/\/s2.glbimg.com\/hQgwFoqeOA0bvCOR0ysevOhDYBE=\/0x0:868x1080\/1000x0\/smart\/filters:strip_icc()\/i.s3.glbimg.com\/v1\/AUTH_59edd422c0c84a879bd37670ae4f538a\/internal_photos\/bs\/2022\/1\/M\/vpRe8JStCA6LulV6cdyQ\/adadad.jpg 1000w, https:\/\/s2.glbimg.com\/XTn_058gUVEPsDGT6GnYnVI3QW0=\/0x0:868x1080\/984x0\/smart\/filters:strip_icc()\/i.s3.glbimg.com\/v1\/AUTH_59edd422c0c84a879bd37670ae4f538a\/internal_photos\/bs\/2022\/1\/M\/vpRe8JStCA6LulV6cdyQ\/adadad.jpg 984w, https:\/\/s2.glbimg.com\/Q3ECHbPeosUNrWoAoGsiZildIDA=\/0x0:868x1080\/640x0\/smart\/filters:strip_icc()\/i.s3.glbimg.com\/v1\/AUTH_59edd422c0c84a879bd37670ae4f538a\/internal_photos\/bs\/2022\/1\/M\/vpRe8JStCA6LulV6cdyQ\/adadad.jpg 640w, https:\/\/s2.glbimg.com\/C_5yb9RK_tcGsSa6gJLJD958iKM=\/0x0:868x1080\/600x0\/smart\/filters:strip_icc()\/i.s3.glbimg.com\/v1\/AUTH_59edd422c0c84a879bd37670ae4f538a\/internal_photos\/bs\/2022\/1\/M\/vpRe8JStCA6LulV6cdyQ\/adadad.jpg 600w\" alt=\"Pe\u00e3o caiu de touro e n\u00e3o resistiu \u00e0s les\u00f5es \u2014 Foto: Reprodu\u00e7\u00e3o\/Redes sociais\" \/><\/figure>\n<\/div>\n<p class=\"content-media__description \" style=\"text-align: justify;\">Pe\u00e3o caiu de touro e n\u00e3o resistiu \u00e0s les\u00f5es \u2014 Foto: Reprodu\u00e7\u00e3o\/Redes sociais<\/p>\n<p style=\"text-align: justify;\">Fonte: G1<\/p>\n<p style=\"text-align: justify;\">Comp. Jorge Zanoni<\/p>\n<\/div>\n<\/div>\n<\/div>\n<\/div>\n<\/div>\n<\/div>\n","protected":false},"excerpt":{"rendered":"<p>Corpo de Bombeiros informou que a v\u00edtima sofreu les\u00f5es na cabe\u00e7a e foi encaminhada \u00e0 Santa Casa de Martin\u00f3polis em parada cardiorrespirat\u00f3ria. Um pe\u00e3o, de 41 anos, morreu ap\u00f3s ser pisoteado por um touro em uma das provas do Rodeio Show, em\u00a0Indiana\u00a0(SP), na noite deste s\u00e1bado (19). Era o \u00faltimo dia do evento organizado pela [&hellip;]<\/p>\n","protected":false},"author":1,"featured_media":61223,"comment_status":"closed","ping_status":"open","sticky":false,"template":"","format":"standard","meta":{"footnotes":""},"categories":[170,110],"tags":[],"class_list":["post-61222","post","type-post","status-publish","format-standard","has-post-thumbnail","hentry","category-acidentes","category-noticiasdestaque"],"_links":{"self":[{"href":"https:\/\/jorgezanoni.com.br\/2019\/wp-json\/wp\/v2\/posts\/61222","targetHints":{"allow":["GET"]}}],"collection":[{"href":"https:\/\/jorgezanoni.com.br\/2019\/wp-json\/wp\/v2\/posts"}],"about":[{"href":"https:\/\/jorgezanoni.com.br\/2019\/wp-json\/wp\/v2\/types\/post"}],"author":[{"embeddable":true,"href":"https:\/\/jorgezanoni.com.br\/2019\/wp-json\/wp\/v2\/users\/1"}],"replies":[{"embeddable":true,"href":"https:\/\/jorgezanoni.com.br\/2019\/wp-json\/wp\/v2\/comments?post=61222"}],"version-history":[{"count":0,"href":"https:\/\/jorgezanoni.com.br\/2019\/wp-json\/wp\/v2\/posts\/61222\/revisions"}],"wp:featuredmedia":[{"embeddable":true,"href":"https:\/\/jorgezanoni.com.br\/2019\/wp-json\/wp\/v2\/media\/61223"}],"wp:attachment":[{"href":"https:\/\/jorgezanoni.com.br\/2019\/wp-json\/wp\/v2\/media?parent=61222"}],"wp:term":[{"taxonomy":"category","embeddable":true,"href":"https:\/\/jorgezanoni.com.br\/2019\/wp-json\/wp\/v2\/categories?post=61222"},{"taxonomy":"post_tag","embeddable":true,"href":"https:\/\/jorgezanoni.com.br\/2019\/wp-json\/wp\/v2\/tags?post=61222"}],"curies":[{"name":"wp","href":"https:\/\/api.w.org\/{rel}","templated":true}]}}