{"id":61154,"date":"2022-03-19T21:05:40","date_gmt":"2022-03-19T21:05:40","guid":{"rendered":"https:\/\/jorgezanoni.com.br\/2019\/?p=61154"},"modified":"2022-03-19T21:16:56","modified_gmt":"2022-03-19T21:16:56","slug":"carreta-com-carga-de-raspas-de-madeira-tomba-em-trecho-da-rodovia-da-integracao-em-tupi-paulista","status":"publish","type":"post","link":"https:\/\/jorgezanoni.com.br\/2019\/carreta-com-carga-de-raspas-de-madeira-tomba-em-trecho-da-rodovia-da-integracao-em-tupi-paulista\/","title":{"rendered":"Carreta com carga de raspas de madeira tomba em trecho da Rodovia da Integra\u00e7\u00e3o, em Tupi Paulista"},"content":{"rendered":"<h2 class=\"content-head__subtitle\" style=\"text-align: justify;\"><strong>Motorista, de 41 anos, que conduzia o ve\u00edculo na manh\u00e3 deste s\u00e1bado (19), foi socorrido com ferimentos leves e encaminhado a uma unidade de sa\u00fade para receber cuidados m\u00e9dicos.<\/strong><\/h2>\n<div class=\"mc-column content-text active-extra-styles \" style=\"text-align: justify;\" data-block-type=\"unstyled\" data-block-weight=\"37\" data-block-id=\"2\">\n<p class=\"content-text__container \" data-track-category=\"Link no Texto\" data-track-links=\"\">Uma carreta que transportava uma carga de raspas de madeira tombou na manh\u00e3 deste s\u00e1bado (19) na altura do km 135 da Rodovia General Euclides de Oliveira Figueiredo (SP-563), a Rodovia da Integra\u00e7\u00e3o, em\u00a0<a href=\"https:\/\/g1.globo.com\/sp\/presidente-prudente-regiao\/cidade\/tupi-paulista\/\">Tupi Paulista<\/a>\u00a0(SP).<\/p>\n<\/div>\n<div class=\"wall protected-content\">\n<div class=\"mc-column content-text active-extra-styles \" style=\"text-align: justify;\" data-block-type=\"unstyled\" data-block-weight=\"25\" data-block-id=\"3\">\n<p class=\"content-text__container \" data-track-category=\"Link no Texto\" data-track-links=\"\">O motorista, de 41 anos, que dirigia o ve\u00edculo, sofreu ferimentos leves e foi encaminhado ao Pronto Atendimento de\u00a0<a href=\"https:\/\/g1.globo.com\/sp\/presidente-prudente-regiao\/cidade\/tupi-paulista\/\">Tupi Paulista<\/a>\u00a0para receber cuidados m\u00e9dicos.<\/p>\n<\/div>\n<div class=\"mc-column content-text active-extra-styles \" style=\"text-align: justify;\" data-block-type=\"unstyled\" data-block-weight=\"33\" data-block-id=\"4\">\n<p class=\"content-text__container \" data-track-category=\"Link no Texto\" data-track-links=\"\">De acordo com as informa\u00e7\u00f5es repassadas pela Pol\u00edcia Militar Rodovi\u00e1ria, o acidente de tr\u00e2nsito ocorreu por volta das 9h30, quando a carreta tombou no acostamento e a carga espalhou-se por parte da via.<\/p>\n<\/div>\n<div class=\"mc-column content-text active-extra-styles \" data-block-type=\"unstyled\" data-block-weight=\"26\" data-block-id=\"5\">\n<p class=\"content-text__container \" style=\"text-align: justify;\" data-track-category=\"Link no Texto\" data-track-links=\"\">Ainda segundo a pol\u00edcia, a carreta permaneceu no local at\u00e9 a posterior remo\u00e7\u00e3o, mas o tr\u00e2nsito segue normalmente pelo trecho, com sinaliza\u00e7\u00e3o para orienta\u00e7\u00e3o dos condutores.<\/p>\n<p style=\"text-align: justify;\" data-track-category=\"Link no Texto\" data-track-links=\"\">Fonte: G1 Foto: PMR.<\/p>\n<p data-track-category=\"Link no Texto\" data-track-links=\"\">Comp. Jorge Zanoni<\/p>\n<\/div>\n<\/div>\n","protected":false},"excerpt":{"rendered":"<p>Motorista, de 41 anos, que conduzia o ve\u00edculo na manh\u00e3 deste s\u00e1bado (19), foi socorrido com ferimentos leves e encaminhado a uma unidade de sa\u00fade para receber cuidados m\u00e9dicos. Uma carreta que transportava uma carga de raspas de madeira tombou na manh\u00e3 deste s\u00e1bado (19) na altura do km 135 da Rodovia General Euclides de [&hellip;]<\/p>\n","protected":false},"author":1,"featured_media":61155,"comment_status":"closed","ping_status":"open","sticky":false,"template":"","format":"standard","meta":{"footnotes":""},"categories":[170,110],"tags":[],"class_list":["post-61154","post","type-post","status-publish","format-standard","has-post-thumbnail","hentry","category-acidentes","category-noticiasdestaque"],"_links":{"self":[{"href":"https:\/\/jorgezanoni.com.br\/2019\/wp-json\/wp\/v2\/posts\/61154","targetHints":{"allow":["GET"]}}],"collection":[{"href":"https:\/\/jorgezanoni.com.br\/2019\/wp-json\/wp\/v2\/posts"}],"about":[{"href":"https:\/\/jorgezanoni.com.br\/2019\/wp-json\/wp\/v2\/types\/post"}],"author":[{"embeddable":true,"href":"https:\/\/jorgezanoni.com.br\/2019\/wp-json\/wp\/v2\/users\/1"}],"replies":[{"embeddable":true,"href":"https:\/\/jorgezanoni.com.br\/2019\/wp-json\/wp\/v2\/comments?post=61154"}],"version-history":[{"count":0,"href":"https:\/\/jorgezanoni.com.br\/2019\/wp-json\/wp\/v2\/posts\/61154\/revisions"}],"wp:featuredmedia":[{"embeddable":true,"href":"https:\/\/jorgezanoni.com.br\/2019\/wp-json\/wp\/v2\/media\/61155"}],"wp:attachment":[{"href":"https:\/\/jorgezanoni.com.br\/2019\/wp-json\/wp\/v2\/media?parent=61154"}],"wp:term":[{"taxonomy":"category","embeddable":true,"href":"https:\/\/jorgezanoni.com.br\/2019\/wp-json\/wp\/v2\/categories?post=61154"},{"taxonomy":"post_tag","embeddable":true,"href":"https:\/\/jorgezanoni.com.br\/2019\/wp-json\/wp\/v2\/tags?post=61154"}],"curies":[{"name":"wp","href":"https:\/\/api.w.org\/{rel}","templated":true}]}}