{"id":61147,"date":"2022-03-19T20:47:47","date_gmt":"2022-03-19T20:47:47","guid":{"rendered":"https:\/\/jorgezanoni.com.br\/2019\/?p=61147"},"modified":"2022-03-19T20:47:47","modified_gmt":"2022-03-19T20:47:47","slug":"colisao-traseira-entre-carretas-foi-registrada-na-sp-563","status":"publish","type":"post","link":"https:\/\/jorgezanoni.com.br\/2019\/colisao-traseira-entre-carretas-foi-registrada-na-sp-563\/","title":{"rendered":"Colis\u00e3o traseira entre carretas foi registrada na SP-563"},"content":{"rendered":"<p style=\"text-align: justify;\"><strong>Acidente foi na Rodovia General Euclides de Oliveira Figueiredo, SP-563, no trecho de Tupi Paulista.<\/strong><\/p>\n<p style=\"text-align: justify;\">Por volta de 16:00 Horas de ontem (18), foi registrado um acidente do tipo colis\u00e3o traseira, entre duas carretas da mesma empresa, na SP-563, nas proximidades do trevo que d\u00e1 acesso a Nova Guataporanga.<\/p>\n<p style=\"text-align: justify;\">Segundo informa\u00e7\u00f5es obtidas pela reportagem do Site JZ, uma Van branca que fazia o sentido Andradina a Presidente Venceslau, freou bruscamente para adentrar um posto de combust\u00edveis. A primeira carreta acabou freando para n\u00e3o bater, quando a segunda carreta atingiu a traseira da outra.<\/p>\n<p style=\"text-align: justify;\">O motorista da segunda carreta que teve a cabine totalmente destru\u00eddo, ficou presos nas ferragens, por\u00e9m foi retirado e n\u00e3o necessitou de socorro.<\/p>\n<p style=\"text-align: justify;\">A Pol\u00edcia Militar de Tupi Paulista e a Pol\u00edcia Militar Rodovi\u00e1ria base operacional de Adamantina estiveram no local.<\/p>\n<p><img loading=\"lazy\" decoding=\"async\" class=\"alignnone size-full wp-image-61148\" src=\"https:\/\/jorgezanoni.com.br\/2019\/wp-content\/uploads\/2022\/03\/tupi-2.jpg\" alt=\"\" width=\"651\" height=\"648\" srcset=\"https:\/\/jorgezanoni.com.br\/2019\/wp-content\/uploads\/2022\/03\/tupi-2.jpg 651w, https:\/\/jorgezanoni.com.br\/2019\/wp-content\/uploads\/2022\/03\/tupi-2-300x300.jpg 300w, https:\/\/jorgezanoni.com.br\/2019\/wp-content\/uploads\/2022\/03\/tupi-2-150x150.jpg 150w, https:\/\/jorgezanoni.com.br\/2019\/wp-content\/uploads\/2022\/03\/tupi-2-422x420.jpg 422w\" sizes=\"auto, (max-width: 651px) 100vw, 651px\" \/> <img loading=\"lazy\" decoding=\"async\" class=\"alignnone size-full wp-image-61150\" src=\"https:\/\/jorgezanoni.com.br\/2019\/wp-content\/uploads\/2022\/03\/tupi2-2.jpg\" alt=\"\" width=\"599\" height=\"470\" srcset=\"https:\/\/jorgezanoni.com.br\/2019\/wp-content\/uploads\/2022\/03\/tupi2-2.jpg 599w, https:\/\/jorgezanoni.com.br\/2019\/wp-content\/uploads\/2022\/03\/tupi2-2-300x235.jpg 300w, https:\/\/jorgezanoni.com.br\/2019\/wp-content\/uploads\/2022\/03\/tupi2-2-535x420.jpg 535w\" sizes=\"auto, (max-width: 599px) 100vw, 599px\" \/> <img loading=\"lazy\" decoding=\"async\" class=\"alignnone size-full wp-image-61151\" src=\"https:\/\/jorgezanoni.com.br\/2019\/wp-content\/uploads\/2022\/03\/tupi3-2.jpg\" alt=\"\" width=\"607\" height=\"602\" srcset=\"https:\/\/jorgezanoni.com.br\/2019\/wp-content\/uploads\/2022\/03\/tupi3-2.jpg 607w, https:\/\/jorgezanoni.com.br\/2019\/wp-content\/uploads\/2022\/03\/tupi3-2-300x298.jpg 300w, https:\/\/jorgezanoni.com.br\/2019\/wp-content\/uploads\/2022\/03\/tupi3-2-150x150.jpg 150w, https:\/\/jorgezanoni.com.br\/2019\/wp-content\/uploads\/2022\/03\/tupi3-2-423x420.jpg 423w\" sizes=\"auto, (max-width: 607px) 100vw, 607px\" \/><\/p>\n<p style=\"text-align: justify;\">Jorge Zanoni<\/p>\n<p style=\"text-align: justify;\">Fotos de Internauta<\/p>\n<p>&nbsp;<\/p>\n<p>&nbsp;<\/p>\n<p>&nbsp;<\/p>\n","protected":false},"excerpt":{"rendered":"<p>Acidente foi na Rodovia General Euclides de Oliveira Figueiredo, SP-563, no trecho de Tupi Paulista. Por volta de 16:00 Horas de ontem (18), foi registrado um acidente do tipo colis\u00e3o traseira, entre duas carretas da mesma empresa, na SP-563, nas proximidades do trevo que d\u00e1 acesso a Nova Guataporanga. Segundo informa\u00e7\u00f5es obtidas pela reportagem do [&hellip;]<\/p>\n","protected":false},"author":1,"featured_media":61149,"comment_status":"closed","ping_status":"open","sticky":false,"template":"","format":"standard","meta":{"footnotes":""},"categories":[170,110],"tags":[],"class_list":["post-61147","post","type-post","status-publish","format-standard","has-post-thumbnail","hentry","category-acidentes","category-noticiasdestaque"],"_links":{"self":[{"href":"https:\/\/jorgezanoni.com.br\/2019\/wp-json\/wp\/v2\/posts\/61147","targetHints":{"allow":["GET"]}}],"collection":[{"href":"https:\/\/jorgezanoni.com.br\/2019\/wp-json\/wp\/v2\/posts"}],"about":[{"href":"https:\/\/jorgezanoni.com.br\/2019\/wp-json\/wp\/v2\/types\/post"}],"author":[{"embeddable":true,"href":"https:\/\/jorgezanoni.com.br\/2019\/wp-json\/wp\/v2\/users\/1"}],"replies":[{"embeddable":true,"href":"https:\/\/jorgezanoni.com.br\/2019\/wp-json\/wp\/v2\/comments?post=61147"}],"version-history":[{"count":0,"href":"https:\/\/jorgezanoni.com.br\/2019\/wp-json\/wp\/v2\/posts\/61147\/revisions"}],"wp:featuredmedia":[{"embeddable":true,"href":"https:\/\/jorgezanoni.com.br\/2019\/wp-json\/wp\/v2\/media\/61149"}],"wp:attachment":[{"href":"https:\/\/jorgezanoni.com.br\/2019\/wp-json\/wp\/v2\/media?parent=61147"}],"wp:term":[{"taxonomy":"category","embeddable":true,"href":"https:\/\/jorgezanoni.com.br\/2019\/wp-json\/wp\/v2\/categories?post=61147"},{"taxonomy":"post_tag","embeddable":true,"href":"https:\/\/jorgezanoni.com.br\/2019\/wp-json\/wp\/v2\/tags?post=61147"}],"curies":[{"name":"wp","href":"https:\/\/api.w.org\/{rel}","templated":true}]}}