{"id":61141,"date":"2022-03-19T19:57:53","date_gmt":"2022-03-19T19:57:53","guid":{"rendered":"https:\/\/jorgezanoni.com.br\/2019\/?p=61141"},"modified":"2022-03-19T19:57:53","modified_gmt":"2022-03-19T19:57:53","slug":"pequenos-furtos-estao-ocorrendo-com-frequencia-no-florindo-tabacchi-em-dracena","status":"publish","type":"post","link":"https:\/\/jorgezanoni.com.br\/2019\/pequenos-furtos-estao-ocorrendo-com-frequencia-no-florindo-tabacchi-em-dracena\/","title":{"rendered":"Pequenos furtos est\u00e3o ocorrendo com frequ\u00eancia no Florindo Tabacchi em Dracena"},"content":{"rendered":"<p style=\"text-align: justify;\"><strong>Moradores do Conjunto Habitacional Florindo Tabacchi, rec\u00e9m inaugurado, est\u00e3o revoltados com o n\u00famero de furtos ocorridos naquele bairro.<\/strong><\/p>\n<p style=\"text-align: justify;\">Segundo eles, al\u00e9m de alguns outros tipos de ocorr\u00eancias, foram furtados de algumas Betoneiras e especialmente nesta madrugada conforme mostram as fotos, os fios de extens\u00e3o que ligam a m\u00e1quina at\u00e9 a resid\u00eancia. Este fato ocorreu na Rua Jos\u00e9 Tossato, 811.<\/p>\n<p style=\"text-align: justify;\">Os mun\u00edcipes andam preocupados com a situa\u00e7\u00e3o e clamam por maior seguran\u00e7a.<\/p>\n<p><img loading=\"lazy\" decoding=\"async\" class=\"alignnone size-full wp-image-61142\" src=\"https:\/\/jorgezanoni.com.br\/2019\/wp-content\/uploads\/2022\/03\/beto.jpg\" alt=\"\" width=\"958\" height=\"1280\" srcset=\"https:\/\/jorgezanoni.com.br\/2019\/wp-content\/uploads\/2022\/03\/beto.jpg 958w, https:\/\/jorgezanoni.com.br\/2019\/wp-content\/uploads\/2022\/03\/beto-225x300.jpg 225w, https:\/\/jorgezanoni.com.br\/2019\/wp-content\/uploads\/2022\/03\/beto-766x1024.jpg 766w, https:\/\/jorgezanoni.com.br\/2019\/wp-content\/uploads\/2022\/03\/beto-768x1026.jpg 768w, https:\/\/jorgezanoni.com.br\/2019\/wp-content\/uploads\/2022\/03\/beto-696x930.jpg 696w, https:\/\/jorgezanoni.com.br\/2019\/wp-content\/uploads\/2022\/03\/beto-314x420.jpg 314w\" sizes=\"auto, (max-width: 958px) 100vw, 958px\" \/> <img loading=\"lazy\" decoding=\"async\" class=\"alignnone size-full wp-image-61144\" src=\"https:\/\/jorgezanoni.com.br\/2019\/wp-content\/uploads\/2022\/03\/beto2.jpg\" alt=\"\" width=\"958\" height=\"1280\" srcset=\"https:\/\/jorgezanoni.com.br\/2019\/wp-content\/uploads\/2022\/03\/beto2.jpg 958w, https:\/\/jorgezanoni.com.br\/2019\/wp-content\/uploads\/2022\/03\/beto2-225x300.jpg 225w, https:\/\/jorgezanoni.com.br\/2019\/wp-content\/uploads\/2022\/03\/beto2-766x1024.jpg 766w, https:\/\/jorgezanoni.com.br\/2019\/wp-content\/uploads\/2022\/03\/beto2-768x1026.jpg 768w, https:\/\/jorgezanoni.com.br\/2019\/wp-content\/uploads\/2022\/03\/beto2-696x930.jpg 696w, https:\/\/jorgezanoni.com.br\/2019\/wp-content\/uploads\/2022\/03\/beto2-314x420.jpg 314w\" sizes=\"auto, (max-width: 958px) 100vw, 958px\" \/> <img loading=\"lazy\" decoding=\"async\" class=\"alignnone size-full wp-image-61145\" src=\"https:\/\/jorgezanoni.com.br\/2019\/wp-content\/uploads\/2022\/03\/beto3.jpg\" alt=\"\" width=\"958\" height=\"1280\" srcset=\"https:\/\/jorgezanoni.com.br\/2019\/wp-content\/uploads\/2022\/03\/beto3.jpg 958w, https:\/\/jorgezanoni.com.br\/2019\/wp-content\/uploads\/2022\/03\/beto3-225x300.jpg 225w, https:\/\/jorgezanoni.com.br\/2019\/wp-content\/uploads\/2022\/03\/beto3-766x1024.jpg 766w, https:\/\/jorgezanoni.com.br\/2019\/wp-content\/uploads\/2022\/03\/beto3-768x1026.jpg 768w, https:\/\/jorgezanoni.com.br\/2019\/wp-content\/uploads\/2022\/03\/beto3-696x930.jpg 696w, https:\/\/jorgezanoni.com.br\/2019\/wp-content\/uploads\/2022\/03\/beto3-314x420.jpg 314w\" sizes=\"auto, (max-width: 958px) 100vw, 958px\" \/><\/p>\n<p style=\"text-align: justify;\">Jorge Zanoni<\/p>\n<p style=\"text-align: justify;\">Fotos de Internauta<\/p>\n<p>&nbsp;<\/p>\n<p>&nbsp;<\/p>\n","protected":false},"excerpt":{"rendered":"<p>Moradores do Conjunto Habitacional Florindo Tabacchi, rec\u00e9m inaugurado, est\u00e3o revoltados com o n\u00famero de furtos ocorridos naquele bairro. Segundo eles, al\u00e9m de alguns outros tipos de ocorr\u00eancias, foram furtados de algumas Betoneiras e especialmente nesta madrugada conforme mostram as fotos, os fios de extens\u00e3o que ligam a m\u00e1quina at\u00e9 a resid\u00eancia. Este fato ocorreu na [&hellip;]<\/p>\n","protected":false},"author":1,"featured_media":61143,"comment_status":"closed","ping_status":"open","sticky":false,"template":"","format":"standard","meta":{"footnotes":""},"categories":[110,2],"tags":[],"class_list":["post-61141","post","type-post","status-publish","format-standard","has-post-thumbnail","hentry","category-noticiasdestaque","category-policial"],"_links":{"self":[{"href":"https:\/\/jorgezanoni.com.br\/2019\/wp-json\/wp\/v2\/posts\/61141","targetHints":{"allow":["GET"]}}],"collection":[{"href":"https:\/\/jorgezanoni.com.br\/2019\/wp-json\/wp\/v2\/posts"}],"about":[{"href":"https:\/\/jorgezanoni.com.br\/2019\/wp-json\/wp\/v2\/types\/post"}],"author":[{"embeddable":true,"href":"https:\/\/jorgezanoni.com.br\/2019\/wp-json\/wp\/v2\/users\/1"}],"replies":[{"embeddable":true,"href":"https:\/\/jorgezanoni.com.br\/2019\/wp-json\/wp\/v2\/comments?post=61141"}],"version-history":[{"count":0,"href":"https:\/\/jorgezanoni.com.br\/2019\/wp-json\/wp\/v2\/posts\/61141\/revisions"}],"wp:featuredmedia":[{"embeddable":true,"href":"https:\/\/jorgezanoni.com.br\/2019\/wp-json\/wp\/v2\/media\/61143"}],"wp:attachment":[{"href":"https:\/\/jorgezanoni.com.br\/2019\/wp-json\/wp\/v2\/media?parent=61141"}],"wp:term":[{"taxonomy":"category","embeddable":true,"href":"https:\/\/jorgezanoni.com.br\/2019\/wp-json\/wp\/v2\/categories?post=61141"},{"taxonomy":"post_tag","embeddable":true,"href":"https:\/\/jorgezanoni.com.br\/2019\/wp-json\/wp\/v2\/tags?post=61141"}],"curies":[{"name":"wp","href":"https:\/\/api.w.org\/{rel}","templated":true}]}}