{"id":61135,"date":"2022-03-19T19:00:31","date_gmt":"2022-03-19T19:00:31","guid":{"rendered":"https:\/\/jorgezanoni.com.br\/2019\/?p=61135"},"modified":"2022-03-19T19:01:14","modified_gmt":"2022-03-19T19:01:14","slug":"policia-civil-esclarece-sequencia-de-furtos-ocorridos-em-residencias-em-pauliceia","status":"publish","type":"post","link":"https:\/\/jorgezanoni.com.br\/2019\/policia-civil-esclarece-sequencia-de-furtos-ocorridos-em-residencias-em-pauliceia\/","title":{"rendered":"Pol\u00edcia Civil esclarece sequ\u00eancia de furtos ocorridos em resid\u00eancias em Paulic\u00e9ia"},"content":{"rendered":"<p style=\"text-align: justify;\">Os casos de furtos foram registrados entre os dias 16 e 17. Tr\u00eas im\u00f3veis residenciais foram alvos de arrombamentos e tiveram diversos objetos subtra\u00eddos.<\/p>\n<p style=\"text-align: justify;\">A Pol\u00edcia Civil, por interm\u00e9dio da Delegacia de Pol\u00edcia de Paulic\u00e9ia, esclareceu nesta sexta-feira (18), uma s\u00e9rie de furtos em resid\u00eancias que foram registrados entre quarta (16) e quinta-feira (17), bem como recuperou parte dos objetos que foram subtra\u00eddos das casas. Dois suspeitos foram indiciados pela pr\u00e1tica do crime de furto qualificado.<\/p>\n<p style=\"text-align: justify;\">Os trabalhos investigativos para esclarecimento, identifica\u00e7\u00e3o e recupera\u00e7\u00e3o dos objetos come\u00e7aram assim que os boletins de ocorr\u00eancias foram registrados na Unidade Policial. Agentes do setor de investiga\u00e7\u00e3o empreenderam v\u00e1rias diligencias, que culminaram na identifica\u00e7\u00e3o de dois indiv\u00edduos suspeitos, com idades de 21 e 39 anos, que ap\u00f3s serem apresentados na Delegacia de Pol\u00edcia, para prestarem declara\u00e7\u00f5es, acabaram confessando serem eles os autores dos delitos.<\/p>\n<p style=\"text-align: justify;\">A dupla escolhia como alvo casas cujos moradores estavam ausentes, e aproveitando desta situa\u00e7\u00e3o, adentravam mediante arrombamento nos im\u00f3veis e subtra\u00edam diversos objetos.<\/p>\n<p style=\"text-align: justify;\">A Pol\u00edcia Civil recuperou parte dos objetos levados, sendo apreendido: um botij\u00e3o de g\u00e1s, um motor de geladeira e cinco panelas de cozinha em alum\u00ednio. Tais objetos foram restitu\u00eddos \u00e0s respectivas v\u00edtimas.<\/p>\n<p style=\"text-align: justify;\">Por n\u00e3o haver situa\u00e7\u00e3o flagrancial, os acusados foram liberados ap\u00f3s serem ouvidos e responder\u00e3o aos crimes em liberdade. As dilig\u00eancias ter\u00e3o prosseguimento visando recuperar o restante dos objetos furtados e a verifica\u00e7\u00e3o da participa\u00e7\u00e3o de poss\u00edveis receptadores.<\/p>\n<p style=\"text-align: justify;\">O suspeito de 21 anos j\u00e1 possui antecedente criminal por crime de tentativa de homic\u00eddio, e j\u00e1 outro de 39 anos tem apontamentos criminais pelos crimes de embriaguez ao volante e furto.<\/p>\n<p><img loading=\"lazy\" decoding=\"async\" class=\"alignnone size-full wp-image-61136\" src=\"https:\/\/jorgezanoni.com.br\/2019\/wp-content\/uploads\/2022\/03\/Pau.jpg\" alt=\"\" width=\"1600\" height=\"1002\" srcset=\"https:\/\/jorgezanoni.com.br\/2019\/wp-content\/uploads\/2022\/03\/Pau.jpg 1600w, https:\/\/jorgezanoni.com.br\/2019\/wp-content\/uploads\/2022\/03\/Pau-300x188.jpg 300w, https:\/\/jorgezanoni.com.br\/2019\/wp-content\/uploads\/2022\/03\/Pau-1024x641.jpg 1024w, https:\/\/jorgezanoni.com.br\/2019\/wp-content\/uploads\/2022\/03\/Pau-768x481.jpg 768w, https:\/\/jorgezanoni.com.br\/2019\/wp-content\/uploads\/2022\/03\/Pau-1536x962.jpg 1536w, https:\/\/jorgezanoni.com.br\/2019\/wp-content\/uploads\/2022\/03\/Pau-696x436.jpg 696w, https:\/\/jorgezanoni.com.br\/2019\/wp-content\/uploads\/2022\/03\/Pau-1068x669.jpg 1068w, https:\/\/jorgezanoni.com.br\/2019\/wp-content\/uploads\/2022\/03\/Pau-671x420.jpg 671w\" sizes=\"auto, (max-width: 1600px) 100vw, 1600px\" \/>Fonte: Com. Social Pol\u00edcia Civil<\/p>\n","protected":false},"excerpt":{"rendered":"<p>Os casos de furtos foram registrados entre os dias 16 e 17. Tr\u00eas im\u00f3veis residenciais foram alvos de arrombamentos e tiveram diversos objetos subtra\u00eddos. A Pol\u00edcia Civil, por interm\u00e9dio da Delegacia de Pol\u00edcia de Paulic\u00e9ia, esclareceu nesta sexta-feira (18), uma s\u00e9rie de furtos em resid\u00eancias que foram registrados entre quarta (16) e quinta-feira (17), bem [&hellip;]<\/p>\n","protected":false},"author":1,"featured_media":61137,"comment_status":"closed","ping_status":"open","sticky":false,"template":"","format":"standard","meta":{"footnotes":""},"categories":[110,2],"tags":[],"class_list":["post-61135","post","type-post","status-publish","format-standard","has-post-thumbnail","hentry","category-noticiasdestaque","category-policial"],"_links":{"self":[{"href":"https:\/\/jorgezanoni.com.br\/2019\/wp-json\/wp\/v2\/posts\/61135","targetHints":{"allow":["GET"]}}],"collection":[{"href":"https:\/\/jorgezanoni.com.br\/2019\/wp-json\/wp\/v2\/posts"}],"about":[{"href":"https:\/\/jorgezanoni.com.br\/2019\/wp-json\/wp\/v2\/types\/post"}],"author":[{"embeddable":true,"href":"https:\/\/jorgezanoni.com.br\/2019\/wp-json\/wp\/v2\/users\/1"}],"replies":[{"embeddable":true,"href":"https:\/\/jorgezanoni.com.br\/2019\/wp-json\/wp\/v2\/comments?post=61135"}],"version-history":[{"count":0,"href":"https:\/\/jorgezanoni.com.br\/2019\/wp-json\/wp\/v2\/posts\/61135\/revisions"}],"wp:featuredmedia":[{"embeddable":true,"href":"https:\/\/jorgezanoni.com.br\/2019\/wp-json\/wp\/v2\/media\/61137"}],"wp:attachment":[{"href":"https:\/\/jorgezanoni.com.br\/2019\/wp-json\/wp\/v2\/media?parent=61135"}],"wp:term":[{"taxonomy":"category","embeddable":true,"href":"https:\/\/jorgezanoni.com.br\/2019\/wp-json\/wp\/v2\/categories?post=61135"},{"taxonomy":"post_tag","embeddable":true,"href":"https:\/\/jorgezanoni.com.br\/2019\/wp-json\/wp\/v2\/tags?post=61135"}],"curies":[{"name":"wp","href":"https:\/\/api.w.org\/{rel}","templated":true}]}}