{"id":61111,"date":"2022-03-18T16:33:19","date_gmt":"2022-03-18T16:33:19","guid":{"rendered":"https:\/\/jorgezanoni.com.br\/2019\/?p=61111"},"modified":"2022-03-18T16:33:19","modified_gmt":"2022-03-18T16:33:19","slug":"covisa-comunica-obrigatoriedade-do-uso-de-mascaras-em-farmacias-de-sao-paulo","status":"publish","type":"post","link":"https:\/\/jorgezanoni.com.br\/2019\/covisa-comunica-obrigatoriedade-do-uso-de-mascaras-em-farmacias-de-sao-paulo\/","title":{"rendered":"Covisa comunica obrigatoriedade do uso de m\u00e1scaras em farm\u00e1cias de S\u00e3o Paulo"},"content":{"rendered":"<p style=\"text-align: justify;\">S\u00e3o Paulo, 18 de mar\u00e7o de 2022<\/p>\n<p style=\"text-align: justify;\">A Coordenaria de Vigil\u00e2ncia em Sa\u00fade\u00a0(Covisa) do munic\u00edpio de S\u00e3o Paulo comunicou na manh\u00e3 desta sexta-feira, 18 de mar\u00e7o, que segue obrigat\u00f3rio o uso de m\u00e1scaras nas farm\u00e1cias da capital.<\/p>\n<p style=\"text-align: justify;\">O comunicado foi realizado via e-mail encaminhado a entidades ligadas \u00e0 sa\u00fade, como o CRF-SP, pela assessora t\u00e9cnica do N\u00facleo de Vigil\u00e2ncia de Medicamentos, Dra. Tatiana Oliveira da Silva:<\/p>\n<p style=\"text-align: justify;\"><em>\u201cEm atendimento ao exposto nos regulamentos: Decreto n\u00ba 61.149, de 17 de mar\u00e7o de 2022 (municipal) e Decreto n\u00ba 66.575, de 17 de mar\u00e7o de 2022 (estadual),\u00a0<strong>que determina o uso de m\u00e1scaras de prote\u00e7\u00e3o facial em locais destinados \u00e0 presta\u00e7\u00e3o de servi\u00e7os de sa\u00fade<\/strong>, assim como as defini\u00e7\u00f5es estabelecidas na Lei n\u00ba 13.021, de 08 de agosto de 2014, que em seu artigo estabelece que:<\/em><\/p>\n<p class=\"artigo\" style=\"text-align: justify;\"><em>Art. 3\u00ba Farm\u00e1cia \u00e9 uma\u00a0<strong>unidade de presta\u00e7\u00e3o de servi\u00e7os<\/strong>\u00a0destinada a prestar assist\u00eancia farmac\u00eautica, assist\u00eancia \u00e0 sa\u00fade e orienta\u00e7\u00e3o sanit\u00e1ria individual e coletiva, na qual se processe a manipula\u00e7\u00e3o e\/ou dispensa\u00e7\u00e3o de medicamentos magistrais, oficinais, farmacopeicos ou industrializados, cosm\u00e9ticos, insumos farmac\u00eauticos, produtos farmac\u00eauticos e correlatos. (Grifo Nosso)<\/em><\/p>\n<p class=\"artigo\" style=\"text-align: justify;\"><em>Par\u00e1grafo \u00fanico. As farm\u00e1cias ser\u00e3o classificadas segundo sua natureza como:<\/em><\/p>\n<p class=\"artigo\" style=\"text-align: justify;\"><em>I &#8211; farm\u00e1cia sem manipula\u00e7\u00e3o ou drogaria: estabelecimento de dispensa\u00e7\u00e3o e com\u00e9rcio de drogas, medicamentos, insumos farmac\u00eauticos e correlatos em suas embalagens originais;<\/em><\/p>\n<p class=\"artigo\" style=\"text-align: justify;\"><em>II &#8211; farm\u00e1cia com manipula\u00e7\u00e3o: estabelecimento de manipula\u00e7\u00e3o de f\u00f3rmulas magistrais e oficinais, de com\u00e9rcio de drogas, medicamentos, insumos farmac\u00eauticos e correlatos, compreendendo o de dispensa\u00e7\u00e3o e o de atendimento privativo de unidade hospitalar ou de qualquer outra equivalente de assist\u00eancia m\u00e9dica.<\/em><\/p>\n<p style=\"text-align: justify;\"><em>Diante do exposto acima, informamos que o uso de m\u00e1scaras dentro de farm\u00e1cias e drogarias continua\u00a0<strong>obrigat\u00f3rio<\/strong>.\u201d<\/em><\/p>\n<p style=\"text-align: justify;\">O CRF-SP j\u00e1 havia se posicionado de forma semelhante no dia 17 de mar\u00e7o, quinta-feira, quando foi publicado o Decreto Estadual n\u00ba 66.575\/22 (<a href=\"https:\/\/bit.ly\/3IkrTvU\">https:\/\/bit.ly\/3IkrTvU<\/a>). O pronunciamento do CRF-SP pode ser conferido nas publica\u00e7\u00f5es divulgadas nas redes sociais da entidade:<\/p>\n<p><img loading=\"lazy\" decoding=\"async\" class=\"alignnone size-full wp-image-61112\" src=\"https:\/\/jorgezanoni.com.br\/2019\/wp-content\/uploads\/2022\/03\/crf.jpg\" alt=\"\" width=\"580\" height=\"705\" srcset=\"https:\/\/jorgezanoni.com.br\/2019\/wp-content\/uploads\/2022\/03\/crf.jpg 580w, https:\/\/jorgezanoni.com.br\/2019\/wp-content\/uploads\/2022\/03\/crf-247x300.jpg 247w, https:\/\/jorgezanoni.com.br\/2019\/wp-content\/uploads\/2022\/03\/crf-346x420.jpg 346w\" sizes=\"auto, (max-width: 580px) 100vw, 580px\" \/><\/p>\n<p><strong>Fonte: Departamento de Comunica\u00e7\u00e3o CRF-SP<\/strong><\/p>\n","protected":false},"excerpt":{"rendered":"<p>S\u00e3o Paulo, 18 de mar\u00e7o de 2022 A Coordenaria de Vigil\u00e2ncia em Sa\u00fade\u00a0(Covisa) do munic\u00edpio de S\u00e3o Paulo comunicou na manh\u00e3 desta sexta-feira, 18 de mar\u00e7o, que segue obrigat\u00f3rio o uso de m\u00e1scaras nas farm\u00e1cias da capital. O comunicado foi realizado via e-mail encaminhado a entidades ligadas \u00e0 sa\u00fade, como o CRF-SP, pela assessora t\u00e9cnica [&hellip;]<\/p>\n","protected":false},"author":1,"featured_media":61113,"comment_status":"closed","ping_status":"open","sticky":false,"template":"","format":"standard","meta":{"footnotes":""},"categories":[110,122],"tags":[],"class_list":["post-61111","post","type-post","status-publish","format-standard","has-post-thumbnail","hentry","category-noticiasdestaque","category-saudeeducacaoeconcurso"],"_links":{"self":[{"href":"https:\/\/jorgezanoni.com.br\/2019\/wp-json\/wp\/v2\/posts\/61111","targetHints":{"allow":["GET"]}}],"collection":[{"href":"https:\/\/jorgezanoni.com.br\/2019\/wp-json\/wp\/v2\/posts"}],"about":[{"href":"https:\/\/jorgezanoni.com.br\/2019\/wp-json\/wp\/v2\/types\/post"}],"author":[{"embeddable":true,"href":"https:\/\/jorgezanoni.com.br\/2019\/wp-json\/wp\/v2\/users\/1"}],"replies":[{"embeddable":true,"href":"https:\/\/jorgezanoni.com.br\/2019\/wp-json\/wp\/v2\/comments?post=61111"}],"version-history":[{"count":0,"href":"https:\/\/jorgezanoni.com.br\/2019\/wp-json\/wp\/v2\/posts\/61111\/revisions"}],"wp:featuredmedia":[{"embeddable":true,"href":"https:\/\/jorgezanoni.com.br\/2019\/wp-json\/wp\/v2\/media\/61113"}],"wp:attachment":[{"href":"https:\/\/jorgezanoni.com.br\/2019\/wp-json\/wp\/v2\/media?parent=61111"}],"wp:term":[{"taxonomy":"category","embeddable":true,"href":"https:\/\/jorgezanoni.com.br\/2019\/wp-json\/wp\/v2\/categories?post=61111"},{"taxonomy":"post_tag","embeddable":true,"href":"https:\/\/jorgezanoni.com.br\/2019\/wp-json\/wp\/v2\/tags?post=61111"}],"curies":[{"name":"wp","href":"https:\/\/api.w.org\/{rel}","templated":true}]}}