{"id":6110,"date":"2019-09-13T16:28:28","date_gmt":"2019-09-13T16:28:28","guid":{"rendered":"https:\/\/jorgezanoni.com.br\/2019\/?p=6110"},"modified":"2019-09-13T16:28:28","modified_gmt":"2019-09-13T16:28:28","slug":"policia-civil-localiza-faca-utilizada-na-morte-de-mulher-em-adamantina","status":"publish","type":"post","link":"https:\/\/jorgezanoni.com.br\/2019\/policia-civil-localiza-faca-utilizada-na-morte-de-mulher-em-adamantina\/","title":{"rendered":"Pol\u00edcia Civil localiza faca utilizada na morte de mulher em Adamantina"},"content":{"rendered":"<p style=\"text-align: justify;\">Na manh\u00e3 desta sexta (13), a Pol\u00edcia Civil de Adamantina, em continuidade das investiga\u00e7\u00f5es sobre o Feminic\u00eddio ocorrido na cidade, encontrou a arma (faca) utilizada na pr\u00e1tica do referido delito.<\/p>\n<p><img loading=\"lazy\" decoding=\"async\" class=\"alignnone size-full wp-image-6112\" src=\"https:\/\/jorgezanoni.com.br\/2019\/wp-content\/uploads\/2019\/09\/faca1-1.jpg\" alt=\"\" width=\"622\" height=\"522\" srcset=\"https:\/\/jorgezanoni.com.br\/2019\/wp-content\/uploads\/2019\/09\/faca1-1.jpg 622w, https:\/\/jorgezanoni.com.br\/2019\/wp-content\/uploads\/2019\/09\/faca1-1-300x252.jpg 300w, https:\/\/jorgezanoni.com.br\/2019\/wp-content\/uploads\/2019\/09\/faca1-1-500x420.jpg 500w\" sizes=\"auto, (max-width: 622px) 100vw, 622px\" \/><\/p>\n<p style=\"text-align: justify;\">As equipes de investiga\u00e7\u00e3o das Delegacias especializadas DDM, DIG e DISE, lograram \u00eaxito em localizar o objeto nas proximidades do local dos fatos. A faca estava escondida em uma \u00e1rea verde e disposta entre a vegeta\u00e7\u00e3o do local.<\/p>\n<p style=\"text-align: justify;\">Ap\u00f3s a localiza\u00e7\u00e3o e identifica\u00e7\u00e3o do objeto, a \u00e1rea em que se encontrava foi isolada e acionada a Pol\u00edcia Cient\u00edfica. Ap\u00f3s a per\u00edcia preliminar no local, o objeto ser\u00e1 devidamente acondicionado e apreendido para realiza\u00e7\u00e3o de exames periciais complementares, que ir\u00e3o compor o bojo do Inqu\u00e9rito Policial que investiga o caso.<\/p>\n<p style=\"text-align: justify;\">Fonte: AdamantinaNet<\/p>\n","protected":false},"excerpt":{"rendered":"<p>Na manh\u00e3 desta sexta (13), a Pol\u00edcia Civil de Adamantina, em continuidade das investiga\u00e7\u00f5es sobre o Feminic\u00eddio ocorrido na cidade, encontrou a arma (faca) utilizada na pr\u00e1tica do referido delito. As equipes de investiga\u00e7\u00e3o das Delegacias especializadas DDM, DIG e DISE, lograram \u00eaxito em localizar o objeto nas proximidades do local dos fatos. A faca [&hellip;]<\/p>\n","protected":false},"author":1,"featured_media":6113,"comment_status":"closed","ping_status":"open","sticky":false,"template":"","format":"standard","meta":{"footnotes":""},"categories":[110,2],"tags":[],"class_list":["post-6110","post","type-post","status-publish","format-standard","has-post-thumbnail","hentry","category-noticiasdestaque","category-policial"],"_links":{"self":[{"href":"https:\/\/jorgezanoni.com.br\/2019\/wp-json\/wp\/v2\/posts\/6110","targetHints":{"allow":["GET"]}}],"collection":[{"href":"https:\/\/jorgezanoni.com.br\/2019\/wp-json\/wp\/v2\/posts"}],"about":[{"href":"https:\/\/jorgezanoni.com.br\/2019\/wp-json\/wp\/v2\/types\/post"}],"author":[{"embeddable":true,"href":"https:\/\/jorgezanoni.com.br\/2019\/wp-json\/wp\/v2\/users\/1"}],"replies":[{"embeddable":true,"href":"https:\/\/jorgezanoni.com.br\/2019\/wp-json\/wp\/v2\/comments?post=6110"}],"version-history":[{"count":0,"href":"https:\/\/jorgezanoni.com.br\/2019\/wp-json\/wp\/v2\/posts\/6110\/revisions"}],"wp:featuredmedia":[{"embeddable":true,"href":"https:\/\/jorgezanoni.com.br\/2019\/wp-json\/wp\/v2\/media\/6113"}],"wp:attachment":[{"href":"https:\/\/jorgezanoni.com.br\/2019\/wp-json\/wp\/v2\/media?parent=6110"}],"wp:term":[{"taxonomy":"category","embeddable":true,"href":"https:\/\/jorgezanoni.com.br\/2019\/wp-json\/wp\/v2\/categories?post=6110"},{"taxonomy":"post_tag","embeddable":true,"href":"https:\/\/jorgezanoni.com.br\/2019\/wp-json\/wp\/v2\/tags?post=6110"}],"curies":[{"name":"wp","href":"https:\/\/api.w.org\/{rel}","templated":true}]}}