{"id":61080,"date":"2022-03-18T12:08:48","date_gmt":"2022-03-18T12:08:48","guid":{"rendered":"https:\/\/jorgezanoni.com.br\/2019\/?p=61080"},"modified":"2022-03-18T12:08:48","modified_gmt":"2022-03-18T12:08:48","slug":"falecimentos-18-03-22","status":"publish","type":"post","link":"https:\/\/jorgezanoni.com.br\/2019\/falecimentos-18-03-22\/","title":{"rendered":"Falecimentos 18\/03\/22"},"content":{"rendered":"<p>Dami\u00e3o Geraldo de Oliveira, Dirceu Rodrigues (Thi\u00f3) e L\u00facia Marsson Senedez.<\/p>\n<p><img loading=\"lazy\" decoding=\"async\" class=\"alignnone size-full wp-image-61081\" src=\"https:\/\/jorgezanoni.com.br\/2019\/wp-content\/uploads\/2022\/03\/z-Damiao.jpg\" alt=\"\" width=\"1280\" height=\"1279\" srcset=\"https:\/\/jorgezanoni.com.br\/2019\/wp-content\/uploads\/2022\/03\/z-Damiao.jpg 1280w, https:\/\/jorgezanoni.com.br\/2019\/wp-content\/uploads\/2022\/03\/z-Damiao-300x300.jpg 300w, https:\/\/jorgezanoni.com.br\/2019\/wp-content\/uploads\/2022\/03\/z-Damiao-1024x1024.jpg 1024w, https:\/\/jorgezanoni.com.br\/2019\/wp-content\/uploads\/2022\/03\/z-Damiao-150x150.jpg 150w, https:\/\/jorgezanoni.com.br\/2019\/wp-content\/uploads\/2022\/03\/z-Damiao-768x767.jpg 768w, https:\/\/jorgezanoni.com.br\/2019\/wp-content\/uploads\/2022\/03\/z-Damiao-696x695.jpg 696w, https:\/\/jorgezanoni.com.br\/2019\/wp-content\/uploads\/2022\/03\/z-Damiao-1068x1067.jpg 1068w, https:\/\/jorgezanoni.com.br\/2019\/wp-content\/uploads\/2022\/03\/z-Damiao-420x420.jpg 420w\" sizes=\"auto, (max-width: 1280px) 100vw, 1280px\" \/> <img loading=\"lazy\" decoding=\"async\" class=\"alignnone size-full wp-image-61083\" src=\"https:\/\/jorgezanoni.com.br\/2019\/wp-content\/uploads\/2022\/03\/z-Lucia.jpg\" alt=\"\" width=\"1280\" height=\"1279\" srcset=\"https:\/\/jorgezanoni.com.br\/2019\/wp-content\/uploads\/2022\/03\/z-Lucia.jpg 1280w, https:\/\/jorgezanoni.com.br\/2019\/wp-content\/uploads\/2022\/03\/z-Lucia-300x300.jpg 300w, https:\/\/jorgezanoni.com.br\/2019\/wp-content\/uploads\/2022\/03\/z-Lucia-1024x1024.jpg 1024w, https:\/\/jorgezanoni.com.br\/2019\/wp-content\/uploads\/2022\/03\/z-Lucia-150x150.jpg 150w, https:\/\/jorgezanoni.com.br\/2019\/wp-content\/uploads\/2022\/03\/z-Lucia-768x767.jpg 768w, https:\/\/jorgezanoni.com.br\/2019\/wp-content\/uploads\/2022\/03\/z-Lucia-696x695.jpg 696w, https:\/\/jorgezanoni.com.br\/2019\/wp-content\/uploads\/2022\/03\/z-Lucia-1068x1067.jpg 1068w, https:\/\/jorgezanoni.com.br\/2019\/wp-content\/uploads\/2022\/03\/z-Lucia-420x420.jpg 420w\" sizes=\"auto, (max-width: 1280px) 100vw, 1280px\" \/><\/p>\n","protected":false},"excerpt":{"rendered":"<p>Dami\u00e3o Geraldo de Oliveira, Dirceu Rodrigues (Thi\u00f3) e L\u00facia Marsson Senedez.<\/p>\n","protected":false},"author":1,"featured_media":61082,"comment_status":"closed","ping_status":"open","sticky":false,"template":"","format":"standard","meta":{"footnotes":""},"categories":[178],"tags":[],"class_list":["post-61080","post","type-post","status-publish","format-standard","has-post-thumbnail","hentry","category-notadefalecimento"],"_links":{"self":[{"href":"https:\/\/jorgezanoni.com.br\/2019\/wp-json\/wp\/v2\/posts\/61080","targetHints":{"allow":["GET"]}}],"collection":[{"href":"https:\/\/jorgezanoni.com.br\/2019\/wp-json\/wp\/v2\/posts"}],"about":[{"href":"https:\/\/jorgezanoni.com.br\/2019\/wp-json\/wp\/v2\/types\/post"}],"author":[{"embeddable":true,"href":"https:\/\/jorgezanoni.com.br\/2019\/wp-json\/wp\/v2\/users\/1"}],"replies":[{"embeddable":true,"href":"https:\/\/jorgezanoni.com.br\/2019\/wp-json\/wp\/v2\/comments?post=61080"}],"version-history":[{"count":0,"href":"https:\/\/jorgezanoni.com.br\/2019\/wp-json\/wp\/v2\/posts\/61080\/revisions"}],"wp:featuredmedia":[{"embeddable":true,"href":"https:\/\/jorgezanoni.com.br\/2019\/wp-json\/wp\/v2\/media\/61082"}],"wp:attachment":[{"href":"https:\/\/jorgezanoni.com.br\/2019\/wp-json\/wp\/v2\/media?parent=61080"}],"wp:term":[{"taxonomy":"category","embeddable":true,"href":"https:\/\/jorgezanoni.com.br\/2019\/wp-json\/wp\/v2\/categories?post=61080"},{"taxonomy":"post_tag","embeddable":true,"href":"https:\/\/jorgezanoni.com.br\/2019\/wp-json\/wp\/v2\/tags?post=61080"}],"curies":[{"name":"wp","href":"https:\/\/api.w.org\/{rel}","templated":true}]}}