{"id":61046,"date":"2022-03-17T15:45:46","date_gmt":"2022-03-17T15:45:46","guid":{"rendered":"https:\/\/jorgezanoni.com.br\/2019\/?p=61046"},"modified":"2022-03-17T15:45:46","modified_gmt":"2022-03-17T15:45:46","slug":"policia-civil-prende-procurado-da-justica-em-junqueiropolis","status":"publish","type":"post","link":"https:\/\/jorgezanoni.com.br\/2019\/policia-civil-prende-procurado-da-justica-em-junqueiropolis\/","title":{"rendered":"Pol\u00edcia Civil prende procurado da Justi\u00e7a em Junqueir\u00f3polis"},"content":{"rendered":"<p style=\"text-align: justify;\">A Pol\u00edcia Civil, por interm\u00e9dio da Delegacia de Pol\u00edcia de Junqueir\u00f3polis, prendeu um homem de 43 anos, na manh\u00e3 desta quinta-feira (17), que estava procurado pela Justi\u00e7a. Contra ele reca\u00eda um mandado de pris\u00e3o expedido pelo Ju\u00edzo da Vara \u00danica da Comarca, daquele munic\u00edpio.<\/p>\n<p style=\"text-align: justify;\">A pris\u00e3o ocorreu durante a\u00e7\u00e3o de pol\u00edcia judici\u00e1ria realizada por policiais civis do setor de investiga\u00e7\u00f5es, da Delegacia de Pol\u00edcia de Junqueir\u00f3polis, e no momento da deten\u00e7\u00e3o o homem n\u00e3o ofereceu resist\u00eancia. A condena\u00e7\u00e3o em senten\u00e7a definitiva \u00e9 de 7 meses de reclus\u00e3o em regime semiaberto, pelo delito de desacato.<\/p>\n<p style=\"text-align: justify;\">Ap\u00f3s os tr\u00e2mites dos procedimentos cab\u00edveis, o homem foi transferido para cadeia de Dracena, onde aguardar\u00e1 a audi\u00eancia de cust\u00f3dia, para posterior encaminhamento ao sistema prisional. O procurado j\u00e1 possui antecedentes criminais pelos crimes de desacato, furto, homic\u00eddio e roubo.<\/p>\n<p style=\"text-align: justify;\">Fonte: Com. Social Pol\u00edcia Civil<\/p>\n","protected":false},"excerpt":{"rendered":"<p>A Pol\u00edcia Civil, por interm\u00e9dio da Delegacia de Pol\u00edcia de Junqueir\u00f3polis, prendeu um homem de 43 anos, na manh\u00e3 desta quinta-feira (17), que estava procurado pela Justi\u00e7a. Contra ele reca\u00eda um mandado de pris\u00e3o expedido pelo Ju\u00edzo da Vara \u00danica da Comarca, daquele munic\u00edpio. A pris\u00e3o ocorreu durante a\u00e7\u00e3o de pol\u00edcia judici\u00e1ria realizada por policiais [&hellip;]<\/p>\n","protected":false},"author":1,"featured_media":61047,"comment_status":"closed","ping_status":"open","sticky":false,"template":"","format":"standard","meta":{"footnotes":""},"categories":[110,2],"tags":[],"class_list":["post-61046","post","type-post","status-publish","format-standard","has-post-thumbnail","hentry","category-noticiasdestaque","category-policial"],"_links":{"self":[{"href":"https:\/\/jorgezanoni.com.br\/2019\/wp-json\/wp\/v2\/posts\/61046","targetHints":{"allow":["GET"]}}],"collection":[{"href":"https:\/\/jorgezanoni.com.br\/2019\/wp-json\/wp\/v2\/posts"}],"about":[{"href":"https:\/\/jorgezanoni.com.br\/2019\/wp-json\/wp\/v2\/types\/post"}],"author":[{"embeddable":true,"href":"https:\/\/jorgezanoni.com.br\/2019\/wp-json\/wp\/v2\/users\/1"}],"replies":[{"embeddable":true,"href":"https:\/\/jorgezanoni.com.br\/2019\/wp-json\/wp\/v2\/comments?post=61046"}],"version-history":[{"count":0,"href":"https:\/\/jorgezanoni.com.br\/2019\/wp-json\/wp\/v2\/posts\/61046\/revisions"}],"wp:featuredmedia":[{"embeddable":true,"href":"https:\/\/jorgezanoni.com.br\/2019\/wp-json\/wp\/v2\/media\/61047"}],"wp:attachment":[{"href":"https:\/\/jorgezanoni.com.br\/2019\/wp-json\/wp\/v2\/media?parent=61046"}],"wp:term":[{"taxonomy":"category","embeddable":true,"href":"https:\/\/jorgezanoni.com.br\/2019\/wp-json\/wp\/v2\/categories?post=61046"},{"taxonomy":"post_tag","embeddable":true,"href":"https:\/\/jorgezanoni.com.br\/2019\/wp-json\/wp\/v2\/tags?post=61046"}],"curies":[{"name":"wp","href":"https:\/\/api.w.org\/{rel}","templated":true}]}}