{"id":61022,"date":"2022-03-17T15:11:20","date_gmt":"2022-03-17T15:11:20","guid":{"rendered":"https:\/\/jorgezanoni.com.br\/2019\/?p=61022"},"modified":"2022-03-17T15:11:20","modified_gmt":"2022-03-17T15:11:20","slug":"aniversariantes-do-dia-17-03-22","status":"publish","type":"post","link":"https:\/\/jorgezanoni.com.br\/2019\/aniversariantes-do-dia-17-03-22\/","title":{"rendered":"Aniversariantes do Dia 17\/03\/22"},"content":{"rendered":"<p>PARABENIZAMOS OS ANIVERSARIANTES DE HOJE:<\/p>\n<p><img loading=\"lazy\" decoding=\"async\" class=\"alignnone size-full wp-image-61023\" src=\"https:\/\/jorgezanoni.com.br\/2019\/wp-content\/uploads\/2022\/03\/Acurcio-Alfredo-Gomes-2.jpg\" alt=\"\" width=\"306\" height=\"292\" srcset=\"https:\/\/jorgezanoni.com.br\/2019\/wp-content\/uploads\/2022\/03\/Acurcio-Alfredo-Gomes-2.jpg 306w, https:\/\/jorgezanoni.com.br\/2019\/wp-content\/uploads\/2022\/03\/Acurcio-Alfredo-Gomes-2-300x286.jpg 300w\" sizes=\"auto, (max-width: 306px) 100vw, 306px\" \/>Ac\u00farcio Alfredo Gomes<\/p>\n<p><img loading=\"lazy\" decoding=\"async\" class=\"alignnone size-full wp-image-61024\" src=\"https:\/\/jorgezanoni.com.br\/2019\/wp-content\/uploads\/2022\/03\/Adilson-Antonio-Garcia-2.jpg\" alt=\"\" width=\"687\" height=\"884\" srcset=\"https:\/\/jorgezanoni.com.br\/2019\/wp-content\/uploads\/2022\/03\/Adilson-Antonio-Garcia-2.jpg 687w, https:\/\/jorgezanoni.com.br\/2019\/wp-content\/uploads\/2022\/03\/Adilson-Antonio-Garcia-2-233x300.jpg 233w, https:\/\/jorgezanoni.com.br\/2019\/wp-content\/uploads\/2022\/03\/Adilson-Antonio-Garcia-2-326x420.jpg 326w\" sizes=\"auto, (max-width: 687px) 100vw, 687px\" \/>Adilson Antonio Garcia<\/p>\n<p><img loading=\"lazy\" decoding=\"async\" class=\"alignnone size-full wp-image-61025\" src=\"https:\/\/jorgezanoni.com.br\/2019\/wp-content\/uploads\/2022\/03\/Adriana-de-Farias-Cruz-2.jpg\" alt=\"\" width=\"769\" height=\"1102\" srcset=\"https:\/\/jorgezanoni.com.br\/2019\/wp-content\/uploads\/2022\/03\/Adriana-de-Farias-Cruz-2.jpg 769w, https:\/\/jorgezanoni.com.br\/2019\/wp-content\/uploads\/2022\/03\/Adriana-de-Farias-Cruz-2-209x300.jpg 209w, https:\/\/jorgezanoni.com.br\/2019\/wp-content\/uploads\/2022\/03\/Adriana-de-Farias-Cruz-2-715x1024.jpg 715w, https:\/\/jorgezanoni.com.br\/2019\/wp-content\/uploads\/2022\/03\/Adriana-de-Farias-Cruz-2-696x997.jpg 696w, https:\/\/jorgezanoni.com.br\/2019\/wp-content\/uploads\/2022\/03\/Adriana-de-Farias-Cruz-2-293x420.jpg 293w\" sizes=\"auto, (max-width: 769px) 100vw, 769px\" \/>Adriana de Farias Cruz<\/p>\n<p><img loading=\"lazy\" decoding=\"async\" class=\"alignnone size-full wp-image-61026\" src=\"https:\/\/jorgezanoni.com.br\/2019\/wp-content\/uploads\/2022\/03\/Ana-Lucia-Pagliusi-Costa-2.jpg\" alt=\"\" width=\"938\" height=\"958\" srcset=\"https:\/\/jorgezanoni.com.br\/2019\/wp-content\/uploads\/2022\/03\/Ana-Lucia-Pagliusi-Costa-2.jpg 938w, https:\/\/jorgezanoni.com.br\/2019\/wp-content\/uploads\/2022\/03\/Ana-Lucia-Pagliusi-Costa-2-294x300.jpg 294w, https:\/\/jorgezanoni.com.br\/2019\/wp-content\/uploads\/2022\/03\/Ana-Lucia-Pagliusi-Costa-2-768x784.jpg 768w, https:\/\/jorgezanoni.com.br\/2019\/wp-content\/uploads\/2022\/03\/Ana-Lucia-Pagliusi-Costa-2-356x364.jpg 356w, https:\/\/jorgezanoni.com.br\/2019\/wp-content\/uploads\/2022\/03\/Ana-Lucia-Pagliusi-Costa-2-696x711.jpg 696w, https:\/\/jorgezanoni.com.br\/2019\/wp-content\/uploads\/2022\/03\/Ana-Lucia-Pagliusi-Costa-2-411x420.jpg 411w\" sizes=\"auto, (max-width: 938px) 100vw, 938px\" \/>Ana Lucia Pagliusi Costa<\/p>\n<p><img loading=\"lazy\" decoding=\"async\" class=\"alignnone size-full wp-image-61027\" src=\"https:\/\/jorgezanoni.com.br\/2019\/wp-content\/uploads\/2022\/03\/Aparecida-Ferreira.jpg\" alt=\"\" width=\"606\" height=\"618\" srcset=\"https:\/\/jorgezanoni.com.br\/2019\/wp-content\/uploads\/2022\/03\/Aparecida-Ferreira.jpg 606w, https:\/\/jorgezanoni.com.br\/2019\/wp-content\/uploads\/2022\/03\/Aparecida-Ferreira-294x300.jpg 294w, https:\/\/jorgezanoni.com.br\/2019\/wp-content\/uploads\/2022\/03\/Aparecida-Ferreira-356x364.jpg 356w, https:\/\/jorgezanoni.com.br\/2019\/wp-content\/uploads\/2022\/03\/Aparecida-Ferreira-412x420.jpg 412w\" sizes=\"auto, (max-width: 606px) 100vw, 606px\" \/>Aparecida Ferreira<\/p>\n<p><img loading=\"lazy\" decoding=\"async\" class=\"alignnone size-full wp-image-61028\" src=\"https:\/\/jorgezanoni.com.br\/2019\/wp-content\/uploads\/2022\/03\/Ariele-Detregio.jpg\" alt=\"\" width=\"1440\" height=\"1443\" srcset=\"https:\/\/jorgezanoni.com.br\/2019\/wp-content\/uploads\/2022\/03\/Ariele-Detregio.jpg 1440w, https:\/\/jorgezanoni.com.br\/2019\/wp-content\/uploads\/2022\/03\/Ariele-Detregio-300x300.jpg 300w, https:\/\/jorgezanoni.com.br\/2019\/wp-content\/uploads\/2022\/03\/Ariele-Detregio-1022x1024.jpg 1022w, https:\/\/jorgezanoni.com.br\/2019\/wp-content\/uploads\/2022\/03\/Ariele-Detregio-150x150.jpg 150w, https:\/\/jorgezanoni.com.br\/2019\/wp-content\/uploads\/2022\/03\/Ariele-Detregio-768x770.jpg 768w, https:\/\/jorgezanoni.com.br\/2019\/wp-content\/uploads\/2022\/03\/Ariele-Detregio-696x697.jpg 696w, https:\/\/jorgezanoni.com.br\/2019\/wp-content\/uploads\/2022\/03\/Ariele-Detregio-1068x1070.jpg 1068w, https:\/\/jorgezanoni.com.br\/2019\/wp-content\/uploads\/2022\/03\/Ariele-Detregio-419x420.jpg 419w\" sizes=\"auto, (max-width: 1440px) 100vw, 1440px\" \/>Ariele Detr\u00e9gio<\/p>\n<p><img loading=\"lazy\" decoding=\"async\" class=\"alignnone size-full wp-image-61029\" src=\"https:\/\/jorgezanoni.com.br\/2019\/wp-content\/uploads\/2022\/03\/Cida-Manzano.jpg\" alt=\"\" width=\"960\" height=\"956\" srcset=\"https:\/\/jorgezanoni.com.br\/2019\/wp-content\/uploads\/2022\/03\/Cida-Manzano.jpg 960w, https:\/\/jorgezanoni.com.br\/2019\/wp-content\/uploads\/2022\/03\/Cida-Manzano-300x300.jpg 300w, https:\/\/jorgezanoni.com.br\/2019\/wp-content\/uploads\/2022\/03\/Cida-Manzano-150x150.jpg 150w, https:\/\/jorgezanoni.com.br\/2019\/wp-content\/uploads\/2022\/03\/Cida-Manzano-768x765.jpg 768w, https:\/\/jorgezanoni.com.br\/2019\/wp-content\/uploads\/2022\/03\/Cida-Manzano-696x693.jpg 696w, https:\/\/jorgezanoni.com.br\/2019\/wp-content\/uploads\/2022\/03\/Cida-Manzano-422x420.jpg 422w\" sizes=\"auto, (max-width: 960px) 100vw, 960px\" \/>Cida Manzano<\/p>\n<p><img loading=\"lazy\" decoding=\"async\" class=\"alignnone size-full wp-image-61030\" src=\"https:\/\/jorgezanoni.com.br\/2019\/wp-content\/uploads\/2022\/03\/Claudio-Manoel-dos-Santos-Silverio-2.jpg\" alt=\"\" width=\"614\" height=\"584\" srcset=\"https:\/\/jorgezanoni.com.br\/2019\/wp-content\/uploads\/2022\/03\/Claudio-Manoel-dos-Santos-Silverio-2.jpg 614w, https:\/\/jorgezanoni.com.br\/2019\/wp-content\/uploads\/2022\/03\/Claudio-Manoel-dos-Santos-Silverio-2-300x285.jpg 300w, https:\/\/jorgezanoni.com.br\/2019\/wp-content\/uploads\/2022\/03\/Claudio-Manoel-dos-Santos-Silverio-2-442x420.jpg 442w\" sizes=\"auto, (max-width: 614px) 100vw, 614px\" \/>Claudio Manoel dos Santos Silv\u00e9rio<\/p>\n<p><img loading=\"lazy\" decoding=\"async\" class=\"alignnone size-full wp-image-61031\" src=\"https:\/\/jorgezanoni.com.br\/2019\/wp-content\/uploads\/2022\/03\/Gislaine-Santos-2.jpg\" alt=\"\" width=\"1198\" height=\"2011\" srcset=\"https:\/\/jorgezanoni.com.br\/2019\/wp-content\/uploads\/2022\/03\/Gislaine-Santos-2.jpg 1198w, https:\/\/jorgezanoni.com.br\/2019\/wp-content\/uploads\/2022\/03\/Gislaine-Santos-2-179x300.jpg 179w, https:\/\/jorgezanoni.com.br\/2019\/wp-content\/uploads\/2022\/03\/Gislaine-Santos-2-610x1024.jpg 610w, https:\/\/jorgezanoni.com.br\/2019\/wp-content\/uploads\/2022\/03\/Gislaine-Santos-2-768x1289.jpg 768w, https:\/\/jorgezanoni.com.br\/2019\/wp-content\/uploads\/2022\/03\/Gislaine-Santos-2-915x1536.jpg 915w, https:\/\/jorgezanoni.com.br\/2019\/wp-content\/uploads\/2022\/03\/Gislaine-Santos-2-696x1168.jpg 696w, https:\/\/jorgezanoni.com.br\/2019\/wp-content\/uploads\/2022\/03\/Gislaine-Santos-2-1068x1793.jpg 1068w, https:\/\/jorgezanoni.com.br\/2019\/wp-content\/uploads\/2022\/03\/Gislaine-Santos-2-250x420.jpg 250w\" sizes=\"auto, (max-width: 1198px) 100vw, 1198px\" \/>Gislaine Santos<\/p>\n<p><img loading=\"lazy\" decoding=\"async\" class=\"alignnone size-full wp-image-61032\" src=\"https:\/\/jorgezanoni.com.br\/2019\/wp-content\/uploads\/2022\/03\/Isabel-Zanoni-2.jpg\" alt=\"\" width=\"865\" height=\"944\" srcset=\"https:\/\/jorgezanoni.com.br\/2019\/wp-content\/uploads\/2022\/03\/Isabel-Zanoni-2.jpg 865w, https:\/\/jorgezanoni.com.br\/2019\/wp-content\/uploads\/2022\/03\/Isabel-Zanoni-2-275x300.jpg 275w, https:\/\/jorgezanoni.com.br\/2019\/wp-content\/uploads\/2022\/03\/Isabel-Zanoni-2-768x838.jpg 768w, https:\/\/jorgezanoni.com.br\/2019\/wp-content\/uploads\/2022\/03\/Isabel-Zanoni-2-696x760.jpg 696w, https:\/\/jorgezanoni.com.br\/2019\/wp-content\/uploads\/2022\/03\/Isabel-Zanoni-2-385x420.jpg 385w\" sizes=\"auto, (max-width: 865px) 100vw, 865px\" \/>Isabel Zanoni<\/p>\n<p><img loading=\"lazy\" decoding=\"async\" class=\"alignnone size-full wp-image-61033\" src=\"https:\/\/jorgezanoni.com.br\/2019\/wp-content\/uploads\/2022\/03\/Joao-Victor-Ribeiro-da-Silva-Seminarista-2.jpg\" alt=\"\" width=\"880\" height=\"536\" srcset=\"https:\/\/jorgezanoni.com.br\/2019\/wp-content\/uploads\/2022\/03\/Joao-Victor-Ribeiro-da-Silva-Seminarista-2.jpg 880w, https:\/\/jorgezanoni.com.br\/2019\/wp-content\/uploads\/2022\/03\/Joao-Victor-Ribeiro-da-Silva-Seminarista-2-300x183.jpg 300w, https:\/\/jorgezanoni.com.br\/2019\/wp-content\/uploads\/2022\/03\/Joao-Victor-Ribeiro-da-Silva-Seminarista-2-768x468.jpg 768w, https:\/\/jorgezanoni.com.br\/2019\/wp-content\/uploads\/2022\/03\/Joao-Victor-Ribeiro-da-Silva-Seminarista-2-696x424.jpg 696w, https:\/\/jorgezanoni.com.br\/2019\/wp-content\/uploads\/2022\/03\/Joao-Victor-Ribeiro-da-Silva-Seminarista-2-690x420.jpg 690w\" sizes=\"auto, (max-width: 880px) 100vw, 880px\" \/>Jo\u00e3o Victor Ribeiro da Silva (Seminarista)<\/p>\n<p><img loading=\"lazy\" decoding=\"async\" class=\"alignnone size-full wp-image-61034\" src=\"https:\/\/jorgezanoni.com.br\/2019\/wp-content\/uploads\/2022\/03\/Marcia-Machado-de-Brito.jpg\" alt=\"\" width=\"976\" height=\"973\" srcset=\"https:\/\/jorgezanoni.com.br\/2019\/wp-content\/uploads\/2022\/03\/Marcia-Machado-de-Brito.jpg 976w, https:\/\/jorgezanoni.com.br\/2019\/wp-content\/uploads\/2022\/03\/Marcia-Machado-de-Brito-300x300.jpg 300w, https:\/\/jorgezanoni.com.br\/2019\/wp-content\/uploads\/2022\/03\/Marcia-Machado-de-Brito-150x150.jpg 150w, https:\/\/jorgezanoni.com.br\/2019\/wp-content\/uploads\/2022\/03\/Marcia-Machado-de-Brito-768x766.jpg 768w, https:\/\/jorgezanoni.com.br\/2019\/wp-content\/uploads\/2022\/03\/Marcia-Machado-de-Brito-696x694.jpg 696w, https:\/\/jorgezanoni.com.br\/2019\/wp-content\/uploads\/2022\/03\/Marcia-Machado-de-Brito-421x420.jpg 421w\" sizes=\"auto, (max-width: 976px) 100vw, 976px\" \/>Marcia Machado de Brito<\/p>\n<p><img loading=\"lazy\" decoding=\"async\" class=\"alignnone size-full wp-image-61035\" src=\"https:\/\/jorgezanoni.com.br\/2019\/wp-content\/uploads\/2022\/03\/Maria-Claudia-Almeida1-2.jpg\" alt=\"\" width=\"1440\" height=\"1440\" srcset=\"https:\/\/jorgezanoni.com.br\/2019\/wp-content\/uploads\/2022\/03\/Maria-Claudia-Almeida1-2.jpg 1440w, https:\/\/jorgezanoni.com.br\/2019\/wp-content\/uploads\/2022\/03\/Maria-Claudia-Almeida1-2-300x300.jpg 300w, https:\/\/jorgezanoni.com.br\/2019\/wp-content\/uploads\/2022\/03\/Maria-Claudia-Almeida1-2-1024x1024.jpg 1024w, https:\/\/jorgezanoni.com.br\/2019\/wp-content\/uploads\/2022\/03\/Maria-Claudia-Almeida1-2-150x150.jpg 150w, https:\/\/jorgezanoni.com.br\/2019\/wp-content\/uploads\/2022\/03\/Maria-Claudia-Almeida1-2-768x768.jpg 768w, https:\/\/jorgezanoni.com.br\/2019\/wp-content\/uploads\/2022\/03\/Maria-Claudia-Almeida1-2-696x696.jpg 696w, https:\/\/jorgezanoni.com.br\/2019\/wp-content\/uploads\/2022\/03\/Maria-Claudia-Almeida1-2-1068x1068.jpg 1068w, https:\/\/jorgezanoni.com.br\/2019\/wp-content\/uploads\/2022\/03\/Maria-Claudia-Almeida1-2-420x420.jpg 420w\" sizes=\"auto, (max-width: 1440px) 100vw, 1440px\" \/>Maria Claudia Almeida<\/p>\n<p><img loading=\"lazy\" decoding=\"async\" class=\"alignnone size-full wp-image-61036\" src=\"https:\/\/jorgezanoni.com.br\/2019\/wp-content\/uploads\/2022\/03\/Maria-da-Graca-Beretta1-2.jpg\" alt=\"\" width=\"229\" height=\"368\" srcset=\"https:\/\/jorgezanoni.com.br\/2019\/wp-content\/uploads\/2022\/03\/Maria-da-Graca-Beretta1-2.jpg 229w, https:\/\/jorgezanoni.com.br\/2019\/wp-content\/uploads\/2022\/03\/Maria-da-Graca-Beretta1-2-187x300.jpg 187w\" sizes=\"auto, (max-width: 229px) 100vw, 229px\" \/>Maria da Gra\u00e7a Beretta<\/p>\n<p><img loading=\"lazy\" decoding=\"async\" class=\"alignnone size-full wp-image-61037\" src=\"https:\/\/jorgezanoni.com.br\/2019\/wp-content\/uploads\/2022\/03\/Mayra-Simoes-Rossi-2.jpg\" alt=\"\" width=\"541\" height=\"782\" srcset=\"https:\/\/jorgezanoni.com.br\/2019\/wp-content\/uploads\/2022\/03\/Mayra-Simoes-Rossi-2.jpg 541w, https:\/\/jorgezanoni.com.br\/2019\/wp-content\/uploads\/2022\/03\/Mayra-Simoes-Rossi-2-208x300.jpg 208w, https:\/\/jorgezanoni.com.br\/2019\/wp-content\/uploads\/2022\/03\/Mayra-Simoes-Rossi-2-291x420.jpg 291w\" sizes=\"auto, (max-width: 541px) 100vw, 541px\" \/>Mayra Sim\u00f5es Rossi<\/p>\n<p><img loading=\"lazy\" decoding=\"async\" class=\"alignnone size-full wp-image-61038\" src=\"https:\/\/jorgezanoni.com.br\/2019\/wp-content\/uploads\/2022\/03\/Nara-Aguilar-2.jpg\" alt=\"\" width=\"524\" height=\"831\" srcset=\"https:\/\/jorgezanoni.com.br\/2019\/wp-content\/uploads\/2022\/03\/Nara-Aguilar-2.jpg 524w, https:\/\/jorgezanoni.com.br\/2019\/wp-content\/uploads\/2022\/03\/Nara-Aguilar-2-189x300.jpg 189w, https:\/\/jorgezanoni.com.br\/2019\/wp-content\/uploads\/2022\/03\/Nara-Aguilar-2-265x420.jpg 265w\" sizes=\"auto, (max-width: 524px) 100vw, 524px\" \/>Nara Aguilar<\/p>\n<p><img loading=\"lazy\" decoding=\"async\" class=\"alignnone size-full wp-image-61039\" src=\"https:\/\/jorgezanoni.com.br\/2019\/wp-content\/uploads\/2022\/03\/Neiva-Moraes-Rosseti-2.jpg\" alt=\"\" width=\"1431\" height=\"1190\" srcset=\"https:\/\/jorgezanoni.com.br\/2019\/wp-content\/uploads\/2022\/03\/Neiva-Moraes-Rosseti-2.jpg 1431w, https:\/\/jorgezanoni.com.br\/2019\/wp-content\/uploads\/2022\/03\/Neiva-Moraes-Rosseti-2-300x249.jpg 300w, https:\/\/jorgezanoni.com.br\/2019\/wp-content\/uploads\/2022\/03\/Neiva-Moraes-Rosseti-2-1024x852.jpg 1024w, https:\/\/jorgezanoni.com.br\/2019\/wp-content\/uploads\/2022\/03\/Neiva-Moraes-Rosseti-2-768x639.jpg 768w, https:\/\/jorgezanoni.com.br\/2019\/wp-content\/uploads\/2022\/03\/Neiva-Moraes-Rosseti-2-696x579.jpg 696w, https:\/\/jorgezanoni.com.br\/2019\/wp-content\/uploads\/2022\/03\/Neiva-Moraes-Rosseti-2-1068x888.jpg 1068w, https:\/\/jorgezanoni.com.br\/2019\/wp-content\/uploads\/2022\/03\/Neiva-Moraes-Rosseti-2-505x420.jpg 505w\" sizes=\"auto, (max-width: 1431px) 100vw, 1431px\" \/>Neiva Moraes Rosseti<\/p>\n<p><img loading=\"lazy\" decoding=\"async\" class=\"alignnone size-full wp-image-61040\" src=\"https:\/\/jorgezanoni.com.br\/2019\/wp-content\/uploads\/2022\/03\/Paty-Bressante-Cavalcanti-2.jpg\" alt=\"\" width=\"489\" height=\"489\" srcset=\"https:\/\/jorgezanoni.com.br\/2019\/wp-content\/uploads\/2022\/03\/Paty-Bressante-Cavalcanti-2.jpg 489w, https:\/\/jorgezanoni.com.br\/2019\/wp-content\/uploads\/2022\/03\/Paty-Bressante-Cavalcanti-2-300x300.jpg 300w, https:\/\/jorgezanoni.com.br\/2019\/wp-content\/uploads\/2022\/03\/Paty-Bressante-Cavalcanti-2-150x150.jpg 150w, https:\/\/jorgezanoni.com.br\/2019\/wp-content\/uploads\/2022\/03\/Paty-Bressante-Cavalcanti-2-420x420.jpg 420w\" sizes=\"auto, (max-width: 489px) 100vw, 489px\" \/>Paty Bressante Cavalcanti<\/p>\n<p><img loading=\"lazy\" decoding=\"async\" class=\"alignnone size-full wp-image-61041\" src=\"https:\/\/jorgezanoni.com.br\/2019\/wp-content\/uploads\/2022\/03\/Sthela-Capobianco-Poleto-2.jpg\" alt=\"\" width=\"1126\" height=\"1120\" srcset=\"https:\/\/jorgezanoni.com.br\/2019\/wp-content\/uploads\/2022\/03\/Sthela-Capobianco-Poleto-2.jpg 1126w, https:\/\/jorgezanoni.com.br\/2019\/wp-content\/uploads\/2022\/03\/Sthela-Capobianco-Poleto-2-300x298.jpg 300w, https:\/\/jorgezanoni.com.br\/2019\/wp-content\/uploads\/2022\/03\/Sthela-Capobianco-Poleto-2-1024x1019.jpg 1024w, https:\/\/jorgezanoni.com.br\/2019\/wp-content\/uploads\/2022\/03\/Sthela-Capobianco-Poleto-2-150x150.jpg 150w, https:\/\/jorgezanoni.com.br\/2019\/wp-content\/uploads\/2022\/03\/Sthela-Capobianco-Poleto-2-768x764.jpg 768w, https:\/\/jorgezanoni.com.br\/2019\/wp-content\/uploads\/2022\/03\/Sthela-Capobianco-Poleto-2-696x692.jpg 696w, https:\/\/jorgezanoni.com.br\/2019\/wp-content\/uploads\/2022\/03\/Sthela-Capobianco-Poleto-2-1068x1062.jpg 1068w, https:\/\/jorgezanoni.com.br\/2019\/wp-content\/uploads\/2022\/03\/Sthela-Capobianco-Poleto-2-422x420.jpg 422w\" sizes=\"auto, (max-width: 1126px) 100vw, 1126px\" \/>Sthela Capobianco Poleto<\/p>\n<p><img loading=\"lazy\" decoding=\"async\" class=\"alignnone size-full wp-image-61042\" src=\"https:\/\/jorgezanoni.com.br\/2019\/wp-content\/uploads\/2022\/03\/Tatiana-Ottoboni-2.jpg\" alt=\"\" width=\"604\" height=\"606\" srcset=\"https:\/\/jorgezanoni.com.br\/2019\/wp-content\/uploads\/2022\/03\/Tatiana-Ottoboni-2.jpg 604w, https:\/\/jorgezanoni.com.br\/2019\/wp-content\/uploads\/2022\/03\/Tatiana-Ottoboni-2-300x300.jpg 300w, https:\/\/jorgezanoni.com.br\/2019\/wp-content\/uploads\/2022\/03\/Tatiana-Ottoboni-2-150x150.jpg 150w, https:\/\/jorgezanoni.com.br\/2019\/wp-content\/uploads\/2022\/03\/Tatiana-Ottoboni-2-419x420.jpg 419w\" sizes=\"auto, (max-width: 604px) 100vw, 604px\" \/>Tatiana Ottoboni<\/p>\n<p><img loading=\"lazy\" decoding=\"async\" class=\"alignnone size-full wp-image-61043\" src=\"https:\/\/jorgezanoni.com.br\/2019\/wp-content\/uploads\/2022\/03\/Yanara-Rocha1-2.jpg\" alt=\"\" width=\"761\" height=\"1016\" srcset=\"https:\/\/jorgezanoni.com.br\/2019\/wp-content\/uploads\/2022\/03\/Yanara-Rocha1-2.jpg 761w, https:\/\/jorgezanoni.com.br\/2019\/wp-content\/uploads\/2022\/03\/Yanara-Rocha1-2-225x300.jpg 225w, https:\/\/jorgezanoni.com.br\/2019\/wp-content\/uploads\/2022\/03\/Yanara-Rocha1-2-696x929.jpg 696w, https:\/\/jorgezanoni.com.br\/2019\/wp-content\/uploads\/2022\/03\/Yanara-Rocha1-2-315x420.jpg 315w\" sizes=\"auto, (max-width: 761px) 100vw, 761px\" \/>Yanara Rocha<\/p>\n","protected":false},"excerpt":{"rendered":"<p>PARABENIZAMOS OS ANIVERSARIANTES DE HOJE: Ac\u00farcio Alfredo Gomes Adilson Antonio Garcia Adriana de Farias Cruz Ana Lucia Pagliusi Costa Aparecida Ferreira Ariele Detr\u00e9gio Cida Manzano Claudio Manoel dos Santos Silv\u00e9rio Gislaine Santos Isabel Zanoni Jo\u00e3o Victor Ribeiro da Silva (Seminarista) Marcia Machado de Brito Maria Claudia Almeida Maria da Gra\u00e7a Beretta Mayra Sim\u00f5es Rossi Nara [&hellip;]<\/p>\n","protected":false},"author":1,"featured_media":61044,"comment_status":"closed","ping_status":"open","sticky":false,"template":"","format":"standard","meta":{"footnotes":""},"categories":[174,110],"tags":[],"class_list":["post-61022","post","type-post","status-publish","format-standard","has-post-thumbnail","hentry","category-aniversariantes","category-noticiasdestaque"],"_links":{"self":[{"href":"https:\/\/jorgezanoni.com.br\/2019\/wp-json\/wp\/v2\/posts\/61022","targetHints":{"allow":["GET"]}}],"collection":[{"href":"https:\/\/jorgezanoni.com.br\/2019\/wp-json\/wp\/v2\/posts"}],"about":[{"href":"https:\/\/jorgezanoni.com.br\/2019\/wp-json\/wp\/v2\/types\/post"}],"author":[{"embeddable":true,"href":"https:\/\/jorgezanoni.com.br\/2019\/wp-json\/wp\/v2\/users\/1"}],"replies":[{"embeddable":true,"href":"https:\/\/jorgezanoni.com.br\/2019\/wp-json\/wp\/v2\/comments?post=61022"}],"version-history":[{"count":0,"href":"https:\/\/jorgezanoni.com.br\/2019\/wp-json\/wp\/v2\/posts\/61022\/revisions"}],"wp:featuredmedia":[{"embeddable":true,"href":"https:\/\/jorgezanoni.com.br\/2019\/wp-json\/wp\/v2\/media\/61044"}],"wp:attachment":[{"href":"https:\/\/jorgezanoni.com.br\/2019\/wp-json\/wp\/v2\/media?parent=61022"}],"wp:term":[{"taxonomy":"category","embeddable":true,"href":"https:\/\/jorgezanoni.com.br\/2019\/wp-json\/wp\/v2\/categories?post=61022"},{"taxonomy":"post_tag","embeddable":true,"href":"https:\/\/jorgezanoni.com.br\/2019\/wp-json\/wp\/v2\/tags?post=61022"}],"curies":[{"name":"wp","href":"https:\/\/api.w.org\/{rel}","templated":true}]}}