{"id":61018,"date":"2022-03-17T11:39:33","date_gmt":"2022-03-17T11:39:33","guid":{"rendered":"https:\/\/jorgezanoni.com.br\/2019\/?p=61018"},"modified":"2022-03-17T11:40:24","modified_gmt":"2022-03-17T11:40:24","slug":"morre-celso-roberto-simiano-que-morou-muitos-anos-em-dracena","status":"publish","type":"post","link":"https:\/\/jorgezanoni.com.br\/2019\/morre-celso-roberto-simiano-que-morou-muitos-anos-em-dracena\/","title":{"rendered":"Morre Celso Roberto Simiano que morou muitos anos em Dracena"},"content":{"rendered":"<p style=\"text-align: justify;\">Comunicamos com pesar o falecimento de Celso Roberto Simiano de 72 anos. Ele estava hospitalizado ap\u00f3s haver superado um quadro de Covid, por\u00e9m teve uma Pneumonia e Efizema Pulmonar que se agravou e acabou n\u00e3o resistindo vindo a \u00f3bito nesta madrugada.<\/p>\n<p style=\"text-align: justify;\">Era vi\u00favo da saudosa Gerolina Okazaki, deixa tr\u00eas filhas, genros, netos, irm\u00e3os, cunhados, demais familiares e grande legi\u00e3o de amigos.<\/p>\n<p style=\"text-align: justify;\">Foi funcion\u00e1rio por muitos anos da empresa Aoki e da extinta Motrasa (Tratores Valmet), atualmente residia no Portal dos Dourados em Paulic\u00e9ia. A fam\u00edlia e pescaria eram suas maiores paix\u00f5es.<\/p>\n<p style=\"text-align: justify;\">O Vel\u00f3rio ocorre no Memorial Vida Prev a partir das 10 Hs. e o Sepultamento ocorre as 16 Hs. desta quarta-feira (17) no Cemit\u00e9rio Municipal de Dracena.<\/p>\n<p style=\"text-align: justify;\">Celso era uma pessoa muito querida da fam\u00edlia Zanoni, inclusive junto com a esposa foi Padrinho de Casamento deste Jornalista.<\/p>\n<p style=\"text-align: justify;\">A fam\u00edlia e grande legi\u00e3o de amigos, a solidariedade do Site JZ. Vai com Deus Compadre.<\/p>\n<p style=\"text-align: justify;\">Jorge Zanoni<\/p>\n<p>&nbsp;<\/p>\n","protected":false},"excerpt":{"rendered":"<p>Comunicamos com pesar o falecimento de Celso Roberto Simiano de 72 anos. Ele estava hospitalizado ap\u00f3s haver superado um quadro de Covid, por\u00e9m teve uma Pneumonia e Efizema Pulmonar que se agravou e acabou n\u00e3o resistindo vindo a \u00f3bito nesta madrugada. Era vi\u00favo da saudosa Gerolina Okazaki, deixa tr\u00eas filhas, genros, netos, irm\u00e3os, cunhados, demais [&hellip;]<\/p>\n","protected":false},"author":1,"featured_media":61019,"comment_status":"closed","ping_status":"open","sticky":false,"template":"","format":"standard","meta":{"footnotes":""},"categories":[178,110],"tags":[],"class_list":["post-61018","post","type-post","status-publish","format-standard","has-post-thumbnail","hentry","category-notadefalecimento","category-noticiasdestaque"],"_links":{"self":[{"href":"https:\/\/jorgezanoni.com.br\/2019\/wp-json\/wp\/v2\/posts\/61018","targetHints":{"allow":["GET"]}}],"collection":[{"href":"https:\/\/jorgezanoni.com.br\/2019\/wp-json\/wp\/v2\/posts"}],"about":[{"href":"https:\/\/jorgezanoni.com.br\/2019\/wp-json\/wp\/v2\/types\/post"}],"author":[{"embeddable":true,"href":"https:\/\/jorgezanoni.com.br\/2019\/wp-json\/wp\/v2\/users\/1"}],"replies":[{"embeddable":true,"href":"https:\/\/jorgezanoni.com.br\/2019\/wp-json\/wp\/v2\/comments?post=61018"}],"version-history":[{"count":0,"href":"https:\/\/jorgezanoni.com.br\/2019\/wp-json\/wp\/v2\/posts\/61018\/revisions"}],"wp:featuredmedia":[{"embeddable":true,"href":"https:\/\/jorgezanoni.com.br\/2019\/wp-json\/wp\/v2\/media\/61019"}],"wp:attachment":[{"href":"https:\/\/jorgezanoni.com.br\/2019\/wp-json\/wp\/v2\/media?parent=61018"}],"wp:term":[{"taxonomy":"category","embeddable":true,"href":"https:\/\/jorgezanoni.com.br\/2019\/wp-json\/wp\/v2\/categories?post=61018"},{"taxonomy":"post_tag","embeddable":true,"href":"https:\/\/jorgezanoni.com.br\/2019\/wp-json\/wp\/v2\/tags?post=61018"}],"curies":[{"name":"wp","href":"https:\/\/api.w.org\/{rel}","templated":true}]}}