{"id":60970,"date":"2022-03-15T23:33:44","date_gmt":"2022-03-15T23:33:44","guid":{"rendered":"https:\/\/jorgezanoni.com.br\/2019\/?p=60970"},"modified":"2022-03-15T23:33:44","modified_gmt":"2022-03-15T23:33:44","slug":"reclamacao-da-populacao-cavalos-causam-problemas-em-bairro-residencial","status":"publish","type":"post","link":"https:\/\/jorgezanoni.com.br\/2019\/reclamacao-da-populacao-cavalos-causam-problemas-em-bairro-residencial\/","title":{"rendered":"RECLAMA\u00c7\u00c3O DA POPULA\u00c7\u00c3O: Cavalos causam problemas em Bairro residencial"},"content":{"rendered":"<p style=\"text-align: justify;\">Moradores enviam imagens de equinos e dizem que toda noite a situa\u00e7\u00e3o se repete em rela\u00e7\u00e3o ao lixo.<\/p>\n<p style=\"text-align: justify;\">Os lixeiros juntam\u00a0 as sacolinhas e deixam pr\u00f3ximo das esquinas para o caminh\u00e3o recolher, s\u00f3 que os cavalos se antecipam e rasgam tudo, deixando sujeira pelo ch\u00e3o. Claro que os funcion\u00e1rios da coleta n\u00e3o v\u00e3o ficar catando lixo esparramado.<\/p>\n<p style=\"text-align: justify;\">As fotos foram feitas por um morador registrando o fato na esquina das Ruas Adelino Rossetto com Dr. Gumercindo Correia de Almeida Moraes Junior no Jardim Bortolato II.<\/p>\n<p style=\"text-align: justify;\">Pedem os mun\u00edcipes que o setor competente resolva de vez esse problema, localize e autue o propriet\u00e1rio dos animais se for o caso.<\/p>\n<p style=\"text-align: justify;\"><img loading=\"lazy\" decoding=\"async\" class=\"alignnone size-full wp-image-60971\" src=\"https:\/\/jorgezanoni.com.br\/2019\/wp-content\/uploads\/2022\/03\/bortolato-2.jpg\" alt=\"\" width=\"998\" height=\"555\" srcset=\"https:\/\/jorgezanoni.com.br\/2019\/wp-content\/uploads\/2022\/03\/bortolato-2.jpg 998w, https:\/\/jorgezanoni.com.br\/2019\/wp-content\/uploads\/2022\/03\/bortolato-2-300x167.jpg 300w, https:\/\/jorgezanoni.com.br\/2019\/wp-content\/uploads\/2022\/03\/bortolato-2-768x427.jpg 768w, https:\/\/jorgezanoni.com.br\/2019\/wp-content\/uploads\/2022\/03\/bortolato-2-696x387.jpg 696w, https:\/\/jorgezanoni.com.br\/2019\/wp-content\/uploads\/2022\/03\/bortolato-2-755x420.jpg 755w\" sizes=\"auto, (max-width: 998px) 100vw, 998px\" \/><\/p>\n<p style=\"text-align: justify;\">Jorge Zanoni<\/p>\n<p style=\"text-align: justify;\">Fotos de Internauta<\/p>\n","protected":false},"excerpt":{"rendered":"<p>Moradores enviam imagens de equinos e dizem que toda noite a situa\u00e7\u00e3o se repete em rela\u00e7\u00e3o ao lixo. Os lixeiros juntam\u00a0 as sacolinhas e deixam pr\u00f3ximo das esquinas para o caminh\u00e3o recolher, s\u00f3 que os cavalos se antecipam e rasgam tudo, deixando sujeira pelo ch\u00e3o. Claro que os funcion\u00e1rios da coleta n\u00e3o v\u00e3o ficar catando [&hellip;]<\/p>\n","protected":false},"author":1,"featured_media":60972,"comment_status":"closed","ping_status":"open","sticky":false,"template":"","format":"standard","meta":{"footnotes":""},"categories":[179,184,110],"tags":[],"class_list":["post-60970","post","type-post","status-publish","format-standard","has-post-thumbnail","hentry","category-cidadeseregiao","category-dracena","category-noticiasdestaque"],"_links":{"self":[{"href":"https:\/\/jorgezanoni.com.br\/2019\/wp-json\/wp\/v2\/posts\/60970","targetHints":{"allow":["GET"]}}],"collection":[{"href":"https:\/\/jorgezanoni.com.br\/2019\/wp-json\/wp\/v2\/posts"}],"about":[{"href":"https:\/\/jorgezanoni.com.br\/2019\/wp-json\/wp\/v2\/types\/post"}],"author":[{"embeddable":true,"href":"https:\/\/jorgezanoni.com.br\/2019\/wp-json\/wp\/v2\/users\/1"}],"replies":[{"embeddable":true,"href":"https:\/\/jorgezanoni.com.br\/2019\/wp-json\/wp\/v2\/comments?post=60970"}],"version-history":[{"count":0,"href":"https:\/\/jorgezanoni.com.br\/2019\/wp-json\/wp\/v2\/posts\/60970\/revisions"}],"wp:featuredmedia":[{"embeddable":true,"href":"https:\/\/jorgezanoni.com.br\/2019\/wp-json\/wp\/v2\/media\/60972"}],"wp:attachment":[{"href":"https:\/\/jorgezanoni.com.br\/2019\/wp-json\/wp\/v2\/media?parent=60970"}],"wp:term":[{"taxonomy":"category","embeddable":true,"href":"https:\/\/jorgezanoni.com.br\/2019\/wp-json\/wp\/v2\/categories?post=60970"},{"taxonomy":"post_tag","embeddable":true,"href":"https:\/\/jorgezanoni.com.br\/2019\/wp-json\/wp\/v2\/tags?post=60970"}],"curies":[{"name":"wp","href":"https:\/\/api.w.org\/{rel}","templated":true}]}}