{"id":60961,"date":"2022-03-15T22:53:26","date_gmt":"2022-03-15T22:53:26","guid":{"rendered":"https:\/\/jorgezanoni.com.br\/2019\/?p=60961"},"modified":"2022-03-15T23:34:41","modified_gmt":"2022-03-15T23:34:41","slug":"reclamacao-da-populacao-moradores-do-sol-nascente-dizem-que-estao-abandonados","status":"publish","type":"post","link":"https:\/\/jorgezanoni.com.br\/2019\/reclamacao-da-populacao-moradores-do-sol-nascente-dizem-que-estao-abandonados\/","title":{"rendered":"RECLAMA\u00c7\u00c3O DA POPULA\u00c7\u00c3O: Moradores do Sol Nascente dizem que est\u00e3o abandonados"},"content":{"rendered":"<p style=\"text-align: justify;\">Moradores do Bairro Sol Nascente II no setor sul da cidade, enviam imagens para a reda\u00e7\u00e3o do Site JZ e se dizem revoltados com a situa\u00e7\u00e3o.<\/p>\n<p style=\"text-align: justify;\">Segundo eles os setores competentes j\u00e1 foram procurados por diversas vezes, mas nunca s\u00e3o atendidos.<\/p>\n<p style=\"text-align: justify;\">Dizem que mato alto, falta de ilumina\u00e7\u00e3o e animais pe\u00e7onhentos \u00e9 o q mais tem no bairro.<\/p>\n<p style=\"text-align: justify;\">Um morador da Rua que divide os dois Bairros, foi quem enviou imagens de terrenos com mato, Escorpi\u00e3o e at\u00e9 uma Cobra (Cascavel) de consider\u00e1vel tamanho, que acabou sendo capturada pelos Bombeiros e foi solta em seu habitat natural.<\/p>\n<p style=\"text-align: justify;\">Pedem provid\u00eancias urgentes, pois o medo est\u00e1 dominando os mun\u00edcipes daquele Bairro, especialmente os reclamantes que tem crian\u00e7as pequenas e temem pela seguran\u00e7a.<\/p>\n<p><img loading=\"lazy\" decoding=\"async\" class=\"alignnone size-full wp-image-60962\" src=\"https:\/\/jorgezanoni.com.br\/2019\/wp-content\/uploads\/2022\/03\/Sol-2.jpg\" alt=\"\" width=\"678\" height=\"549\" srcset=\"https:\/\/jorgezanoni.com.br\/2019\/wp-content\/uploads\/2022\/03\/Sol-2.jpg 678w, https:\/\/jorgezanoni.com.br\/2019\/wp-content\/uploads\/2022\/03\/Sol-2-300x243.jpg 300w, https:\/\/jorgezanoni.com.br\/2019\/wp-content\/uploads\/2022\/03\/Sol-2-519x420.jpg 519w\" sizes=\"auto, (max-width: 678px) 100vw, 678px\" \/> <img loading=\"lazy\" decoding=\"async\" class=\"alignnone size-full wp-image-60964\" src=\"https:\/\/jorgezanoni.com.br\/2019\/wp-content\/uploads\/2022\/03\/sol2.jpg\" alt=\"\" width=\"1280\" height=\"720\" srcset=\"https:\/\/jorgezanoni.com.br\/2019\/wp-content\/uploads\/2022\/03\/sol2.jpg 1280w, https:\/\/jorgezanoni.com.br\/2019\/wp-content\/uploads\/2022\/03\/sol2-300x169.jpg 300w, https:\/\/jorgezanoni.com.br\/2019\/wp-content\/uploads\/2022\/03\/sol2-1024x576.jpg 1024w, https:\/\/jorgezanoni.com.br\/2019\/wp-content\/uploads\/2022\/03\/sol2-768x432.jpg 768w, https:\/\/jorgezanoni.com.br\/2019\/wp-content\/uploads\/2022\/03\/sol2-696x392.jpg 696w, https:\/\/jorgezanoni.com.br\/2019\/wp-content\/uploads\/2022\/03\/sol2-1068x601.jpg 1068w, https:\/\/jorgezanoni.com.br\/2019\/wp-content\/uploads\/2022\/03\/sol2-747x420.jpg 747w\" sizes=\"auto, (max-width: 1280px) 100vw, 1280px\" \/> <img loading=\"lazy\" decoding=\"async\" class=\"alignnone size-full wp-image-60965\" src=\"https:\/\/jorgezanoni.com.br\/2019\/wp-content\/uploads\/2022\/03\/sol3-2.jpg\" alt=\"\" width=\"764\" height=\"554\" srcset=\"https:\/\/jorgezanoni.com.br\/2019\/wp-content\/uploads\/2022\/03\/sol3-2.jpg 764w, https:\/\/jorgezanoni.com.br\/2019\/wp-content\/uploads\/2022\/03\/sol3-2-300x218.jpg 300w, https:\/\/jorgezanoni.com.br\/2019\/wp-content\/uploads\/2022\/03\/sol3-2-324x235.jpg 324w, https:\/\/jorgezanoni.com.br\/2019\/wp-content\/uploads\/2022\/03\/sol3-2-696x505.jpg 696w, https:\/\/jorgezanoni.com.br\/2019\/wp-content\/uploads\/2022\/03\/sol3-2-579x420.jpg 579w\" sizes=\"auto, (max-width: 764px) 100vw, 764px\" \/><\/p>\n<p style=\"text-align: justify;\">Jorge Zanoni<\/p>\n<p style=\"text-align: justify;\">Fotos de Internauta<\/p>\n<p>&nbsp;<\/p>\n","protected":false},"excerpt":{"rendered":"<p>Moradores do Bairro Sol Nascente II no setor sul da cidade, enviam imagens para a reda\u00e7\u00e3o do Site JZ e se dizem revoltados com a situa\u00e7\u00e3o. Segundo eles os setores competentes j\u00e1 foram procurados por diversas vezes, mas nunca s\u00e3o atendidos. Dizem que mato alto, falta de ilumina\u00e7\u00e3o e animais pe\u00e7onhentos \u00e9 o q mais [&hellip;]<\/p>\n","protected":false},"author":1,"featured_media":60963,"comment_status":"closed","ping_status":"open","sticky":false,"template":"","format":"standard","meta":{"footnotes":""},"categories":[179,184,110],"tags":[],"class_list":["post-60961","post","type-post","status-publish","format-standard","has-post-thumbnail","hentry","category-cidadeseregiao","category-dracena","category-noticiasdestaque"],"_links":{"self":[{"href":"https:\/\/jorgezanoni.com.br\/2019\/wp-json\/wp\/v2\/posts\/60961","targetHints":{"allow":["GET"]}}],"collection":[{"href":"https:\/\/jorgezanoni.com.br\/2019\/wp-json\/wp\/v2\/posts"}],"about":[{"href":"https:\/\/jorgezanoni.com.br\/2019\/wp-json\/wp\/v2\/types\/post"}],"author":[{"embeddable":true,"href":"https:\/\/jorgezanoni.com.br\/2019\/wp-json\/wp\/v2\/users\/1"}],"replies":[{"embeddable":true,"href":"https:\/\/jorgezanoni.com.br\/2019\/wp-json\/wp\/v2\/comments?post=60961"}],"version-history":[{"count":0,"href":"https:\/\/jorgezanoni.com.br\/2019\/wp-json\/wp\/v2\/posts\/60961\/revisions"}],"wp:featuredmedia":[{"embeddable":true,"href":"https:\/\/jorgezanoni.com.br\/2019\/wp-json\/wp\/v2\/media\/60963"}],"wp:attachment":[{"href":"https:\/\/jorgezanoni.com.br\/2019\/wp-json\/wp\/v2\/media?parent=60961"}],"wp:term":[{"taxonomy":"category","embeddable":true,"href":"https:\/\/jorgezanoni.com.br\/2019\/wp-json\/wp\/v2\/categories?post=60961"},{"taxonomy":"post_tag","embeddable":true,"href":"https:\/\/jorgezanoni.com.br\/2019\/wp-json\/wp\/v2\/tags?post=60961"}],"curies":[{"name":"wp","href":"https:\/\/api.w.org\/{rel}","templated":true}]}}