{"id":60932,"date":"2022-03-15T10:56:50","date_gmt":"2022-03-15T10:56:50","guid":{"rendered":"https:\/\/jorgezanoni.com.br\/2019\/?p=60932"},"modified":"2022-03-15T12:03:15","modified_gmt":"2022-03-15T12:03:15","slug":"morre-o-professor-e-radialista-valter-rizzi","status":"publish","type":"post","link":"https:\/\/jorgezanoni.com.br\/2019\/morre-o-professor-e-radialista-valter-rizzi\/","title":{"rendered":"Morre o Professor e Radialista Valter Rizzi"},"content":{"rendered":"<p style=\"text-align: justify;\">Comunicamos com pesar o falecimento de Valter Jo\u00e3o Rizzi de 77 anos. Estava em tratamento renal por um longo per\u00edodo e acabou n\u00e3o resistindo vindo a \u00f3bito.<\/p>\n<p style=\"text-align: justify;\">Foi funcion\u00e1rio da Secretaria Estadual de Agricultura, Professor e Radialista. Participou de notici\u00e1rios e tinha um programa de jornalismo agr\u00e1rio semanal.<\/p>\n<p style=\"text-align: justify;\">Deixa a esposa Izabel, filha Valeria, genro, neto, amigos, demais parentes e amigos.<\/p>\n<p style=\"text-align: justify;\">O Site JZ se solidariza com a fam\u00edlia e amigos neste dif\u00edcil momento.<\/p>\n<p><img loading=\"lazy\" decoding=\"async\" class=\"alignnone size-full wp-image-60957\" src=\"https:\/\/jorgezanoni.com.br\/2019\/wp-content\/uploads\/2022\/03\/Valter-2.jpg\" alt=\"\" width=\"1280\" height=\"1204\" srcset=\"https:\/\/jorgezanoni.com.br\/2019\/wp-content\/uploads\/2022\/03\/Valter-2.jpg 1280w, https:\/\/jorgezanoni.com.br\/2019\/wp-content\/uploads\/2022\/03\/Valter-2-300x282.jpg 300w, https:\/\/jorgezanoni.com.br\/2019\/wp-content\/uploads\/2022\/03\/Valter-2-1024x963.jpg 1024w, https:\/\/jorgezanoni.com.br\/2019\/wp-content\/uploads\/2022\/03\/Valter-2-768x722.jpg 768w, https:\/\/jorgezanoni.com.br\/2019\/wp-content\/uploads\/2022\/03\/Valter-2-696x655.jpg 696w, https:\/\/jorgezanoni.com.br\/2019\/wp-content\/uploads\/2022\/03\/Valter-2-1068x1005.jpg 1068w, https:\/\/jorgezanoni.com.br\/2019\/wp-content\/uploads\/2022\/03\/Valter-2-447x420.jpg 447w\" sizes=\"auto, (max-width: 1280px) 100vw, 1280px\" \/><\/p>\n<p style=\"text-align: justify;\">Jorge Zanoni<\/p>\n<p>&nbsp;<\/p>\n","protected":false},"excerpt":{"rendered":"<p>Comunicamos com pesar o falecimento de Valter Jo\u00e3o Rizzi de 77 anos. Estava em tratamento renal por um longo per\u00edodo e acabou n\u00e3o resistindo vindo a \u00f3bito. Foi funcion\u00e1rio da Secretaria Estadual de Agricultura, Professor e Radialista. Participou de notici\u00e1rios e tinha um programa de jornalismo agr\u00e1rio semanal. Deixa a esposa Izabel, filha Valeria, genro, [&hellip;]<\/p>\n","protected":false},"author":1,"featured_media":60933,"comment_status":"closed","ping_status":"open","sticky":false,"template":"","format":"standard","meta":{"footnotes":""},"categories":[178,110],"tags":[],"class_list":["post-60932","post","type-post","status-publish","format-standard","has-post-thumbnail","hentry","category-notadefalecimento","category-noticiasdestaque"],"_links":{"self":[{"href":"https:\/\/jorgezanoni.com.br\/2019\/wp-json\/wp\/v2\/posts\/60932","targetHints":{"allow":["GET"]}}],"collection":[{"href":"https:\/\/jorgezanoni.com.br\/2019\/wp-json\/wp\/v2\/posts"}],"about":[{"href":"https:\/\/jorgezanoni.com.br\/2019\/wp-json\/wp\/v2\/types\/post"}],"author":[{"embeddable":true,"href":"https:\/\/jorgezanoni.com.br\/2019\/wp-json\/wp\/v2\/users\/1"}],"replies":[{"embeddable":true,"href":"https:\/\/jorgezanoni.com.br\/2019\/wp-json\/wp\/v2\/comments?post=60932"}],"version-history":[{"count":0,"href":"https:\/\/jorgezanoni.com.br\/2019\/wp-json\/wp\/v2\/posts\/60932\/revisions"}],"wp:featuredmedia":[{"embeddable":true,"href":"https:\/\/jorgezanoni.com.br\/2019\/wp-json\/wp\/v2\/media\/60933"}],"wp:attachment":[{"href":"https:\/\/jorgezanoni.com.br\/2019\/wp-json\/wp\/v2\/media?parent=60932"}],"wp:term":[{"taxonomy":"category","embeddable":true,"href":"https:\/\/jorgezanoni.com.br\/2019\/wp-json\/wp\/v2\/categories?post=60932"},{"taxonomy":"post_tag","embeddable":true,"href":"https:\/\/jorgezanoni.com.br\/2019\/wp-json\/wp\/v2\/tags?post=60932"}],"curies":[{"name":"wp","href":"https:\/\/api.w.org\/{rel}","templated":true}]}}