{"id":60872,"date":"2022-03-13T17:29:58","date_gmt":"2022-03-13T17:29:58","guid":{"rendered":"https:\/\/jorgezanoni.com.br\/2019\/?p=60872"},"modified":"2022-03-13T17:29:58","modified_gmt":"2022-03-13T17:29:58","slug":"motorista-embriagada-capota-veiculo-na-rodovia-assis-chateaubriand","status":"publish","type":"post","link":"https:\/\/jorgezanoni.com.br\/2019\/motorista-embriagada-capota-veiculo-na-rodovia-assis-chateaubriand\/","title":{"rendered":"Motorista embriagada capota ve\u00edculo na Rodovia Assis Chateaubriand"},"content":{"rendered":"<h2 class=\"content-head__subtitle\" style=\"text-align: justify;\"><strong>Acidente aconteceu no trecho de Regente Feij\u00f3 (SP). Mulher de 26 anos foi conduzida para a delegacia da Pol\u00edcia Civil e permaneceu \u00e0 disposi\u00e7\u00e3o da Justi\u00e7a.<\/strong><\/h2>\n<div class=\"mc-column content-text active-extra-styles \" data-block-type=\"unstyled\" data-block-weight=\"31\" data-block-id=\"2\">\n<p class=\"content-text__container \" style=\"text-align: justify;\" data-track-category=\"Link no Texto\" data-track-links=\"\">Uma mulher de 26 anos foi flagrada embriagada ap\u00f3s capotar o ve\u00edculo que conduzia na Rodovia Assis Chateaubriand (SP-425), em\u00a0<a href=\"https:\/\/g1.globo.com\/sp\/presidente-prudente-regiao\/cidade\/regente-feijo\/\">Regente Feij\u00f3<\/a>\u00a0<a href=\"https:\/\/g1.globo.com\/sp\/presidente-prudente-regiao\/cidade\/regente-feijo\/\">(SP)<\/a>. O acidente aconteceu na madrugada deste domingo (13).<\/p>\n<\/div>\n<div class=\"wall protected-content\">\n<div class=\"mc-column content-text active-extra-styles \" style=\"text-align: justify;\" data-block-type=\"unstyled\" data-block-weight=\"3\" data-block-id=\"3\">\n<p class=\"content-text__container \" data-track-category=\"Link no Texto\" data-track-links=\"\">N\u00e3o houve v\u00edtimas.<\/p>\n<\/div>\n<div class=\"mc-column content-text active-extra-styles \" style=\"text-align: justify;\" data-block-type=\"unstyled\" data-block-weight=\"34\" data-block-id=\"4\">\n<p class=\"content-text__container \" data-track-category=\"Link no Texto\" data-track-links=\"\">De acordo com informa\u00e7\u00f5es da Pol\u00edcia Militar Rodovi\u00e1ria, a jovem conduzia o carro no sentido\u00a0<a href=\"https:\/\/g1.globo.com\/sp\/presidente-prudente-regiao\/cidade\/presidente-prudente\/\">Presidente Prudente<\/a>\u00a0<a href=\"https:\/\/g1.globo.com\/sp\/presidente-prudente-regiao\/cidade\/presidente-prudente\/\">(SP)<\/a>\u00a0\u2013\u00a0<a href=\"https:\/\/g1.globo.com\/sp\/presidente-prudente-regiao\/cidade\/martinopolis-sp\/\">Martin\u00f3polis<\/a>\u00a0<a href=\"https:\/\/g1.globo.com\/sp\/presidente-prudente-regiao\/cidade\/martinopolis-sp\/\">(SP)<\/a>, quando perdeu o controle da dire\u00e7\u00e3o, bateu na defensa de concreto e capotou.<\/p>\n<\/div>\n<div class=\"mc-column content-text active-extra-styles \" style=\"text-align: justify;\" data-block-type=\"unstyled\" data-block-weight=\"18\" data-block-id=\"5\">\n<p class=\"content-text__container \" data-track-category=\"Link no Texto\" data-track-links=\"\">Segundo a pol\u00edcia, a motorista apresentava sinal de embriaguez e foi convidada a realizar o teste do baf\u00f4metro.<\/p>\n<\/div>\n<div class=\"mc-column content-text active-extra-styles \" data-block-type=\"unstyled\" data-block-weight=\"34\" data-block-id=\"6\">\n<p class=\"content-text__container \" style=\"text-align: justify;\" data-track-category=\"Link no Texto\" data-track-links=\"\">O resultado do teste caracterizou o crime de conduzir ve\u00edculo automotor com capacidade psicomotora alterada em raz\u00e3o da influ\u00eancia de \u00e1lcool, previsto no artigo 306 do C\u00f3digo de Tr\u00e2nsito Brasileiro (CTB), conforme a pol\u00edcia.<\/p>\n<p style=\"text-align: justify;\" data-track-category=\"Link no Texto\" data-track-links=\"\">Ap\u00f3s o flagrante, a mulher foi conduzida para a delegacia da Pol\u00edcia Civil do munic\u00edpio, onde permaneceu \u00e0 disposi\u00e7\u00e3o da Justi\u00e7a.<\/p>\n<p style=\"text-align: justify;\" data-track-category=\"Link no Texto\" data-track-links=\"\">Fonte: G1<\/p>\n<\/div>\n<\/div>\n","protected":false},"excerpt":{"rendered":"<p>Acidente aconteceu no trecho de Regente Feij\u00f3 (SP). Mulher de 26 anos foi conduzida para a delegacia da Pol\u00edcia Civil e permaneceu \u00e0 disposi\u00e7\u00e3o da Justi\u00e7a. Uma mulher de 26 anos foi flagrada embriagada ap\u00f3s capotar o ve\u00edculo que conduzia na Rodovia Assis Chateaubriand (SP-425), em\u00a0Regente Feij\u00f3\u00a0(SP). O acidente aconteceu na madrugada deste domingo (13). [&hellip;]<\/p>\n","protected":false},"author":1,"featured_media":60873,"comment_status":"closed","ping_status":"open","sticky":false,"template":"","format":"standard","meta":{"footnotes":""},"categories":[170,110],"tags":[],"class_list":["post-60872","post","type-post","status-publish","format-standard","has-post-thumbnail","hentry","category-acidentes","category-noticiasdestaque"],"_links":{"self":[{"href":"https:\/\/jorgezanoni.com.br\/2019\/wp-json\/wp\/v2\/posts\/60872","targetHints":{"allow":["GET"]}}],"collection":[{"href":"https:\/\/jorgezanoni.com.br\/2019\/wp-json\/wp\/v2\/posts"}],"about":[{"href":"https:\/\/jorgezanoni.com.br\/2019\/wp-json\/wp\/v2\/types\/post"}],"author":[{"embeddable":true,"href":"https:\/\/jorgezanoni.com.br\/2019\/wp-json\/wp\/v2\/users\/1"}],"replies":[{"embeddable":true,"href":"https:\/\/jorgezanoni.com.br\/2019\/wp-json\/wp\/v2\/comments?post=60872"}],"version-history":[{"count":0,"href":"https:\/\/jorgezanoni.com.br\/2019\/wp-json\/wp\/v2\/posts\/60872\/revisions"}],"wp:featuredmedia":[{"embeddable":true,"href":"https:\/\/jorgezanoni.com.br\/2019\/wp-json\/wp\/v2\/media\/60873"}],"wp:attachment":[{"href":"https:\/\/jorgezanoni.com.br\/2019\/wp-json\/wp\/v2\/media?parent=60872"}],"wp:term":[{"taxonomy":"category","embeddable":true,"href":"https:\/\/jorgezanoni.com.br\/2019\/wp-json\/wp\/v2\/categories?post=60872"},{"taxonomy":"post_tag","embeddable":true,"href":"https:\/\/jorgezanoni.com.br\/2019\/wp-json\/wp\/v2\/tags?post=60872"}],"curies":[{"name":"wp","href":"https:\/\/api.w.org\/{rel}","templated":true}]}}