{"id":60868,"date":"2022-03-13T17:10:32","date_gmt":"2022-03-13T17:10:32","guid":{"rendered":"https:\/\/jorgezanoni.com.br\/2019\/?p=60868"},"modified":"2022-03-13T17:10:32","modified_gmt":"2022-03-13T17:10:32","slug":"paulo-roberto-sampaio-e-homenageado-e-da-nome-a-campo-de-futebol","status":"publish","type":"post","link":"https:\/\/jorgezanoni.com.br\/2019\/paulo-roberto-sampaio-e-homenageado-e-da-nome-a-campo-de-futebol\/","title":{"rendered":"Paulo Roberto Sampaio \u00e9 homenageado e d\u00e1 nome a campo de futebol"},"content":{"rendered":"<p style=\"text-align: justify;\">O Amigo rec\u00e9m falecido, foi homenageado em jantar festivo do Cobra Futebol Clube que est\u00e1 comemorando 43 anos de exist\u00eancia, 22 dois quais ele participou das atividades, inclusive tendo sido seu presidente.<\/p>\n<p style=\"text-align: justify;\">Em noite de muita emo\u00e7\u00e3o, com a presen\u00e7a da esposa Maria Mirtes, filho Paulo Roberto, nora Dani e neta Maria Rita todos os presentes puderam reviver muitos momentos do homenageado, onde foi exibido um filme. Ap\u00f3s uma placa comunicando que a partir de agora o campo onde o Cobra treina na ABD vai se chamar &#8220;Campo de Treino Paulo Roberto Sampaio&#8221;, foi entregue \u00e0 fam\u00edlia.<\/p>\n<p style=\"text-align: justify;\">A fam\u00edlia do homenageado agradece a todos os componentes, inclusive os que j\u00e1 passaram pelo Cobra F.C. e tiveram o prazer do conv\u00edvio do Paulo Sampaio.<\/p>\n<p>O v\u00eddeo pode ser conferido no link: https:\/\/drive.google.com\/file\/d\/1lJ7pXP3YwnxPufJxJoVabWNR6b5Al2_V\/view<\/p>\n<p><img loading=\"lazy\" decoding=\"async\" class=\"alignnone size-full wp-image-60869\" src=\"https:\/\/jorgezanoni.com.br\/2019\/wp-content\/uploads\/2022\/03\/Paulo-2.jpg\" alt=\"\" width=\"858\" height=\"551\" srcset=\"https:\/\/jorgezanoni.com.br\/2019\/wp-content\/uploads\/2022\/03\/Paulo-2.jpg 858w, https:\/\/jorgezanoni.com.br\/2019\/wp-content\/uploads\/2022\/03\/Paulo-2-300x193.jpg 300w, https:\/\/jorgezanoni.com.br\/2019\/wp-content\/uploads\/2022\/03\/Paulo-2-768x493.jpg 768w, https:\/\/jorgezanoni.com.br\/2019\/wp-content\/uploads\/2022\/03\/Paulo-2-696x447.jpg 696w, https:\/\/jorgezanoni.com.br\/2019\/wp-content\/uploads\/2022\/03\/Paulo-2-654x420.jpg 654w\" sizes=\"auto, (max-width: 858px) 100vw, 858px\" \/><\/p>\n<p>Jorge Zanoni<\/p>\n","protected":false},"excerpt":{"rendered":"<p>O Amigo rec\u00e9m falecido, foi homenageado em jantar festivo do Cobra Futebol Clube que est\u00e1 comemorando 43 anos de exist\u00eancia, 22 dois quais ele participou das atividades, inclusive tendo sido seu presidente. Em noite de muita emo\u00e7\u00e3o, com a presen\u00e7a da esposa Maria Mirtes, filho Paulo Roberto, nora Dani e neta Maria Rita todos os [&hellip;]<\/p>\n","protected":false},"author":1,"featured_media":60870,"comment_status":"closed","ping_status":"open","sticky":false,"template":"","format":"standard","meta":{"footnotes":""},"categories":[111,110],"tags":[],"class_list":["post-60868","post","type-post","status-publish","format-standard","has-post-thumbnail","hentry","category-esporteecultura","category-noticiasdestaque"],"_links":{"self":[{"href":"https:\/\/jorgezanoni.com.br\/2019\/wp-json\/wp\/v2\/posts\/60868","targetHints":{"allow":["GET"]}}],"collection":[{"href":"https:\/\/jorgezanoni.com.br\/2019\/wp-json\/wp\/v2\/posts"}],"about":[{"href":"https:\/\/jorgezanoni.com.br\/2019\/wp-json\/wp\/v2\/types\/post"}],"author":[{"embeddable":true,"href":"https:\/\/jorgezanoni.com.br\/2019\/wp-json\/wp\/v2\/users\/1"}],"replies":[{"embeddable":true,"href":"https:\/\/jorgezanoni.com.br\/2019\/wp-json\/wp\/v2\/comments?post=60868"}],"version-history":[{"count":0,"href":"https:\/\/jorgezanoni.com.br\/2019\/wp-json\/wp\/v2\/posts\/60868\/revisions"}],"wp:featuredmedia":[{"embeddable":true,"href":"https:\/\/jorgezanoni.com.br\/2019\/wp-json\/wp\/v2\/media\/60870"}],"wp:attachment":[{"href":"https:\/\/jorgezanoni.com.br\/2019\/wp-json\/wp\/v2\/media?parent=60868"}],"wp:term":[{"taxonomy":"category","embeddable":true,"href":"https:\/\/jorgezanoni.com.br\/2019\/wp-json\/wp\/v2\/categories?post=60868"},{"taxonomy":"post_tag","embeddable":true,"href":"https:\/\/jorgezanoni.com.br\/2019\/wp-json\/wp\/v2\/tags?post=60868"}],"curies":[{"name":"wp","href":"https:\/\/api.w.org\/{rel}","templated":true}]}}