{"id":6077,"date":"2019-09-13T12:09:26","date_gmt":"2019-09-13T12:09:26","guid":{"rendered":"https:\/\/jorgezanoni.com.br\/2019\/?p=6077"},"modified":"2019-09-13T12:09:26","modified_gmt":"2019-09-13T12:09:26","slug":"dracena-tempersul-e-superado-pelo-sao-jose","status":"publish","type":"post","link":"https:\/\/jorgezanoni.com.br\/2019\/dracena-tempersul-e-superado-pelo-sao-jose\/","title":{"rendered":"Dracena Tempersul \u00e9 superado pelo S\u00e3o Jos\u00e9"},"content":{"rendered":"<p style=\"font-weight: 400; text-align: justify;\">Jogando no Vale do Para\u00edba, o Dracena Futsal Tempersul foi derrotado pelo S\u00e3o Jos\u00e9, placar de 3 a 2, e conheceu sua primeira derrota na Liga Paulista 2019. Com o resultado, a equipe permanece com seis pontos em tr\u00eas jogos.<\/p>\n<p style=\"font-weight: 400; text-align: justify;\">Os gols dracenenses foram anotados por Dario e Rafa Martins, ainda no primeiro tempo. Vitinho, Romada e Banana marcaram por S\u00e3o Jos\u00e9.<\/p>\n<p style=\"font-weight: 400; text-align: justify;\">&#8220;Foi um jogo decidido nos detalhes. Agora \u00e9 hora de corrigir as falhas e focar no jogo contra S\u00e3o Caetano&#8221;, analisou o capit\u00e3o Dario.<\/p>\n<p style=\"font-weight: 400; text-align: justify;\">Para o t\u00e9cnico Edilson Leite, &#8220;n\u00e3o existe merecimento e sim compet\u00eancia. Fizemos um primeiro tempo primoroso e poder\u00edamos ter sa\u00eddo com um placar mais el\u00e1stico, mas pecamos na finaliza\u00e7\u00e3o e nos \u00faltimos passes. Voltamos dispersos para o segundo tempo e sofremos a virada em dois lances que estudamos e sab\u00edamos da movimenta\u00e7\u00e3o.\u00a0Tivemos o dom\u00ednio das a\u00e7\u00f5es at\u00e9 o final da partida, mas n\u00e3o fomos competentes em fazer os gols que criamos&#8221;.<\/p>\n<p style=\"font-weight: 400; text-align: justify;\">Para o estreante Boc\u00e3o, &#8220;a estreia teve um gosto amargo pela derrota. Agora \u00e9 erguer a cabe\u00e7a e continuar trabalhando&#8221;.<\/p>\n<p style=\"font-weight: 400; text-align: justify;\">O pr\u00f3ximo jogo do Dracena Tempersul ser\u00e1 no gin\u00e1sio Alaor Ferrari, dia 20 de setembro, contra o S\u00e3o Caetano. A bola rola a partir das 20h15.<\/p>\n<p style=\"text-align: justify;\">Fonte: Assessoria Tempersul<\/p>\n<p>Imagem Arquivo<\/p>\n","protected":false},"excerpt":{"rendered":"<p>Jogando no Vale do Para\u00edba, o Dracena Futsal Tempersul foi derrotado pelo S\u00e3o Jos\u00e9, placar de 3 a 2, e conheceu sua primeira derrota na Liga Paulista 2019. Com o resultado, a equipe permanece com seis pontos em tr\u00eas jogos. Os gols dracenenses foram anotados por Dario e Rafa Martins, ainda no primeiro tempo. Vitinho, [&hellip;]<\/p>\n","protected":false},"author":1,"featured_media":6078,"comment_status":"closed","ping_status":"open","sticky":false,"template":"","format":"standard","meta":{"footnotes":""},"categories":[111],"tags":[],"class_list":["post-6077","post","type-post","status-publish","format-standard","has-post-thumbnail","hentry","category-esporteecultura"],"_links":{"self":[{"href":"https:\/\/jorgezanoni.com.br\/2019\/wp-json\/wp\/v2\/posts\/6077","targetHints":{"allow":["GET"]}}],"collection":[{"href":"https:\/\/jorgezanoni.com.br\/2019\/wp-json\/wp\/v2\/posts"}],"about":[{"href":"https:\/\/jorgezanoni.com.br\/2019\/wp-json\/wp\/v2\/types\/post"}],"author":[{"embeddable":true,"href":"https:\/\/jorgezanoni.com.br\/2019\/wp-json\/wp\/v2\/users\/1"}],"replies":[{"embeddable":true,"href":"https:\/\/jorgezanoni.com.br\/2019\/wp-json\/wp\/v2\/comments?post=6077"}],"version-history":[{"count":0,"href":"https:\/\/jorgezanoni.com.br\/2019\/wp-json\/wp\/v2\/posts\/6077\/revisions"}],"wp:featuredmedia":[{"embeddable":true,"href":"https:\/\/jorgezanoni.com.br\/2019\/wp-json\/wp\/v2\/media\/6078"}],"wp:attachment":[{"href":"https:\/\/jorgezanoni.com.br\/2019\/wp-json\/wp\/v2\/media?parent=6077"}],"wp:term":[{"taxonomy":"category","embeddable":true,"href":"https:\/\/jorgezanoni.com.br\/2019\/wp-json\/wp\/v2\/categories?post=6077"},{"taxonomy":"post_tag","embeddable":true,"href":"https:\/\/jorgezanoni.com.br\/2019\/wp-json\/wp\/v2\/tags?post=6077"}],"curies":[{"name":"wp","href":"https:\/\/api.w.org\/{rel}","templated":true}]}}