{"id":60757,"date":"2022-03-12T15:13:05","date_gmt":"2022-03-12T15:13:05","guid":{"rendered":"https:\/\/jorgezanoni.com.br\/2019\/?p=60757"},"modified":"2022-03-12T15:13:05","modified_gmt":"2022-03-12T15:13:05","slug":"vitima-fatal-do-acidente-de-ontem-na-sp-294-e-morador-de-dracena","status":"publish","type":"post","link":"https:\/\/jorgezanoni.com.br\/2019\/vitima-fatal-do-acidente-de-ontem-na-sp-294-e-morador-de-dracena\/","title":{"rendered":"V\u00edtima fatal do acidente de ontem na SP-294, \u00e9 morador de Dracena"},"content":{"rendered":"<p style=\"text-align: justify;\">Fernando Aparecido Pereira de 41 anos, foi a v\u00edtima fatal do grave acidente registrado ontem por volta de 18:30 Horas na SP-294 em Junqueir\u00f3polis. Ele \u00e9 morador da Rua \u00c9rico Ver\u00edssimo.<\/p>\n<p style=\"text-align: justify;\">Outras tres pessoas ficaram gravemente feridos.\u00a0Fernando era passageiro do ve\u00edculo Voyage placas de Dracena.<\/p>\n<p style=\"text-align: justify;\">O motorista do Voyage foi transferido para o Hospital de Presidente Prudente, j\u00e1 o outro passageiro do Voyage e o motorista do Prisma, foram liberados hoje pela manh\u00e3 da Santa Casa de Dracena.<\/p>\n<p style=\"text-align: justify;\">Jorge Zanoni<\/p>\n<p><img loading=\"lazy\" decoding=\"async\" class=\"alignnone size-full wp-image-60758\" src=\"https:\/\/jorgezanoni.com.br\/2019\/wp-content\/uploads\/2022\/03\/Fernando.jpg\" alt=\"\" width=\"1280\" height=\"1200\" srcset=\"https:\/\/jorgezanoni.com.br\/2019\/wp-content\/uploads\/2022\/03\/Fernando.jpg 1280w, https:\/\/jorgezanoni.com.br\/2019\/wp-content\/uploads\/2022\/03\/Fernando-300x281.jpg 300w, https:\/\/jorgezanoni.com.br\/2019\/wp-content\/uploads\/2022\/03\/Fernando-1024x960.jpg 1024w, https:\/\/jorgezanoni.com.br\/2019\/wp-content\/uploads\/2022\/03\/Fernando-768x720.jpg 768w, https:\/\/jorgezanoni.com.br\/2019\/wp-content\/uploads\/2022\/03\/Fernando-696x653.jpg 696w, https:\/\/jorgezanoni.com.br\/2019\/wp-content\/uploads\/2022\/03\/Fernando-1068x1001.jpg 1068w, https:\/\/jorgezanoni.com.br\/2019\/wp-content\/uploads\/2022\/03\/Fernando-448x420.jpg 448w\" sizes=\"auto, (max-width: 1280px) 100vw, 1280px\" \/><\/p>\n","protected":false},"excerpt":{"rendered":"<p>Fernando Aparecido Pereira de 41 anos, foi a v\u00edtima fatal do grave acidente registrado ontem por volta de 18:30 Horas na SP-294 em Junqueir\u00f3polis. Ele \u00e9 morador da Rua \u00c9rico Ver\u00edssimo. Outras tres pessoas ficaram gravemente feridos.\u00a0Fernando era passageiro do ve\u00edculo Voyage placas de Dracena. O motorista do Voyage foi transferido para o Hospital de [&hellip;]<\/p>\n","protected":false},"author":1,"featured_media":60759,"comment_status":"closed","ping_status":"open","sticky":false,"template":"","format":"standard","meta":{"footnotes":""},"categories":[170,178,110],"tags":[],"class_list":["post-60757","post","type-post","status-publish","format-standard","has-post-thumbnail","hentry","category-acidentes","category-notadefalecimento","category-noticiasdestaque"],"_links":{"self":[{"href":"https:\/\/jorgezanoni.com.br\/2019\/wp-json\/wp\/v2\/posts\/60757","targetHints":{"allow":["GET"]}}],"collection":[{"href":"https:\/\/jorgezanoni.com.br\/2019\/wp-json\/wp\/v2\/posts"}],"about":[{"href":"https:\/\/jorgezanoni.com.br\/2019\/wp-json\/wp\/v2\/types\/post"}],"author":[{"embeddable":true,"href":"https:\/\/jorgezanoni.com.br\/2019\/wp-json\/wp\/v2\/users\/1"}],"replies":[{"embeddable":true,"href":"https:\/\/jorgezanoni.com.br\/2019\/wp-json\/wp\/v2\/comments?post=60757"}],"version-history":[{"count":0,"href":"https:\/\/jorgezanoni.com.br\/2019\/wp-json\/wp\/v2\/posts\/60757\/revisions"}],"wp:featuredmedia":[{"embeddable":true,"href":"https:\/\/jorgezanoni.com.br\/2019\/wp-json\/wp\/v2\/media\/60759"}],"wp:attachment":[{"href":"https:\/\/jorgezanoni.com.br\/2019\/wp-json\/wp\/v2\/media?parent=60757"}],"wp:term":[{"taxonomy":"category","embeddable":true,"href":"https:\/\/jorgezanoni.com.br\/2019\/wp-json\/wp\/v2\/categories?post=60757"},{"taxonomy":"post_tag","embeddable":true,"href":"https:\/\/jorgezanoni.com.br\/2019\/wp-json\/wp\/v2\/tags?post=60757"}],"curies":[{"name":"wp","href":"https:\/\/api.w.org\/{rel}","templated":true}]}}