{"id":60740,"date":"2022-03-12T00:58:50","date_gmt":"2022-03-12T00:58:50","guid":{"rendered":"https:\/\/jorgezanoni.com.br\/2019\/?p=60740"},"modified":"2022-03-12T00:59:48","modified_gmt":"2022-03-12T00:59:48","slug":"diretor-jader-do-laboratorio-mastellini-visitou-seguimentos-em-dracena-e-regiao","status":"publish","type":"post","link":"https:\/\/jorgezanoni.com.br\/2019\/diretor-jader-do-laboratorio-mastellini-visitou-seguimentos-em-dracena-e-regiao\/","title":{"rendered":"Diretor Jader do Laborat\u00f3rio Mastellini visitou seguimentos em Dracena e regi\u00e3o"},"content":{"rendered":"<h5 class=\"entry-title\" style=\"text-align: justify;\">Nesta quinta e sexta-feira (10\/11), Jader Mastellini, diretor do Laborat\u00f3rio Mastellini fez mais algumas visitas para colocar o trabalho de toda sua equipe \u00e0 disposi\u00e7\u00e3o de toda a popula\u00e7\u00e3o dracenense e da regi\u00e3o.<\/h5>\n<p style=\"text-align: justify;\">Entre outras visitas, esteve na Prefeitura Municipal de Junqueir\u00f3polis, onde foi recebido pelo prefeito Osmar Pinatto, na Santa Casa de Dracena foi recebido por Hermes Tamura vice-provedor, Antonio F\u00e1varo Tesoureiro e Celso Kashiura Diretor Jur\u00eddico, no Grupo Troyano de Supermercados foi recebido pelo gerente geral Edilson Camargo.<\/p>\n<p style=\"text-align: justify;\">O motivo da visita \u00e9 se apresentar aos dracenenses e regi\u00e3o, para colocar o Laborat\u00f3rio de An\u00e1lises Cl\u00ednicas \u00e0 disposi\u00e7\u00e3o das empresas, entidades. \u00f3rg\u00e3os p\u00fablicos e toda a popula\u00e7\u00e3o com tudo que h\u00e1 de mais moderno. Na oportunidade convidou os visitados para a <strong>Inaugura\u00e7\u00e3o Oficial do Laborat\u00f3rio Mastellini\u00a0<\/strong>que ser\u00e1 neste s\u00e1bado (12) \u00e0s 09:00 Horas na Av. Presidente Vargas esquina com a Avenida Rui Barbosa.<\/p>\n<p><img loading=\"lazy\" decoding=\"async\" class=\"alignnone size-full wp-image-60741\" src=\"https:\/\/jorgezanoni.com.br\/2019\/wp-content\/uploads\/2022\/03\/IMG_4279-scaled.jpg\" alt=\"\" width=\"2560\" height=\"1920\" srcset=\"https:\/\/jorgezanoni.com.br\/2019\/wp-content\/uploads\/2022\/03\/IMG_4279-scaled.jpg 2560w, https:\/\/jorgezanoni.com.br\/2019\/wp-content\/uploads\/2022\/03\/IMG_4279-300x225.jpg 300w, https:\/\/jorgezanoni.com.br\/2019\/wp-content\/uploads\/2022\/03\/IMG_4279-1024x768.jpg 1024w, https:\/\/jorgezanoni.com.br\/2019\/wp-content\/uploads\/2022\/03\/IMG_4279-768x576.jpg 768w, https:\/\/jorgezanoni.com.br\/2019\/wp-content\/uploads\/2022\/03\/IMG_4279-1536x1152.jpg 1536w, https:\/\/jorgezanoni.com.br\/2019\/wp-content\/uploads\/2022\/03\/IMG_4279-2048x1536.jpg 2048w, https:\/\/jorgezanoni.com.br\/2019\/wp-content\/uploads\/2022\/03\/IMG_4279-80x60.jpg 80w, https:\/\/jorgezanoni.com.br\/2019\/wp-content\/uploads\/2022\/03\/IMG_4279-265x198.jpg 265w, https:\/\/jorgezanoni.com.br\/2019\/wp-content\/uploads\/2022\/03\/IMG_4279-696x522.jpg 696w, https:\/\/jorgezanoni.com.br\/2019\/wp-content\/uploads\/2022\/03\/IMG_4279-1068x801.jpg 1068w, https:\/\/jorgezanoni.com.br\/2019\/wp-content\/uploads\/2022\/03\/IMG_4279-560x420.jpg 560w\" sizes=\"auto, (max-width: 2560px) 100vw, 2560px\" \/> <img loading=\"lazy\" decoding=\"async\" class=\"alignnone size-full wp-image-60742\" src=\"https:\/\/jorgezanoni.com.br\/2019\/wp-content\/uploads\/2022\/03\/Jader.jpg\" alt=\"\" width=\"1200\" height=\"1600\" srcset=\"https:\/\/jorgezanoni.com.br\/2019\/wp-content\/uploads\/2022\/03\/Jader.jpg 1200w, https:\/\/jorgezanoni.com.br\/2019\/wp-content\/uploads\/2022\/03\/Jader-225x300.jpg 225w, https:\/\/jorgezanoni.com.br\/2019\/wp-content\/uploads\/2022\/03\/Jader-768x1024.jpg 768w, https:\/\/jorgezanoni.com.br\/2019\/wp-content\/uploads\/2022\/03\/Jader-1152x1536.jpg 1152w, https:\/\/jorgezanoni.com.br\/2019\/wp-content\/uploads\/2022\/03\/Jader-696x928.jpg 696w, https:\/\/jorgezanoni.com.br\/2019\/wp-content\/uploads\/2022\/03\/Jader-1068x1424.jpg 1068w, https:\/\/jorgezanoni.com.br\/2019\/wp-content\/uploads\/2022\/03\/Jader-315x420.jpg 315w\" sizes=\"auto, (max-width: 1200px) 100vw, 1200px\" \/> <img loading=\"lazy\" decoding=\"async\" class=\"alignnone size-full wp-image-60743\" src=\"https:\/\/jorgezanoni.com.br\/2019\/wp-content\/uploads\/2022\/03\/Jader1.jpg\" alt=\"\" width=\"1600\" height=\"1200\" srcset=\"https:\/\/jorgezanoni.com.br\/2019\/wp-content\/uploads\/2022\/03\/Jader1.jpg 1600w, https:\/\/jorgezanoni.com.br\/2019\/wp-content\/uploads\/2022\/03\/Jader1-300x225.jpg 300w, https:\/\/jorgezanoni.com.br\/2019\/wp-content\/uploads\/2022\/03\/Jader1-1024x768.jpg 1024w, https:\/\/jorgezanoni.com.br\/2019\/wp-content\/uploads\/2022\/03\/Jader1-768x576.jpg 768w, https:\/\/jorgezanoni.com.br\/2019\/wp-content\/uploads\/2022\/03\/Jader1-1536x1152.jpg 1536w, https:\/\/jorgezanoni.com.br\/2019\/wp-content\/uploads\/2022\/03\/Jader1-80x60.jpg 80w, https:\/\/jorgezanoni.com.br\/2019\/wp-content\/uploads\/2022\/03\/Jader1-265x198.jpg 265w, https:\/\/jorgezanoni.com.br\/2019\/wp-content\/uploads\/2022\/03\/Jader1-696x522.jpg 696w, https:\/\/jorgezanoni.com.br\/2019\/wp-content\/uploads\/2022\/03\/Jader1-1068x801.jpg 1068w, https:\/\/jorgezanoni.com.br\/2019\/wp-content\/uploads\/2022\/03\/Jader1-560x420.jpg 560w\" sizes=\"auto, (max-width: 1600px) 100vw, 1600px\" \/>Jorge Zanoni<\/p>\n","protected":false},"excerpt":{"rendered":"<p>Nesta quinta e sexta-feira (10\/11), Jader Mastellini, diretor do Laborat\u00f3rio Mastellini fez mais algumas visitas para colocar o trabalho de toda sua equipe \u00e0 disposi\u00e7\u00e3o de toda a popula\u00e7\u00e3o dracenense e da regi\u00e3o. Entre outras visitas, esteve na Prefeitura Municipal de Junqueir\u00f3polis, onde foi recebido pelo prefeito Osmar Pinatto, na Santa Casa de Dracena foi [&hellip;]<\/p>\n","protected":false},"author":1,"featured_media":60744,"comment_status":"closed","ping_status":"open","sticky":false,"template":"","format":"standard","meta":{"footnotes":""},"categories":[179,184,110],"tags":[],"class_list":["post-60740","post","type-post","status-publish","format-standard","has-post-thumbnail","hentry","category-cidadeseregiao","category-dracena","category-noticiasdestaque"],"_links":{"self":[{"href":"https:\/\/jorgezanoni.com.br\/2019\/wp-json\/wp\/v2\/posts\/60740","targetHints":{"allow":["GET"]}}],"collection":[{"href":"https:\/\/jorgezanoni.com.br\/2019\/wp-json\/wp\/v2\/posts"}],"about":[{"href":"https:\/\/jorgezanoni.com.br\/2019\/wp-json\/wp\/v2\/types\/post"}],"author":[{"embeddable":true,"href":"https:\/\/jorgezanoni.com.br\/2019\/wp-json\/wp\/v2\/users\/1"}],"replies":[{"embeddable":true,"href":"https:\/\/jorgezanoni.com.br\/2019\/wp-json\/wp\/v2\/comments?post=60740"}],"version-history":[{"count":0,"href":"https:\/\/jorgezanoni.com.br\/2019\/wp-json\/wp\/v2\/posts\/60740\/revisions"}],"wp:featuredmedia":[{"embeddable":true,"href":"https:\/\/jorgezanoni.com.br\/2019\/wp-json\/wp\/v2\/media\/60744"}],"wp:attachment":[{"href":"https:\/\/jorgezanoni.com.br\/2019\/wp-json\/wp\/v2\/media?parent=60740"}],"wp:term":[{"taxonomy":"category","embeddable":true,"href":"https:\/\/jorgezanoni.com.br\/2019\/wp-json\/wp\/v2\/categories?post=60740"},{"taxonomy":"post_tag","embeddable":true,"href":"https:\/\/jorgezanoni.com.br\/2019\/wp-json\/wp\/v2\/tags?post=60740"}],"curies":[{"name":"wp","href":"https:\/\/api.w.org\/{rel}","templated":true}]}}