{"id":60668,"date":"2022-03-10T23:30:36","date_gmt":"2022-03-10T23:30:36","guid":{"rendered":"https:\/\/jorgezanoni.com.br\/2019\/?p=60668"},"modified":"2022-03-10T23:30:36","modified_gmt":"2022-03-10T23:30:36","slug":"camara-de-dracena-homenageia-voluntarias-pelo-dia-internacional-da-mulher","status":"publish","type":"post","link":"https:\/\/jorgezanoni.com.br\/2019\/camara-de-dracena-homenageia-voluntarias-pelo-dia-internacional-da-mulher\/","title":{"rendered":"C\u00e2mara de Dracena homenageia volunt\u00e1rias pelo Dia Internacional da Mulher"},"content":{"rendered":"<p style=\"text-align: justify;\" align=\"center\"><strong>Ao todo, 23 mulheres receberam Diplomas de Honra ao M\u00e9rito e mensagens dos familiares e amigos.<\/strong><\/p>\n<p style=\"text-align: justify;\">A C\u00e2mara Municipal de Dracena realizou na \u00faltima segunda-feira, 7, a homenagem pelo Dia Internacional da Mulher com entrega de Diplomas de Honra ao M\u00e9rito a mulheres que se destacam no servi\u00e7o \u00e0 comunidade nas diversas entidades assistenciais do munic\u00edpio.<\/p>\n<p style=\"text-align: justify;\">A mesa principal foi composta pelo presidente da C\u00e2mara, Claudinei Millan, pelo prefeito Andr\u00e9 Lemos, pela primeira dama Bianca Kozan Lemos, pela presidente da Comiss\u00e3o da Mulher Advogada de Dracena, Margarete de C\u00e1ssia Lopes, e pela gestora do Cejusc e Presidente do Conselho da Mulher Maria Dias.<\/p>\n<p style=\"text-align: justify;\">Representando o Legislativo, o vereador C\u00e9lio Ferregutti, usou a Tribuna e em seu discurso ressaltou o quanto a vida dele e de todos \u00e9 composta por mulheres que batalharam, se dedicaram e se doaram pelos demais. Exemplo disso, foram as 23 volunt\u00e1rias indicadas pelas pr\u00f3prias entidades para receber a homenagem. &#8220;Nesse trabalho volunt\u00e1rio, essas mulheres cuidam das necessidades humanas mais b\u00e1sicas e que dependem de uma aten\u00e7\u00e3o carinhosa e atenta, que s\u00f3 uma mulher consegue dar.&#8221;<\/p>\n<p style=\"text-align: justify;\">Logo depois, as volunt\u00e1rias foram chamadas uma a uma para receber seu diploma, uma lembran\u00e7a simb\u00f3lica e foram surpreendidas com mensagens em v\u00eddeo enviadas pelos seus familiares e amigos. Para deixar o ambiente ainda mais emotivo, os m\u00fasicos Karina Souza e Jocimar Montanha estiveram presentes e embalaram o p\u00fablico com m\u00fasicas populares brasileiras.<\/p>\n<p style=\"text-align: justify;\">Ao final da solenidade, a homenageada Maria Aparecida Cardoso Silva, volunt\u00e1ria do Grupo de Fraternidade Esp\u00edrita &#8220;Severino Chagas&#8221;, agradeceu em nome de todas as mulheres pelo &#8220;carinhoso evento&#8221;, como ela mesma denominou, e &#8220;por valorizar o trabalho volunt\u00e1rio pelas mulheres em favor do pr\u00f3ximo, pois \u00e9 atrav\u00e9s do trabalho amoroso (&#8230;) que teremos um mundo melhor, pois, como Cristo nos legou amor, nos ensinando a servir, c\u00e1 estamos cumprindo com dedica\u00e7\u00e3o essa tarefa.&#8221; Tamb\u00e9m discursaram a primeira dama e o prefeito Andr\u00e9 Lemos.<\/p>\n<p style=\"text-align: justify;\">Quebrando o protocolo, a vereadora Sara pediu para que, em nome da C\u00e2mara e pela data comemorada, fosse prestada homenagem tamb\u00e9m ao Conselho Municipal da Mulher, que vem intensificando os trabalhos em favor das mulheres que sofrem viol\u00eancia dom\u00e9stica e abusos psicol\u00f3gicos, f\u00edsicos e emocionais.<\/p>\n<p style=\"text-align: justify;\">A solenidade na C\u00e2mara pelo Dia Internacional da Mulher foi institu\u00edda atrav\u00e9s da Lei N\u00ba 3.435, de 15.02.07, de iniciativa do pr\u00f3prio Legislativo, e tem sido realizada todos os anos, com exce\u00e7\u00e3o de 2021 devido \u00e0 pandemia.<\/p>\n<p style=\"text-align: justify;\">As fotos e a homenagem na \u00edntegra podem ser vistos nos meios de comunica\u00e7\u00e3o da C\u00e2mara no Facebook, Instagram, YouTube e no site.<\/p>\n<p>Fonte: Assessoria de Imprensa<\/p>\n<div style=\"text-align: justify;\"><\/div>\n","protected":false},"excerpt":{"rendered":"<p>Ao todo, 23 mulheres receberam Diplomas de Honra ao M\u00e9rito e mensagens dos familiares e amigos. A C\u00e2mara Municipal de Dracena realizou na \u00faltima segunda-feira, 7, a homenagem pelo Dia Internacional da Mulher com entrega de Diplomas de Honra ao M\u00e9rito a mulheres que se destacam no servi\u00e7o \u00e0 comunidade nas diversas entidades assistenciais do [&hellip;]<\/p>\n","protected":false},"author":1,"featured_media":60669,"comment_status":"closed","ping_status":"open","sticky":false,"template":"","format":"standard","meta":{"footnotes":""},"categories":[110,116],"tags":[],"class_list":["post-60668","post","type-post","status-publish","format-standard","has-post-thumbnail","hentry","category-noticiasdestaque","category-politicaeeconomia"],"_links":{"self":[{"href":"https:\/\/jorgezanoni.com.br\/2019\/wp-json\/wp\/v2\/posts\/60668","targetHints":{"allow":["GET"]}}],"collection":[{"href":"https:\/\/jorgezanoni.com.br\/2019\/wp-json\/wp\/v2\/posts"}],"about":[{"href":"https:\/\/jorgezanoni.com.br\/2019\/wp-json\/wp\/v2\/types\/post"}],"author":[{"embeddable":true,"href":"https:\/\/jorgezanoni.com.br\/2019\/wp-json\/wp\/v2\/users\/1"}],"replies":[{"embeddable":true,"href":"https:\/\/jorgezanoni.com.br\/2019\/wp-json\/wp\/v2\/comments?post=60668"}],"version-history":[{"count":0,"href":"https:\/\/jorgezanoni.com.br\/2019\/wp-json\/wp\/v2\/posts\/60668\/revisions"}],"wp:featuredmedia":[{"embeddable":true,"href":"https:\/\/jorgezanoni.com.br\/2019\/wp-json\/wp\/v2\/media\/60669"}],"wp:attachment":[{"href":"https:\/\/jorgezanoni.com.br\/2019\/wp-json\/wp\/v2\/media?parent=60668"}],"wp:term":[{"taxonomy":"category","embeddable":true,"href":"https:\/\/jorgezanoni.com.br\/2019\/wp-json\/wp\/v2\/categories?post=60668"},{"taxonomy":"post_tag","embeddable":true,"href":"https:\/\/jorgezanoni.com.br\/2019\/wp-json\/wp\/v2\/tags?post=60668"}],"curies":[{"name":"wp","href":"https:\/\/api.w.org\/{rel}","templated":true}]}}