{"id":60665,"date":"2022-03-10T23:11:45","date_gmt":"2022-03-10T23:11:45","guid":{"rendered":"https:\/\/jorgezanoni.com.br\/2019\/?p=60665"},"modified":"2022-03-10T23:11:45","modified_gmt":"2022-03-10T23:11:45","slug":"sap-forma-648-agentes-de-seguranca-penitenciaria-asps","status":"publish","type":"post","link":"https:\/\/jorgezanoni.com.br\/2019\/sap-forma-648-agentes-de-seguranca-penitenciaria-asps\/","title":{"rendered":"SAP forma 648 Agentes de Seguran\u00e7a Penitenci\u00e1ria (ASPs)\u00a0"},"content":{"rendered":"<div>\n<p class=\"v1xxxxmsonormal\" style=\"text-align: justify;\" align=\"center\"><strong><span class=\"v1xxxxelementtoproof\"><i>Contingente refor\u00e7ar\u00e1 a seguran\u00e7a nos pres\u00eddios.<\/i><\/span><\/strong><i><br \/>\n<\/i><\/p>\n<p class=\"v1xxxxmsonormal\" style=\"text-align: justify;\"><span class=\"v1xxxxelementtoproof\">A Secretaria da Administra\u00e7\u00e3o Penitenci\u00e1ria (SAP) entregar\u00e1 no pr\u00f3ximo dia 15, \u00e0s 10h, certificados da conclus\u00e3o do\u00a0Curso de Forma\u00e7\u00e3o T\u00e9cnico Profissional para 648 Agentes de Seguran\u00e7a Penitenci\u00e1ria. A solenidade ser\u00e1\u00a0no Belenzinho, na zona leste da capital. Ser\u00e3o seguidos todos os protocolos contra a Covid-19. Os novos servidores ir\u00e3o atuar internamente na seguran\u00e7a e disciplina das unidades.\u00a0<\/span><\/p>\n<p class=\"v1xxxxmsonormal\" style=\"text-align: justify;\"><span class=\"v1xxxxelementtoproof\">O curso durou cinco meses e foi ministrado na Escola de Administra\u00e7\u00e3o Penitenci\u00e1ria com 466 horas-aula. Entre as\u00a0disciplinas est\u00e3o\u00a0Desenvolvimento Humano\/Qualidade de Vida &#8211;\u00a0Direitos Humanos e \u00c9tica, Rela\u00e7\u00f5es Humanas no Trabalho, Sa\u00fade do Trabalhador, Administra\u00e7\u00e3o\/Gest\u00e3o, Legisla\u00e7\u00e3o Aplicada \u00e0 Atividade Penitenci\u00e1ria, Sindic\u00e2ncia e Processo Administrativo, al\u00e9m de Seguran\u00e7a e Disciplina &#8211;\u00a0Pr\u00e1tica do Servi\u00e7o Penitenci\u00e1rio e<\/span>\u00a0Reintegra\u00e7\u00e3o Social &#8211; Reintegra\u00e7\u00e3o Social.<\/p>\n<p class=\"v1xxxxmsonormal\" style=\"text-align: justify;\"><span class=\"v1xxxxelementtoproof\">O Secret\u00e1rio Coronel Nivaldo Restivo destaca a import\u00e2ncia da categoria no cotidiano do sistema prisional. &#8220;Parabenizo os agentes que ir\u00e3o desempenhar papel fundamental na condu\u00e7\u00e3o das boas pr\u00e1ticas desta Pasta&#8221;, afirma.\u00a0<\/span><\/p>\n<p class=\"v1xxxxmsonormal\" style=\"text-align: justify;\"><span class=\"v1xxxxelementtoproof\"><b>Servi\u00e7o:<\/b><\/span><\/p>\n<p><span class=\"v1xxxxelementtoproof\">Quando: 15\/03\/2022, \u00e0s 10h<\/span><\/p>\n<p class=\"v1xxxxmsonormal\" style=\"text-align: justify;\"><span class=\"v1xxxxelementtoproof\">Onde: Igreja da Assembleia de Deus, na Rua Jo\u00e3o Tobias, 271, Belenzinho<\/span><\/p>\n<\/div>\n<div>\n<div id=\"v1Signature\">\n<div>\n<div style=\"text-align: justify;\">Respeitosamente,<\/div>\n<div><\/div>\n<div><img loading=\"lazy\" decoding=\"async\" src=\"https:\/\/www.jorgezanoni.com.br:2096\/cpsess4981179349\/3rdparty\/roundcube\/?_task=mail&amp;_action=get&amp;_mbox=INBOX&amp;_uid=34605&amp;_token=7T8nfwlDhheqHgOQcoV4VURZF0lzxCZJ&amp;_part=2&amp;_embed=1&amp;_mimeclass=image\" width=\"387\" height=\"123\" \/><\/div>\n<\/div>\n<\/div>\n<\/div>\n","protected":false},"excerpt":{"rendered":"<p>Contingente refor\u00e7ar\u00e1 a seguran\u00e7a nos pres\u00eddios. A Secretaria da Administra\u00e7\u00e3o Penitenci\u00e1ria (SAP) entregar\u00e1 no pr\u00f3ximo dia 15, \u00e0s 10h, certificados da conclus\u00e3o do\u00a0Curso de Forma\u00e7\u00e3o T\u00e9cnico Profissional para 648 Agentes de Seguran\u00e7a Penitenci\u00e1ria. A solenidade ser\u00e1\u00a0no Belenzinho, na zona leste da capital. Ser\u00e3o seguidos todos os protocolos contra a Covid-19. Os novos servidores ir\u00e3o atuar [&hellip;]<\/p>\n","protected":false},"author":1,"featured_media":60666,"comment_status":"closed","ping_status":"open","sticky":false,"template":"","format":"standard","meta":{"footnotes":""},"categories":[114,110],"tags":[],"class_list":["post-60665","post","type-post","status-publish","format-standard","has-post-thumbnail","hentry","category-geralecomercio","category-noticiasdestaque"],"_links":{"self":[{"href":"https:\/\/jorgezanoni.com.br\/2019\/wp-json\/wp\/v2\/posts\/60665","targetHints":{"allow":["GET"]}}],"collection":[{"href":"https:\/\/jorgezanoni.com.br\/2019\/wp-json\/wp\/v2\/posts"}],"about":[{"href":"https:\/\/jorgezanoni.com.br\/2019\/wp-json\/wp\/v2\/types\/post"}],"author":[{"embeddable":true,"href":"https:\/\/jorgezanoni.com.br\/2019\/wp-json\/wp\/v2\/users\/1"}],"replies":[{"embeddable":true,"href":"https:\/\/jorgezanoni.com.br\/2019\/wp-json\/wp\/v2\/comments?post=60665"}],"version-history":[{"count":0,"href":"https:\/\/jorgezanoni.com.br\/2019\/wp-json\/wp\/v2\/posts\/60665\/revisions"}],"wp:featuredmedia":[{"embeddable":true,"href":"https:\/\/jorgezanoni.com.br\/2019\/wp-json\/wp\/v2\/media\/60666"}],"wp:attachment":[{"href":"https:\/\/jorgezanoni.com.br\/2019\/wp-json\/wp\/v2\/media?parent=60665"}],"wp:term":[{"taxonomy":"category","embeddable":true,"href":"https:\/\/jorgezanoni.com.br\/2019\/wp-json\/wp\/v2\/categories?post=60665"},{"taxonomy":"post_tag","embeddable":true,"href":"https:\/\/jorgezanoni.com.br\/2019\/wp-json\/wp\/v2\/tags?post=60665"}],"curies":[{"name":"wp","href":"https:\/\/api.w.org\/{rel}","templated":true}]}}