{"id":60658,"date":"2022-03-10T22:51:54","date_gmt":"2022-03-10T22:51:54","guid":{"rendered":"https:\/\/jorgezanoni.com.br\/2019\/?p=60658"},"modified":"2022-03-10T22:51:54","modified_gmt":"2022-03-10T22:51:54","slug":"unifadra-dracena-realiza-a-recepcao-dos-calouros","status":"publish","type":"post","link":"https:\/\/jorgezanoni.com.br\/2019\/unifadra-dracena-realiza-a-recepcao-dos-calouros\/","title":{"rendered":"Unifadra Dracena realiza a recep\u00e7\u00e3o dos calouros"},"content":{"rendered":"<p style=\"text-align: justify;\"><span style=\"font-size: large;\">Na noite de ontem (09), foi realizada a recep\u00e7\u00e3o formal dos calouros na Unifadra Dracena. Na ocasi\u00e3o, os alunos tamb\u00e9m acompanharam a apresenta\u00e7\u00e3o dos diretores da Fundec (mantenedora da Unifadra).<\/span><\/p>\n<p><span style=\"font-size: large;\">Reunidos no Audit\u00f3rio &#8220;Prof. Geraldo Mariano Alves&#8221;, os novos alunos foram recebidos pelo diretor acad\u00eamico\u00a0Prof. Dr. Enio Garbelini, que fez sua mensagem de boas-vindas, e ouviram as palavras de incentivo dos coordenadores de seus cursos: a\u00a0<\/span>Profa. Dra.<span style=\"font-size: large;\">\u00a0Denise Rodrigues Bueno para a turma de Educa\u00e7\u00e3o F\u00edsica, a Profa.\u00a0<\/span>Dra.<span style=\"font-size: large;\">\u00a0Lilian Carla Ferrari Sossai Panicio para a Enfermagem, a\u00a0<\/span>Profa. Dra.<span style=\"font-size: large;\">\u00a0Vanessa Ribeiro Andreto para a Pedagogia, a Profa. Ma. Andrea Frizo de Carvalho Barbosa para a Psicologia e o Prof. Me. Alessandro Fornari para a An\u00e1lise e Desenvolvimento de Sistemas.<\/span><\/p>\n<p><span style=\"font-size: large;\">A semana de integra\u00e7\u00e3o dos calouros foi realizada em fevereiro durante a chegada dos novatos na faculdade. Os veteranos, juntamente com os coordenadores dos cursos, organizaram as atividades (veja as fotos em:\u00a0<a href=\"https:\/\/fundec.edu.br\/noticia\/3452\" target=\"_blank\" rel=\"noopener noreferrer\">https:\/\/fundec.edu.br\/noticia\/3452<\/a>).<\/span><\/p>\n<p><img loading=\"lazy\" decoding=\"async\" class=\"alignnone size-full wp-image-60659\" src=\"https:\/\/jorgezanoni.com.br\/2019\/wp-content\/uploads\/2022\/03\/calo.jpg\" alt=\"\" width=\"240\" height=\"180\" srcset=\"https:\/\/jorgezanoni.com.br\/2019\/wp-content\/uploads\/2022\/03\/calo.jpg 240w, https:\/\/jorgezanoni.com.br\/2019\/wp-content\/uploads\/2022\/03\/calo-80x60.jpg 80w\" sizes=\"auto, (max-width: 240px) 100vw, 240px\" \/> <img loading=\"lazy\" decoding=\"async\" class=\"alignnone size-full wp-image-60661\" src=\"https:\/\/jorgezanoni.com.br\/2019\/wp-content\/uploads\/2022\/03\/calo2.jpeg\" alt=\"\" width=\"1600\" height=\"1200\" srcset=\"https:\/\/jorgezanoni.com.br\/2019\/wp-content\/uploads\/2022\/03\/calo2.jpeg 1600w, https:\/\/jorgezanoni.com.br\/2019\/wp-content\/uploads\/2022\/03\/calo2-300x225.jpeg 300w, https:\/\/jorgezanoni.com.br\/2019\/wp-content\/uploads\/2022\/03\/calo2-1024x768.jpeg 1024w, https:\/\/jorgezanoni.com.br\/2019\/wp-content\/uploads\/2022\/03\/calo2-768x576.jpeg 768w, https:\/\/jorgezanoni.com.br\/2019\/wp-content\/uploads\/2022\/03\/calo2-1536x1152.jpeg 1536w, https:\/\/jorgezanoni.com.br\/2019\/wp-content\/uploads\/2022\/03\/calo2-80x60.jpeg 80w, https:\/\/jorgezanoni.com.br\/2019\/wp-content\/uploads\/2022\/03\/calo2-265x198.jpeg 265w, https:\/\/jorgezanoni.com.br\/2019\/wp-content\/uploads\/2022\/03\/calo2-696x522.jpeg 696w, https:\/\/jorgezanoni.com.br\/2019\/wp-content\/uploads\/2022\/03\/calo2-1068x801.jpeg 1068w, https:\/\/jorgezanoni.com.br\/2019\/wp-content\/uploads\/2022\/03\/calo2-560x420.jpeg 560w\" sizes=\"auto, (max-width: 1600px) 100vw, 1600px\" \/> <img loading=\"lazy\" decoding=\"async\" class=\"alignnone size-full wp-image-60662\" src=\"https:\/\/jorgezanoni.com.br\/2019\/wp-content\/uploads\/2022\/03\/calo3.jpeg\" alt=\"\" width=\"1600\" height=\"1200\" srcset=\"https:\/\/jorgezanoni.com.br\/2019\/wp-content\/uploads\/2022\/03\/calo3.jpeg 1600w, https:\/\/jorgezanoni.com.br\/2019\/wp-content\/uploads\/2022\/03\/calo3-300x225.jpeg 300w, https:\/\/jorgezanoni.com.br\/2019\/wp-content\/uploads\/2022\/03\/calo3-1024x768.jpeg 1024w, https:\/\/jorgezanoni.com.br\/2019\/wp-content\/uploads\/2022\/03\/calo3-768x576.jpeg 768w, https:\/\/jorgezanoni.com.br\/2019\/wp-content\/uploads\/2022\/03\/calo3-1536x1152.jpeg 1536w, https:\/\/jorgezanoni.com.br\/2019\/wp-content\/uploads\/2022\/03\/calo3-80x60.jpeg 80w, https:\/\/jorgezanoni.com.br\/2019\/wp-content\/uploads\/2022\/03\/calo3-265x198.jpeg 265w, https:\/\/jorgezanoni.com.br\/2019\/wp-content\/uploads\/2022\/03\/calo3-696x522.jpeg 696w, https:\/\/jorgezanoni.com.br\/2019\/wp-content\/uploads\/2022\/03\/calo3-1068x801.jpeg 1068w, https:\/\/jorgezanoni.com.br\/2019\/wp-content\/uploads\/2022\/03\/calo3-560x420.jpeg 560w\" sizes=\"auto, (max-width: 1600px) 100vw, 1600px\" \/><\/p>\n<p>Fonte: Depto. de Comunica\u00e7\u00e3o Fundec<\/p>\n","protected":false},"excerpt":{"rendered":"<p>Na noite de ontem (09), foi realizada a recep\u00e7\u00e3o formal dos calouros na Unifadra Dracena. Na ocasi\u00e3o, os alunos tamb\u00e9m acompanharam a apresenta\u00e7\u00e3o dos diretores da Fundec (mantenedora da Unifadra). Reunidos no Audit\u00f3rio &#8220;Prof. Geraldo Mariano Alves&#8221;, os novos alunos foram recebidos pelo diretor acad\u00eamico\u00a0Prof. Dr. Enio Garbelini, que fez sua mensagem de boas-vindas, e [&hellip;]<\/p>\n","protected":false},"author":1,"featured_media":60659,"comment_status":"closed","ping_status":"open","sticky":false,"template":"","format":"standard","meta":{"footnotes":""},"categories":[110,122],"tags":[],"class_list":["post-60658","post","type-post","status-publish","format-standard","has-post-thumbnail","hentry","category-noticiasdestaque","category-saudeeducacaoeconcurso"],"_links":{"self":[{"href":"https:\/\/jorgezanoni.com.br\/2019\/wp-json\/wp\/v2\/posts\/60658","targetHints":{"allow":["GET"]}}],"collection":[{"href":"https:\/\/jorgezanoni.com.br\/2019\/wp-json\/wp\/v2\/posts"}],"about":[{"href":"https:\/\/jorgezanoni.com.br\/2019\/wp-json\/wp\/v2\/types\/post"}],"author":[{"embeddable":true,"href":"https:\/\/jorgezanoni.com.br\/2019\/wp-json\/wp\/v2\/users\/1"}],"replies":[{"embeddable":true,"href":"https:\/\/jorgezanoni.com.br\/2019\/wp-json\/wp\/v2\/comments?post=60658"}],"version-history":[{"count":0,"href":"https:\/\/jorgezanoni.com.br\/2019\/wp-json\/wp\/v2\/posts\/60658\/revisions"}],"wp:featuredmedia":[{"embeddable":true,"href":"https:\/\/jorgezanoni.com.br\/2019\/wp-json\/wp\/v2\/media\/60659"}],"wp:attachment":[{"href":"https:\/\/jorgezanoni.com.br\/2019\/wp-json\/wp\/v2\/media?parent=60658"}],"wp:term":[{"taxonomy":"category","embeddable":true,"href":"https:\/\/jorgezanoni.com.br\/2019\/wp-json\/wp\/v2\/categories?post=60658"},{"taxonomy":"post_tag","embeddable":true,"href":"https:\/\/jorgezanoni.com.br\/2019\/wp-json\/wp\/v2\/tags?post=60658"}],"curies":[{"name":"wp","href":"https:\/\/api.w.org\/{rel}","templated":true}]}}