{"id":60615,"date":"2022-03-09T17:24:55","date_gmt":"2022-03-09T17:24:55","guid":{"rendered":"https:\/\/jorgezanoni.com.br\/2019\/?p=60615"},"modified":"2022-03-09T17:24:55","modified_gmt":"2022-03-09T17:24:55","slug":"inicio-das-atividades-do-curso-tecnico-em-enfermagem-no-cep-ume","status":"publish","type":"post","link":"https:\/\/jorgezanoni.com.br\/2019\/inicio-das-atividades-do-curso-tecnico-em-enfermagem-no-cep-ume\/","title":{"rendered":"In\u00edcio das atividades do curso T\u00e9cnico em Enfermagem no CEP\/UME"},"content":{"rendered":"<p style=\"text-align: justify;\"><span style=\"font-size: large;\">Na segunda-feira (07), os alunos do curso T\u00e9cnico em Enfermagem foram recepcionados no CEP\/UME e iniciaram suas atividades. As aulas come\u00e7aram, mas ainda \u00e9 poss\u00edvel se matricular at\u00e9 o dia 28 de mar\u00e7o e ingressar nos estudos imediatamente.<\/span><\/p>\n<p><span style=\"font-size: large;\">O curso T\u00e9cnico em Radiologia iniciou as aulas no final de fevereiro, mas ainda \u00e9 poss\u00edvel acompanhar a\u00a0<\/span>turma 2022<span style=\"font-size: large;\">\u00a0para conquistar seu espa\u00e7o no mercado de trabalho.<\/span><\/p>\n<p><span style=\"font-size: large;\">A recep\u00e7\u00e3o oficial dos alunos do CEP\/UME ser\u00e1 realizada no Audit\u00f3rio da Fundec, no dia 16 de mar\u00e7o, com uma palestra e a apresenta\u00e7\u00e3o dos diretores da institui\u00e7\u00e3o.<\/span><\/p>\n<p><span style=\"font-size: large;\">Com apenas dois anos de dura\u00e7\u00e3o e uma alta demanda por profissionais nas \u00e1reas de Radiologia e Enfermagem ap\u00f3s o in\u00edcio da pandemia, os cursos t\u00e9cnicos do CEP\/UME oferecem uma r\u00e1pida capacita\u00e7\u00e3o profissional para que voc\u00ea possa ocupar as vagas dispon\u00edveis no mercado de trabalho. N\u00e3o perca tempo! AS MATR\u00cdCULAS PODEM SER FEITAS AT\u00c9 O DIA 28 DE MAR\u00c7O.<\/span><\/p>\n<p><span style=\"font-size: large;\">Invista em voc\u00ea hoje iniciando sua capacita\u00e7\u00e3o profissional em 2022 e tenha a oportunidade de ocupar as vagas para t\u00e9cnico em Radiologia e t\u00e9cnico em Enfermagem dispon\u00edveis em nossa regi\u00e3o!<\/span><\/p>\n<p>Fonte: Depto. de Comunica\u00e7\u00e3o Fundec<\/p>\n","protected":false},"excerpt":{"rendered":"<p>Na segunda-feira (07), os alunos do curso T\u00e9cnico em Enfermagem foram recepcionados no CEP\/UME e iniciaram suas atividades. As aulas come\u00e7aram, mas ainda \u00e9 poss\u00edvel se matricular at\u00e9 o dia 28 de mar\u00e7o e ingressar nos estudos imediatamente. O curso T\u00e9cnico em Radiologia iniciou as aulas no final de fevereiro, mas ainda \u00e9 poss\u00edvel acompanhar [&hellip;]<\/p>\n","protected":false},"author":1,"featured_media":60616,"comment_status":"closed","ping_status":"open","sticky":false,"template":"","format":"standard","meta":{"footnotes":""},"categories":[110,122],"tags":[],"class_list":["post-60615","post","type-post","status-publish","format-standard","has-post-thumbnail","hentry","category-noticiasdestaque","category-saudeeducacaoeconcurso"],"_links":{"self":[{"href":"https:\/\/jorgezanoni.com.br\/2019\/wp-json\/wp\/v2\/posts\/60615","targetHints":{"allow":["GET"]}}],"collection":[{"href":"https:\/\/jorgezanoni.com.br\/2019\/wp-json\/wp\/v2\/posts"}],"about":[{"href":"https:\/\/jorgezanoni.com.br\/2019\/wp-json\/wp\/v2\/types\/post"}],"author":[{"embeddable":true,"href":"https:\/\/jorgezanoni.com.br\/2019\/wp-json\/wp\/v2\/users\/1"}],"replies":[{"embeddable":true,"href":"https:\/\/jorgezanoni.com.br\/2019\/wp-json\/wp\/v2\/comments?post=60615"}],"version-history":[{"count":0,"href":"https:\/\/jorgezanoni.com.br\/2019\/wp-json\/wp\/v2\/posts\/60615\/revisions"}],"wp:featuredmedia":[{"embeddable":true,"href":"https:\/\/jorgezanoni.com.br\/2019\/wp-json\/wp\/v2\/media\/60616"}],"wp:attachment":[{"href":"https:\/\/jorgezanoni.com.br\/2019\/wp-json\/wp\/v2\/media?parent=60615"}],"wp:term":[{"taxonomy":"category","embeddable":true,"href":"https:\/\/jorgezanoni.com.br\/2019\/wp-json\/wp\/v2\/categories?post=60615"},{"taxonomy":"post_tag","embeddable":true,"href":"https:\/\/jorgezanoni.com.br\/2019\/wp-json\/wp\/v2\/tags?post=60615"}],"curies":[{"name":"wp","href":"https:\/\/api.w.org\/{rel}","templated":true}]}}