{"id":60608,"date":"2022-03-09T17:11:36","date_gmt":"2022-03-09T17:11:36","guid":{"rendered":"https:\/\/jorgezanoni.com.br\/2019\/?p=60608"},"modified":"2022-03-09T17:12:38","modified_gmt":"2022-03-09T17:12:38","slug":"big-mart-tem-data-prevista-para-entrega-de-empreendimento","status":"publish","type":"post","link":"https:\/\/jorgezanoni.com.br\/2019\/big-mart-tem-data-prevista-para-entrega-de-empreendimento\/","title":{"rendered":"BIG MART tem data prevista para entrega de empreendimento"},"content":{"rendered":"<p style=\"text-align: justify;\">O prefeito Andr\u00e9 Lemos recebeu na tarde de ontem, 8, no gabinete municipal, o diretor presidente da rede Big Mart Centro de Compras Ltda., Marco Ant\u00f4nio Rasquel. O empres\u00e1rio veio a cidade verificar alguns detalhes quanto ao empreendimento, em rela\u00e7\u00e3o a sondagem do solo.<br \/>\nAcompanhou\u00a0Rasquel, o tamb\u00e9m empres\u00e1rio\u00a0Danilo Germano, da Casa dos Vidros, empresa dracenense, contratada\u00a0pela rede Big Mart para prestar servi\u00e7o na unidade em constru\u00e7\u00e3o da cidade de Castilho e para o pr\u00e9dio de Dracena.<br \/>\nO Big Mart de Dracena ser\u00e1 a 23\u00aa loja do grupo e ser\u00e1 constru\u00eddo no cruzamento das Avenidas Inglaterra com a dos Mangueirais, sentido ao novo bairro \u2013 o Aroeiras. O local \u00e9 de grande visibilidade tanto para quem entra quanto para quem sai de Dracena, para ingressar na Rodovia Comandante Jo\u00e3o Ribeiro de Barros. Fica no bairro Campo Belo, pr\u00f3ximo aos bairros S\u00e3o Crist\u00f3v\u00e3o; Frei Moacir III e Jardim das Palmeiras.<br \/>\nO chefe do executivo informa que Rasquel pontuou que a constru\u00e7\u00e3o do supermercado ainda n\u00e3o foi iniciada, por\u00e9m o projeto encontra-se bastante adiantado e j\u00e1 tem prazo de entrega para Dracena, sendo entre agosto e setembro deste ano.<br \/>\nNa pr\u00f3xima semana, est\u00e1 previsto que Rasquel retorne \u00e0 cidade e apresente a planta do empreendimento, como ser\u00e1 o projeto arquitet\u00f4nico.<br \/>\nA rede Big Mart tem sua matriz em Gar\u00e7a e conta com estabelecimentos em Andradina; Cafel\u00e2ndia; Guararapes; Ibitinga; Novo Horizonte; Pen\u00e1polis; Promiss\u00e3o e Tr\u00eas Lagoas (MS); s\u00e3o 18 supermercados e quatro lojas de m\u00f3veis e eletrodom\u00e9sticos.<br \/>\nEm Dracena tem previs\u00e3o de oferecer 120 empregos diretos, sem falar nos empregos que dever\u00e3o ser criados com a constru\u00e7\u00e3o da loja e ainda os indiretos.<\/p>\n<p style=\"text-align: justify;\"><img loading=\"lazy\" decoding=\"async\" class=\"alignnone size-full wp-image-60610\" src=\"https:\/\/jorgezanoni.com.br\/2019\/wp-content\/uploads\/2022\/03\/big1.jpg\" alt=\"\" width=\"800\" height=\"450\" srcset=\"https:\/\/jorgezanoni.com.br\/2019\/wp-content\/uploads\/2022\/03\/big1.jpg 800w, https:\/\/jorgezanoni.com.br\/2019\/wp-content\/uploads\/2022\/03\/big1-300x169.jpg 300w, https:\/\/jorgezanoni.com.br\/2019\/wp-content\/uploads\/2022\/03\/big1-768x432.jpg 768w, https:\/\/jorgezanoni.com.br\/2019\/wp-content\/uploads\/2022\/03\/big1-696x392.jpg 696w, https:\/\/jorgezanoni.com.br\/2019\/wp-content\/uploads\/2022\/03\/big1-747x420.jpg 747w\" sizes=\"auto, (max-width: 800px) 100vw, 800px\" \/><img loading=\"lazy\" decoding=\"async\" class=\"alignnone size-full wp-image-60611\" src=\"https:\/\/jorgezanoni.com.br\/2019\/wp-content\/uploads\/2022\/03\/big2.jpg\" alt=\"\" width=\"800\" height=\"600\" srcset=\"https:\/\/jorgezanoni.com.br\/2019\/wp-content\/uploads\/2022\/03\/big2.jpg 800w, https:\/\/jorgezanoni.com.br\/2019\/wp-content\/uploads\/2022\/03\/big2-300x225.jpg 300w, https:\/\/jorgezanoni.com.br\/2019\/wp-content\/uploads\/2022\/03\/big2-768x576.jpg 768w, https:\/\/jorgezanoni.com.br\/2019\/wp-content\/uploads\/2022\/03\/big2-80x60.jpg 80w, https:\/\/jorgezanoni.com.br\/2019\/wp-content\/uploads\/2022\/03\/big2-265x198.jpg 265w, https:\/\/jorgezanoni.com.br\/2019\/wp-content\/uploads\/2022\/03\/big2-696x522.jpg 696w, https:\/\/jorgezanoni.com.br\/2019\/wp-content\/uploads\/2022\/03\/big2-560x420.jpg 560w\" sizes=\"auto, (max-width: 800px) 100vw, 800px\" \/><\/p>\n<p style=\"text-align: justify;\">Fonte: Diretoria de Comunica\u00e7\u00e3o<\/p>\n","protected":false},"excerpt":{"rendered":"<p>O prefeito Andr\u00e9 Lemos recebeu na tarde de ontem, 8, no gabinete municipal, o diretor presidente da rede Big Mart Centro de Compras Ltda., Marco Ant\u00f4nio Rasquel. O empres\u00e1rio veio a cidade verificar alguns detalhes quanto ao empreendimento, em rela\u00e7\u00e3o a sondagem do solo. Acompanhou\u00a0Rasquel, o tamb\u00e9m empres\u00e1rio\u00a0Danilo Germano, da Casa dos Vidros, empresa dracenense, [&hellip;]<\/p>\n","protected":false},"author":1,"featured_media":60609,"comment_status":"closed","ping_status":"open","sticky":false,"template":"","format":"standard","meta":{"footnotes":""},"categories":[179,184,110],"tags":[],"class_list":["post-60608","post","type-post","status-publish","format-standard","has-post-thumbnail","hentry","category-cidadeseregiao","category-dracena","category-noticiasdestaque"],"_links":{"self":[{"href":"https:\/\/jorgezanoni.com.br\/2019\/wp-json\/wp\/v2\/posts\/60608","targetHints":{"allow":["GET"]}}],"collection":[{"href":"https:\/\/jorgezanoni.com.br\/2019\/wp-json\/wp\/v2\/posts"}],"about":[{"href":"https:\/\/jorgezanoni.com.br\/2019\/wp-json\/wp\/v2\/types\/post"}],"author":[{"embeddable":true,"href":"https:\/\/jorgezanoni.com.br\/2019\/wp-json\/wp\/v2\/users\/1"}],"replies":[{"embeddable":true,"href":"https:\/\/jorgezanoni.com.br\/2019\/wp-json\/wp\/v2\/comments?post=60608"}],"version-history":[{"count":0,"href":"https:\/\/jorgezanoni.com.br\/2019\/wp-json\/wp\/v2\/posts\/60608\/revisions"}],"wp:featuredmedia":[{"embeddable":true,"href":"https:\/\/jorgezanoni.com.br\/2019\/wp-json\/wp\/v2\/media\/60609"}],"wp:attachment":[{"href":"https:\/\/jorgezanoni.com.br\/2019\/wp-json\/wp\/v2\/media?parent=60608"}],"wp:term":[{"taxonomy":"category","embeddable":true,"href":"https:\/\/jorgezanoni.com.br\/2019\/wp-json\/wp\/v2\/categories?post=60608"},{"taxonomy":"post_tag","embeddable":true,"href":"https:\/\/jorgezanoni.com.br\/2019\/wp-json\/wp\/v2\/tags?post=60608"}],"curies":[{"name":"wp","href":"https:\/\/api.w.org\/{rel}","templated":true}]}}