{"id":6060,"date":"2019-09-13T02:29:26","date_gmt":"2019-09-13T02:29:26","guid":{"rendered":"https:\/\/jorgezanoni.com.br\/2019\/?p=6060"},"modified":"2019-09-13T02:29:50","modified_gmt":"2019-09-13T02:29:50","slug":"mulher-e-flagrada-nua-na-regiao-central-de-rio-preto","status":"publish","type":"post","link":"https:\/\/jorgezanoni.com.br\/2019\/mulher-e-flagrada-nua-na-regiao-central-de-rio-preto\/","title":{"rendered":"Mulher \u00e9 flagrada nua na regi\u00e3o central de Rio Preto"},"content":{"rendered":"<h2 class=\"content-head__subtitle\" style=\"text-align: justify;\"><strong>Guarda Civil Municipal abordou a mulher na Rua Bernardino de Campos nesta quinta-feira (12).<\/strong><\/h2>\n<div class=\"mc-column content-text active-extra-styles \" data-block-type=\"unstyled\" data-block-weight=\"22\" data-block-id=\"2\">\n<p class=\"content-text__container \" style=\"text-align: justify;\" data-track-category=\"Link no Texto\" data-track-links=\"\">Uma mulher foi flagrada andando nua na regi\u00e3o central de S\u00e3o Jos\u00e9 do Rio Preto (SP), na tarde desta quinta-feira (12).<\/p>\n<\/div>\n<div class=\"wall protected-content\">\n<div class=\"mc-column content-text active-extra-styles \" style=\"text-align: justify;\" data-block-type=\"unstyled\" data-block-weight=\"30\" data-block-id=\"3\">\n<p class=\"content-text__container \" data-track-category=\"Link no Texto\" data-track-links=\"\">De acordo com a Guarda Civil Municipal (CGM), agentes faziam patrulhamento de rotina, quando avistaram a mulher caminhando pela cal\u00e7ada da Rua Bernardino de Campos, perto do Terminal Rodovi\u00e1rio Urbano<\/p>\n<\/div>\n<div class=\"mc-column content-text active-extra-styles \" style=\"text-align: justify;\" data-block-type=\"unstyled\" data-block-weight=\"28\" data-block-id=\"4\">\n<p class=\"content-text__container \" data-track-category=\"Link no Texto\" data-track-links=\"\">Os guardas estacionaram a viatura, abordaram a mulher e pediram que ela vestisse a roupa novamente. Ela obedeceu e colocou um vestido que estava em uma das m\u00e3os.<\/p>\n<\/div>\n<div class=\"mc-column content-text active-extra-styles \" style=\"text-align: justify;\" data-block-type=\"unstyled\" data-block-weight=\"33\" data-block-id=\"5\">\n<p class=\"content-text__container \" data-track-category=\"Link no Texto\" data-track-links=\"\">Ainda segundo a CGM, esta n\u00e3o \u00e9 a primeira vez que ela \u00e9 vista andando sem roupas pela regi\u00e3o central do munic\u00edpio. Os agentes a orientaram e a liberaram na sequ\u00eancia.<\/p>\n<\/div>\n<div data-track-category=\"multicontent\" data-track-action=\"ultimo chunk conteudo\" data-track-noninteraction=\"false\" data-track-scroll=\"view\">\n<div class=\"mc-column content-text active-extra-styles \" data-block-type=\"unstyled\" data-block-weight=\"11\" data-block-id=\"6\">\n<p class=\"content-text__container \" style=\"text-align: justify;\" data-track-category=\"Link no Texto\" data-track-links=\"\"><em>Fonte: G1<\/em><\/p>\n<\/div>\n<\/div>\n<\/div>\n","protected":false},"excerpt":{"rendered":"<p>Guarda Civil Municipal abordou a mulher na Rua Bernardino de Campos nesta quinta-feira (12). Uma mulher foi flagrada andando nua na regi\u00e3o central de S\u00e3o Jos\u00e9 do Rio Preto (SP), na tarde desta quinta-feira (12). De acordo com a Guarda Civil Municipal (CGM), agentes faziam patrulhamento de rotina, quando avistaram a mulher caminhando pela cal\u00e7ada [&hellip;]<\/p>\n","protected":false},"author":1,"featured_media":6061,"comment_status":"closed","ping_status":"open","sticky":false,"template":"","format":"standard","meta":{"footnotes":""},"categories":[114,110],"tags":[],"class_list":["post-6060","post","type-post","status-publish","format-standard","has-post-thumbnail","hentry","category-geralecomercio","category-noticiasdestaque"],"_links":{"self":[{"href":"https:\/\/jorgezanoni.com.br\/2019\/wp-json\/wp\/v2\/posts\/6060","targetHints":{"allow":["GET"]}}],"collection":[{"href":"https:\/\/jorgezanoni.com.br\/2019\/wp-json\/wp\/v2\/posts"}],"about":[{"href":"https:\/\/jorgezanoni.com.br\/2019\/wp-json\/wp\/v2\/types\/post"}],"author":[{"embeddable":true,"href":"https:\/\/jorgezanoni.com.br\/2019\/wp-json\/wp\/v2\/users\/1"}],"replies":[{"embeddable":true,"href":"https:\/\/jorgezanoni.com.br\/2019\/wp-json\/wp\/v2\/comments?post=6060"}],"version-history":[{"count":0,"href":"https:\/\/jorgezanoni.com.br\/2019\/wp-json\/wp\/v2\/posts\/6060\/revisions"}],"wp:featuredmedia":[{"embeddable":true,"href":"https:\/\/jorgezanoni.com.br\/2019\/wp-json\/wp\/v2\/media\/6061"}],"wp:attachment":[{"href":"https:\/\/jorgezanoni.com.br\/2019\/wp-json\/wp\/v2\/media?parent=6060"}],"wp:term":[{"taxonomy":"category","embeddable":true,"href":"https:\/\/jorgezanoni.com.br\/2019\/wp-json\/wp\/v2\/categories?post=6060"},{"taxonomy":"post_tag","embeddable":true,"href":"https:\/\/jorgezanoni.com.br\/2019\/wp-json\/wp\/v2\/tags?post=6060"}],"curies":[{"name":"wp","href":"https:\/\/api.w.org\/{rel}","templated":true}]}}