{"id":60586,"date":"2022-03-09T00:06:31","date_gmt":"2022-03-09T00:06:31","guid":{"rendered":"https:\/\/jorgezanoni.com.br\/2019\/?p=60586"},"modified":"2022-03-09T00:06:31","modified_gmt":"2022-03-09T00:06:31","slug":"dia-internacional-da-mulher-mercado-e-senso-comum-por-sergio-barbosa","status":"publish","type":"post","link":"https:\/\/jorgezanoni.com.br\/2019\/dia-internacional-da-mulher-mercado-e-senso-comum-por-sergio-barbosa\/","title":{"rendered":"Dia Internacional da Mulher, mercado e senso comum&#8230; (por S\u00e9rgio Barbosa)"},"content":{"rendered":"<p style=\"text-align: justify;\"><strong>DIA INTERNACIONAL DA MULHER, MERCADO E SENSO COMUM&#8230;<\/strong><\/p>\n<p style=\"text-align: justify;\"><em>\u201dA primavera chegar\u00e1, mesmo que ningu\u00e9m mais saiba seu nome, nem acredite no calend\u00e1rio, nem possua jardim para receb\u00ea-la.&#8221; (<\/em><a href=\"https:\/\/pensador.uol.com.br\/autor\/cecilia_meireles\/\"><em>Cec\u00edlia Meireles<\/em><\/a><em>)<\/em><em>\u00a0<\/em><\/p>\n<p style=\"text-align: justify;\"><strong><em>\u00c0s mulheres deste novo tempo novo, dedico!<\/em><\/strong><strong><em>\u00a0<\/em><\/strong><\/p>\n<p style=\"text-align: justify;\"><strong><em>S\u00e9rgio Barbosa (*)<\/em><\/strong><\/p>\n<p style=\"text-align: justify;\">Nesta semana, ainda, no dia 8 de Mar\u00e7o, muitas festas e outros desencontros como homenagem ao &#8220;Dia Internacional da Mulher&#8221; em tempo de p\u00f3s-globaliza\u00e7\u00e3o organizacional, bem como, com a proposta mediada pelo glocal, ou seja, do global para o local&#8230;<\/p>\n<p style=\"text-align: justify;\">Entretanto, entendo que no atual cen\u00e1rio em que se encontra o &#8220;Pa\u00eds do faz de conta&#8221;, bem como, o contexto local neste quase final de mais um mandato neste ou naquele cargo eletivo, bem como, de acordo com a proposta mediada por meio do &#8220;o que vier \u00e9 lucro&#8221;, haja vista as muitas promessas no outro tempo do tempo, ainda, no meio de tudo mais com tudo de menos&#8230;<\/p>\n<p style=\"text-align: justify;\">Desta forma, &#8220;Honra, a quem honra&#8221;, neste caso em especial, faz-se necess\u00e1rio refor\u00e7ar a data em homenagem as mulheres no cen\u00e1rio mundial, todavia, n\u00e3o se pode esquecer a conjuntura local e ponto quase final&#8230;<\/p>\n<p style=\"text-align: justify;\">A sociedade local \u00e9 conservadora e moralista (sic), entretanto, torna-se fundamental estar em conex\u00e3o com os fatos em n\u00edvel de p\u00f3s-globaliza\u00e7\u00e3o midi\u00e1tica, entretanto, &#8220;tudo \u00e9 pouco&#8221; como afirma o dito popular&#8230;<\/p>\n<p style=\"text-align: justify;\">No cen\u00e1rio provinciano, pode-se destacar a participa\u00e7\u00e3o e presen\u00e7a de muitas mulheres em todas as \u00e1reas, todavia, faz-se necess\u00e1rio que as mesmas, ainda, possam estar em sintonia visando \u00e0 busca e supera\u00e7\u00e3o dos novos desafios que est\u00e3o nas \u00e1reas familiar, acad\u00eamica e profissional&#8230;<\/p>\n<p style=\"text-align: justify;\">Outras coisas desta mesma coisa existem muitas MULHERES preocupadas apenas como seu EU, todavia, de um jeito ou de outro e de acordo com os objetivos em comum, a maioria das MULHERES est\u00e3o em conex\u00e3o com os avan\u00e7os por meio das atividades desenvolvidas coletivamente&#8230;<\/p>\n<p style=\"text-align: justify;\">Assim, n\u00e3o se pode esperar muito dos \u201cdonos do poder\u201d, haja vista os interesses que existem em benef\u00edcio disto ou daquilo, ainda, sem mais e sem menos..<\/p>\n<p style=\"text-align: justify;\">Por\u00e9m, que o &#8220;Dia Internacional da Mulher&#8221;, ainda, possa fazer a diferen\u00e7a neste tempo novo tempo que se chama hoje, haja vista que o denominado universo feminino encontra-se em expans\u00e3o e conquistando por m\u00e9rito os resultados para consolidar a presen\u00e7a da MULHER em todas as \u00e1reas do Mercado em tempo de p\u00f3s-globaliza\u00e7\u00e3o organizacional&#8230;<\/p>\n<p style=\"text-align: justify;\">Que as MULHERES possam fazer a diferen\u00e7a em meio aos desencontros que est\u00e3o ocorrendo em n\u00edvel GLOCAL, ou seja, do GLOBAL para o LOCAL neste cen\u00e1rio de PANDEMIA e CONFLITOS&#8230;<\/p>\n<p style=\"text-align: justify;\">QUEM SOBREVIVER VAI SABER&#8230;<\/p>\n<p style=\"text-align: justify;\"><strong><em>______________________________<\/em><\/strong><\/p>\n<p style=\"text-align: justify;\"><strong><em>(*) jornalista diplomado e professor universit\u00e1rio.<\/em><\/strong><\/p>\n<p style=\"text-align: justify;\"><strong><em>e-mail: <\/em><\/strong><a href=\"mailto:barbosa.sebar@gmail.com\"><strong><em>barbosa.sebar@gmail.com<\/em><\/strong><\/a><\/p>\n<p><strong><em>\u00a0<\/em><\/strong><\/p>\n","protected":false},"excerpt":{"rendered":"<p>DIA INTERNACIONAL DA MULHER, MERCADO E SENSO COMUM&#8230; \u201dA primavera chegar\u00e1, mesmo que ningu\u00e9m mais saiba seu nome, nem acredite no calend\u00e1rio, nem possua jardim para receb\u00ea-la.&#8221; (Cec\u00edlia Meireles)\u00a0 \u00c0s mulheres deste novo tempo novo, dedico!\u00a0 S\u00e9rgio Barbosa (*) Nesta semana, ainda, no dia 8 de Mar\u00e7o, muitas festas e outros desencontros como homenagem ao [&hellip;]<\/p>\n","protected":false},"author":1,"featured_media":60587,"comment_status":"closed","ping_status":"open","sticky":false,"template":"","format":"standard","meta":{"footnotes":""},"categories":[175],"tags":[],"class_list":["post-60586","post","type-post","status-publish","format-standard","has-post-thumbnail","hentry","category-artigos"],"_links":{"self":[{"href":"https:\/\/jorgezanoni.com.br\/2019\/wp-json\/wp\/v2\/posts\/60586","targetHints":{"allow":["GET"]}}],"collection":[{"href":"https:\/\/jorgezanoni.com.br\/2019\/wp-json\/wp\/v2\/posts"}],"about":[{"href":"https:\/\/jorgezanoni.com.br\/2019\/wp-json\/wp\/v2\/types\/post"}],"author":[{"embeddable":true,"href":"https:\/\/jorgezanoni.com.br\/2019\/wp-json\/wp\/v2\/users\/1"}],"replies":[{"embeddable":true,"href":"https:\/\/jorgezanoni.com.br\/2019\/wp-json\/wp\/v2\/comments?post=60586"}],"version-history":[{"count":0,"href":"https:\/\/jorgezanoni.com.br\/2019\/wp-json\/wp\/v2\/posts\/60586\/revisions"}],"wp:featuredmedia":[{"embeddable":true,"href":"https:\/\/jorgezanoni.com.br\/2019\/wp-json\/wp\/v2\/media\/60587"}],"wp:attachment":[{"href":"https:\/\/jorgezanoni.com.br\/2019\/wp-json\/wp\/v2\/media?parent=60586"}],"wp:term":[{"taxonomy":"category","embeddable":true,"href":"https:\/\/jorgezanoni.com.br\/2019\/wp-json\/wp\/v2\/categories?post=60586"},{"taxonomy":"post_tag","embeddable":true,"href":"https:\/\/jorgezanoni.com.br\/2019\/wp-json\/wp\/v2\/tags?post=60586"}],"curies":[{"name":"wp","href":"https:\/\/api.w.org\/{rel}","templated":true}]}}