{"id":60575,"date":"2022-03-08T23:45:22","date_gmt":"2022-03-08T23:45:22","guid":{"rendered":"https:\/\/jorgezanoni.com.br\/2019\/?p=60575"},"modified":"2022-03-08T23:45:22","modified_gmt":"2022-03-08T23:45:22","slug":"policia-civil-e-o-dia-internacional-da-mulher","status":"publish","type":"post","link":"https:\/\/jorgezanoni.com.br\/2019\/policia-civil-e-o-dia-internacional-da-mulher\/","title":{"rendered":"Pol\u00edcia Civil e o Dia Internacional da Mulher"},"content":{"rendered":"<p style=\"text-align: justify;\"><strong>O ano de 2022, no Dia Internacional da Mulher houve a participa\u00e7\u00e3o da Pol\u00edcia Civil da \u00e1rea do Deinter 8, na Opera\u00e7\u00e3o Resguardo II, de \u00e2mbito Nacional.<\/strong><\/p>\n<p style=\"text-align: justify;\">Al\u00e9m da a\u00e7\u00e3o de Pol\u00edcia Judici\u00e1ria j\u00e1 informada anteriormente, houve tamb\u00e9m um caf\u00e9 da manh\u00e3 \u00e0s mulheres Policiais Civis da regi\u00e3o da Delegacia Seccional de Pol\u00edcia de Dracena, que foram recepcionadas pelo Delegado Seccional de Policia Dr. Alexandre Luengo Lopes. A DDM de Dracena, promoveu evento em alus\u00e3o ao Dia Internacional da Mulher, um encontro seguido de palestra com alunas do ensino m\u00e9dio, foi realizado na Escola Estadual Alfredo Machado, localizada no Jardim Brasil\u00e2ndia, em Dracena.<br \/>\nA palestra ficou a cargo da Dra. Luciana Nunes Falc\u00e3o Mendes, titular da Delegacia de Defesa da Mulher de Dracena, abordou o tema \u201cViol\u00eancia Contra a Mulher &#8211; Preven\u00e7\u00e3o e Prote\u00e7\u00e3o das Mulheres V\u00edtimas de Viol\u00eancia\u201d, explanando os problemas que est\u00e3o enraizados na sociedade, impulsionados pela viol\u00eancia de g\u00eanero.<br \/>\nO p\u00fablico contou com participa\u00e7\u00e3o de cerca mais de 100 pessoas, composto por alunas, professoras e demais servidores da mencionada escola, e o evento fez parte do 1\u00ba Ch\u00e1 do Dia da Mulher, promovido pela Escola Estadual Alfredo Machado.<br \/>\nNa regi\u00e3o de Presidente Prudente, a Delegada Seccional de Policia de Presidente Prudente, Dra. Ieda M. C. Aguiar Filgueiras participou de uma reuni\u00e3o com as Policiais Civis da DDM local. Houve ainda uma recep\u00e7\u00e3o na DDM de Rancharia, com a participa\u00e7\u00e3o do sr Prefeito municipal Marcos Slobodticov e a primeira dama, Sra. Eliene Slobodticov.<br \/>\nEm Caiabu, o Dr. Luis Carlos de Oliveira, Delegado de Pol\u00edcia assistente da Seccional de Presidente Prudente, respondendo pelo expediente da Delegacia de Pol\u00edcia de Caiabu, esteve no Distrito de Esperan\u00e7a D\u2019Oeste, onde falou para aproximadamente 60 mulheres daquele distrito, que se reuniram no Centro Comunit\u00e1rio.<br \/>\nO tema abordado foi a Viol\u00eancia Dom\u00e9stica, Lei Maria da Penha, e ao final houve tamb\u00e9m orienta\u00e7\u00e3o sobre a preven\u00e7\u00e3o contra os golpes de estelionato que tiveram um aumento significativo.<br \/>\nO evento foi organizado pelo C.R.A.S de Caiabu, e diante da repercuss\u00e3o positiva, j\u00e1 foi agendado um novo bate papo com as mulheres do Bairro Graminha, tamb\u00e9m pertencente ao munic\u00edpio de Caiabu.<\/p>\n<p><img loading=\"lazy\" decoding=\"async\" class=\"alignnone size-full wp-image-60576\" src=\"https:\/\/jorgezanoni.com.br\/2019\/wp-content\/uploads\/2022\/03\/mu.jpg\" alt=\"\" width=\"1280\" height=\"588\" srcset=\"https:\/\/jorgezanoni.com.br\/2019\/wp-content\/uploads\/2022\/03\/mu.jpg 1280w, https:\/\/jorgezanoni.com.br\/2019\/wp-content\/uploads\/2022\/03\/mu-300x138.jpg 300w, https:\/\/jorgezanoni.com.br\/2019\/wp-content\/uploads\/2022\/03\/mu-1024x470.jpg 1024w, https:\/\/jorgezanoni.com.br\/2019\/wp-content\/uploads\/2022\/03\/mu-768x353.jpg 768w, https:\/\/jorgezanoni.com.br\/2019\/wp-content\/uploads\/2022\/03\/mu-696x320.jpg 696w, https:\/\/jorgezanoni.com.br\/2019\/wp-content\/uploads\/2022\/03\/mu-1068x491.jpg 1068w, https:\/\/jorgezanoni.com.br\/2019\/wp-content\/uploads\/2022\/03\/mu-914x420.jpg 914w\" sizes=\"auto, (max-width: 1280px) 100vw, 1280px\" \/> <img loading=\"lazy\" decoding=\"async\" class=\"alignnone size-full wp-image-60577\" src=\"https:\/\/jorgezanoni.com.br\/2019\/wp-content\/uploads\/2022\/03\/mu1.jpg\" alt=\"\" width=\"960\" height=\"1280\" srcset=\"https:\/\/jorgezanoni.com.br\/2019\/wp-content\/uploads\/2022\/03\/mu1.jpg 960w, https:\/\/jorgezanoni.com.br\/2019\/wp-content\/uploads\/2022\/03\/mu1-225x300.jpg 225w, https:\/\/jorgezanoni.com.br\/2019\/wp-content\/uploads\/2022\/03\/mu1-768x1024.jpg 768w, https:\/\/jorgezanoni.com.br\/2019\/wp-content\/uploads\/2022\/03\/mu1-696x928.jpg 696w, https:\/\/jorgezanoni.com.br\/2019\/wp-content\/uploads\/2022\/03\/mu1-315x420.jpg 315w\" sizes=\"auto, (max-width: 960px) 100vw, 960px\" \/> <img loading=\"lazy\" decoding=\"async\" class=\"alignnone size-full wp-image-60579\" src=\"https:\/\/jorgezanoni.com.br\/2019\/wp-content\/uploads\/2022\/03\/mu3.jpg\" alt=\"\" width=\"960\" height=\"1280\" srcset=\"https:\/\/jorgezanoni.com.br\/2019\/wp-content\/uploads\/2022\/03\/mu3.jpg 960w, https:\/\/jorgezanoni.com.br\/2019\/wp-content\/uploads\/2022\/03\/mu3-225x300.jpg 225w, https:\/\/jorgezanoni.com.br\/2019\/wp-content\/uploads\/2022\/03\/mu3-768x1024.jpg 768w, https:\/\/jorgezanoni.com.br\/2019\/wp-content\/uploads\/2022\/03\/mu3-696x928.jpg 696w, https:\/\/jorgezanoni.com.br\/2019\/wp-content\/uploads\/2022\/03\/mu3-315x420.jpg 315w\" sizes=\"auto, (max-width: 960px) 100vw, 960px\" \/> <img loading=\"lazy\" decoding=\"async\" class=\"alignnone size-full wp-image-60580\" src=\"https:\/\/jorgezanoni.com.br\/2019\/wp-content\/uploads\/2022\/03\/mu4.jpg\" alt=\"\" width=\"1280\" height=\"960\" srcset=\"https:\/\/jorgezanoni.com.br\/2019\/wp-content\/uploads\/2022\/03\/mu4.jpg 1280w, https:\/\/jorgezanoni.com.br\/2019\/wp-content\/uploads\/2022\/03\/mu4-300x225.jpg 300w, https:\/\/jorgezanoni.com.br\/2019\/wp-content\/uploads\/2022\/03\/mu4-1024x768.jpg 1024w, https:\/\/jorgezanoni.com.br\/2019\/wp-content\/uploads\/2022\/03\/mu4-768x576.jpg 768w, https:\/\/jorgezanoni.com.br\/2019\/wp-content\/uploads\/2022\/03\/mu4-80x60.jpg 80w, https:\/\/jorgezanoni.com.br\/2019\/wp-content\/uploads\/2022\/03\/mu4-265x198.jpg 265w, https:\/\/jorgezanoni.com.br\/2019\/wp-content\/uploads\/2022\/03\/mu4-696x522.jpg 696w, https:\/\/jorgezanoni.com.br\/2019\/wp-content\/uploads\/2022\/03\/mu4-1068x801.jpg 1068w, https:\/\/jorgezanoni.com.br\/2019\/wp-content\/uploads\/2022\/03\/mu4-560x420.jpg 560w\" sizes=\"auto, (max-width: 1280px) 100vw, 1280px\" \/> <img loading=\"lazy\" decoding=\"async\" class=\"alignnone size-full wp-image-60581\" src=\"https:\/\/jorgezanoni.com.br\/2019\/wp-content\/uploads\/2022\/03\/mu5.jpg\" alt=\"\" width=\"1024\" height=\"497\" srcset=\"https:\/\/jorgezanoni.com.br\/2019\/wp-content\/uploads\/2022\/03\/mu5.jpg 1024w, https:\/\/jorgezanoni.com.br\/2019\/wp-content\/uploads\/2022\/03\/mu5-300x146.jpg 300w, https:\/\/jorgezanoni.com.br\/2019\/wp-content\/uploads\/2022\/03\/mu5-768x373.jpg 768w, https:\/\/jorgezanoni.com.br\/2019\/wp-content\/uploads\/2022\/03\/mu5-696x338.jpg 696w, https:\/\/jorgezanoni.com.br\/2019\/wp-content\/uploads\/2022\/03\/mu5-865x420.jpg 865w\" sizes=\"auto, (max-width: 1024px) 100vw, 1024px\" \/> <img loading=\"lazy\" decoding=\"async\" class=\"alignnone size-full wp-image-60582\" src=\"https:\/\/jorgezanoni.com.br\/2019\/wp-content\/uploads\/2022\/03\/mu6.jpg\" alt=\"\" width=\"960\" height=\"1280\" srcset=\"https:\/\/jorgezanoni.com.br\/2019\/wp-content\/uploads\/2022\/03\/mu6.jpg 960w, https:\/\/jorgezanoni.com.br\/2019\/wp-content\/uploads\/2022\/03\/mu6-225x300.jpg 225w, https:\/\/jorgezanoni.com.br\/2019\/wp-content\/uploads\/2022\/03\/mu6-768x1024.jpg 768w, https:\/\/jorgezanoni.com.br\/2019\/wp-content\/uploads\/2022\/03\/mu6-696x928.jpg 696w, https:\/\/jorgezanoni.com.br\/2019\/wp-content\/uploads\/2022\/03\/mu6-315x420.jpg 315w\" sizes=\"auto, (max-width: 960px) 100vw, 960px\" \/> <img loading=\"lazy\" decoding=\"async\" class=\"alignnone size-full wp-image-60583\" src=\"https:\/\/jorgezanoni.com.br\/2019\/wp-content\/uploads\/2022\/03\/mu7.jpg\" alt=\"\" width=\"1280\" height=\"960\" srcset=\"https:\/\/jorgezanoni.com.br\/2019\/wp-content\/uploads\/2022\/03\/mu7.jpg 1280w, https:\/\/jorgezanoni.com.br\/2019\/wp-content\/uploads\/2022\/03\/mu7-300x225.jpg 300w, https:\/\/jorgezanoni.com.br\/2019\/wp-content\/uploads\/2022\/03\/mu7-1024x768.jpg 1024w, https:\/\/jorgezanoni.com.br\/2019\/wp-content\/uploads\/2022\/03\/mu7-768x576.jpg 768w, https:\/\/jorgezanoni.com.br\/2019\/wp-content\/uploads\/2022\/03\/mu7-80x60.jpg 80w, https:\/\/jorgezanoni.com.br\/2019\/wp-content\/uploads\/2022\/03\/mu7-265x198.jpg 265w, https:\/\/jorgezanoni.com.br\/2019\/wp-content\/uploads\/2022\/03\/mu7-696x522.jpg 696w, https:\/\/jorgezanoni.com.br\/2019\/wp-content\/uploads\/2022\/03\/mu7-1068x801.jpg 1068w, https:\/\/jorgezanoni.com.br\/2019\/wp-content\/uploads\/2022\/03\/mu7-560x420.jpg 560w\" sizes=\"auto, (max-width: 1280px) 100vw, 1280px\" \/> <img loading=\"lazy\" decoding=\"async\" class=\"alignnone size-full wp-image-60584\" src=\"https:\/\/jorgezanoni.com.br\/2019\/wp-content\/uploads\/2022\/03\/mu8.jpg\" alt=\"\" width=\"1079\" height=\"862\" srcset=\"https:\/\/jorgezanoni.com.br\/2019\/wp-content\/uploads\/2022\/03\/mu8.jpg 1079w, https:\/\/jorgezanoni.com.br\/2019\/wp-content\/uploads\/2022\/03\/mu8-300x240.jpg 300w, https:\/\/jorgezanoni.com.br\/2019\/wp-content\/uploads\/2022\/03\/mu8-1024x818.jpg 1024w, https:\/\/jorgezanoni.com.br\/2019\/wp-content\/uploads\/2022\/03\/mu8-768x614.jpg 768w, https:\/\/jorgezanoni.com.br\/2019\/wp-content\/uploads\/2022\/03\/mu8-696x556.jpg 696w, https:\/\/jorgezanoni.com.br\/2019\/wp-content\/uploads\/2022\/03\/mu8-1068x853.jpg 1068w, https:\/\/jorgezanoni.com.br\/2019\/wp-content\/uploads\/2022\/03\/mu8-526x420.jpg 526w\" sizes=\"auto, (max-width: 1079px) 100vw, 1079px\" \/><\/p>\n<p style=\"text-align: justify;\">Fonte: Com. Social Pol\u00edcia Civil<\/p>\n","protected":false},"excerpt":{"rendered":"<p>O ano de 2022, no Dia Internacional da Mulher houve a participa\u00e7\u00e3o da Pol\u00edcia Civil da \u00e1rea do Deinter 8, na Opera\u00e7\u00e3o Resguardo II, de \u00e2mbito Nacional. Al\u00e9m da a\u00e7\u00e3o de Pol\u00edcia Judici\u00e1ria j\u00e1 informada anteriormente, houve tamb\u00e9m um caf\u00e9 da manh\u00e3 \u00e0s mulheres Policiais Civis da regi\u00e3o da Delegacia Seccional de Pol\u00edcia de Dracena, [&hellip;]<\/p>\n","protected":false},"author":1,"featured_media":60578,"comment_status":"closed","ping_status":"open","sticky":false,"template":"","format":"standard","meta":{"footnotes":""},"categories":[110,2],"tags":[],"class_list":["post-60575","post","type-post","status-publish","format-standard","has-post-thumbnail","hentry","category-noticiasdestaque","category-policial"],"_links":{"self":[{"href":"https:\/\/jorgezanoni.com.br\/2019\/wp-json\/wp\/v2\/posts\/60575","targetHints":{"allow":["GET"]}}],"collection":[{"href":"https:\/\/jorgezanoni.com.br\/2019\/wp-json\/wp\/v2\/posts"}],"about":[{"href":"https:\/\/jorgezanoni.com.br\/2019\/wp-json\/wp\/v2\/types\/post"}],"author":[{"embeddable":true,"href":"https:\/\/jorgezanoni.com.br\/2019\/wp-json\/wp\/v2\/users\/1"}],"replies":[{"embeddable":true,"href":"https:\/\/jorgezanoni.com.br\/2019\/wp-json\/wp\/v2\/comments?post=60575"}],"version-history":[{"count":0,"href":"https:\/\/jorgezanoni.com.br\/2019\/wp-json\/wp\/v2\/posts\/60575\/revisions"}],"wp:featuredmedia":[{"embeddable":true,"href":"https:\/\/jorgezanoni.com.br\/2019\/wp-json\/wp\/v2\/media\/60578"}],"wp:attachment":[{"href":"https:\/\/jorgezanoni.com.br\/2019\/wp-json\/wp\/v2\/media?parent=60575"}],"wp:term":[{"taxonomy":"category","embeddable":true,"href":"https:\/\/jorgezanoni.com.br\/2019\/wp-json\/wp\/v2\/categories?post=60575"},{"taxonomy":"post_tag","embeddable":true,"href":"https:\/\/jorgezanoni.com.br\/2019\/wp-json\/wp\/v2\/tags?post=60575"}],"curies":[{"name":"wp","href":"https:\/\/api.w.org\/{rel}","templated":true}]}}