{"id":60570,"date":"2022-03-08T23:21:31","date_gmt":"2022-03-08T23:21:31","guid":{"rendered":"https:\/\/jorgezanoni.com.br\/2019\/?p=60570"},"modified":"2022-03-08T23:21:31","modified_gmt":"2022-03-08T23:21:31","slug":"morre-o-frei-clovis-barbosa-que-trabalhou-na-pousada-bom-samaritano-em-dracena","status":"publish","type":"post","link":"https:\/\/jorgezanoni.com.br\/2019\/morre-o-frei-clovis-barbosa-que-trabalhou-na-pousada-bom-samaritano-em-dracena\/","title":{"rendered":"Morre o Frei Cl\u00f3vis Barbosa, que trabalhou na Pousada Bom Samaritano em Dracena"},"content":{"rendered":"<p style=\"text-align: justify;\">Nesta ter\u00e7a-feira (8), faleceu em Piracicaba, o frei Cl\u00f3vis L\u00e1zaro Barbosa, de 89 anos, que residiu e trabalhou por muitos anos na Pousada Bom Samaritano e atuou na Par\u00f3quia Nossa Senhora Aparecida.<\/p>\n<p style=\"text-align: justify;\">Frei Cl\u00f3vis pertencia \u00e0 Ordem dos Frades Capuchinhos, sendo que sua ordena\u00e7\u00e3o ocorreu em 18 de dezembro de 1965.<\/p>\n<p><img loading=\"lazy\" decoding=\"async\" class=\"alignnone size-full wp-image-60571\" src=\"https:\/\/jorgezanoni.com.br\/2019\/wp-content\/uploads\/2022\/03\/Frei.jpg\" alt=\"\" width=\"1080\" height=\"1080\" srcset=\"https:\/\/jorgezanoni.com.br\/2019\/wp-content\/uploads\/2022\/03\/Frei.jpg 1080w, https:\/\/jorgezanoni.com.br\/2019\/wp-content\/uploads\/2022\/03\/Frei-300x300.jpg 300w, https:\/\/jorgezanoni.com.br\/2019\/wp-content\/uploads\/2022\/03\/Frei-1024x1024.jpg 1024w, https:\/\/jorgezanoni.com.br\/2019\/wp-content\/uploads\/2022\/03\/Frei-150x150.jpg 150w, https:\/\/jorgezanoni.com.br\/2019\/wp-content\/uploads\/2022\/03\/Frei-768x768.jpg 768w, https:\/\/jorgezanoni.com.br\/2019\/wp-content\/uploads\/2022\/03\/Frei-696x696.jpg 696w, https:\/\/jorgezanoni.com.br\/2019\/wp-content\/uploads\/2022\/03\/Frei-1068x1068.jpg 1068w, https:\/\/jorgezanoni.com.br\/2019\/wp-content\/uploads\/2022\/03\/Frei-420x420.jpg 420w\" sizes=\"auto, (max-width: 1080px) 100vw, 1080px\" \/><\/p>\n<p><strong>Par\u00f3quia Santa Teresinha e Prefeitura Municipal de Glic\u00e9rio prestam homenagem.<\/strong><\/p>\n<p style=\"text-align: justify;\">Homem simples e franciscano apaixonado!<br \/>\nFervoroso na f\u00e9 e \u00e1gil nas palavras!<br \/>\nAmigo de muitos e respeitado por todos!<br \/>\nCuidadoso com o que fazia e zeloso no altar!<br \/>\nUm pobre entre os pobres!<br \/>\nUm lutador nas grandes batalhas da solidariedade!<br \/>\nUm cursilhista presente e atuante na diocese de Lins!<br \/>\nUm pai, um irm\u00e3o, um amigo que, at\u00e9 o seu \u00faltimo suspiro, &#8220;combateu o bom combate&#8221;!<\/p>\n<p style=\"text-align: justify;\">Nossa Par\u00f3quia Santa Teresinha, juntamente com a Prefeitura Municipal de Glic\u00e9rio, elevam um hino de a\u00e7\u00e3o de gra\u00e7as pela sua vida e inaudita dedica\u00e7\u00e3o!<br \/>\nSua presen\u00e7a ficar\u00e1 eternizada em nossos cora\u00e7\u00f5es e, humildemente, cremos que &#8220;\u00e9 morrendo que se vive para vida eterna&#8221;!<br \/>\nPaz e bem!<br \/>\nO c\u00e9u est\u00e1 em festa!<br \/>\nOferecemos missas pelo seu descanso e o conforto dos familiares e \u00e0 Ordem dos Franciscanos Capuchinhos!<br \/>\nA Deus, Frei Cl\u00f3vis Barbosa!<\/p>\n<p style=\"text-align: justify;\">Estamos solid\u00e1rios e unidos!<\/p>\n<p style=\"text-align: justify;\">Atenciosamente,<br \/>\nPe. Marcio Trojillo (P\u00e1roco) e Ildo Ga\u00facho (Prefeito Municipal)<\/p>\n<p style=\"text-align: justify;\">O sepultamento ocorrer\u00e1 em sua cidade natal, Guap\u00e9, no sul de Minas Gerais.<\/p>\n<p>&nbsp;<\/p>\n<p>&nbsp;<\/p>\n","protected":false},"excerpt":{"rendered":"<p>Nesta ter\u00e7a-feira (8), faleceu em Piracicaba, o frei Cl\u00f3vis L\u00e1zaro Barbosa, de 89 anos, que residiu e trabalhou por muitos anos na Pousada Bom Samaritano e atuou na Par\u00f3quia Nossa Senhora Aparecida. Frei Cl\u00f3vis pertencia \u00e0 Ordem dos Frades Capuchinhos, sendo que sua ordena\u00e7\u00e3o ocorreu em 18 de dezembro de 1965. Par\u00f3quia Santa Teresinha e [&hellip;]<\/p>\n","protected":false},"author":1,"featured_media":60572,"comment_status":"closed","ping_status":"open","sticky":false,"template":"","format":"standard","meta":{"footnotes":""},"categories":[178,110,118],"tags":[],"class_list":["post-60570","post","type-post","status-publish","format-standard","has-post-thumbnail","hentry","category-notadefalecimento","category-noticiasdestaque","category-religiaoesolidariedade"],"_links":{"self":[{"href":"https:\/\/jorgezanoni.com.br\/2019\/wp-json\/wp\/v2\/posts\/60570","targetHints":{"allow":["GET"]}}],"collection":[{"href":"https:\/\/jorgezanoni.com.br\/2019\/wp-json\/wp\/v2\/posts"}],"about":[{"href":"https:\/\/jorgezanoni.com.br\/2019\/wp-json\/wp\/v2\/types\/post"}],"author":[{"embeddable":true,"href":"https:\/\/jorgezanoni.com.br\/2019\/wp-json\/wp\/v2\/users\/1"}],"replies":[{"embeddable":true,"href":"https:\/\/jorgezanoni.com.br\/2019\/wp-json\/wp\/v2\/comments?post=60570"}],"version-history":[{"count":0,"href":"https:\/\/jorgezanoni.com.br\/2019\/wp-json\/wp\/v2\/posts\/60570\/revisions"}],"wp:featuredmedia":[{"embeddable":true,"href":"https:\/\/jorgezanoni.com.br\/2019\/wp-json\/wp\/v2\/media\/60572"}],"wp:attachment":[{"href":"https:\/\/jorgezanoni.com.br\/2019\/wp-json\/wp\/v2\/media?parent=60570"}],"wp:term":[{"taxonomy":"category","embeddable":true,"href":"https:\/\/jorgezanoni.com.br\/2019\/wp-json\/wp\/v2\/categories?post=60570"},{"taxonomy":"post_tag","embeddable":true,"href":"https:\/\/jorgezanoni.com.br\/2019\/wp-json\/wp\/v2\/tags?post=60570"}],"curies":[{"name":"wp","href":"https:\/\/api.w.org\/{rel}","templated":true}]}}