{"id":60565,"date":"2022-03-08T22:31:51","date_gmt":"2022-03-08T22:31:51","guid":{"rendered":"https:\/\/jorgezanoni.com.br\/2019\/?p=60565"},"modified":"2022-03-08T22:31:51","modified_gmt":"2022-03-08T22:31:51","slug":"parkinson-hipertensao-e-diabetes-unifadra-esta-com-inscricoes-abertas-para-programas-gratuitos-que-visam-a-melhoria-da-qualidade-de-vida-destes-pacientes","status":"publish","type":"post","link":"https:\/\/jorgezanoni.com.br\/2019\/parkinson-hipertensao-e-diabetes-unifadra-esta-com-inscricoes-abertas-para-programas-gratuitos-que-visam-a-melhoria-da-qualidade-de-vida-destes-pacientes\/","title":{"rendered":"Parkinson, hipertens\u00e3o e diabetes: Unifadra est\u00e1 com inscri\u00e7\u00f5es abertas para programas gratuitos que visam \u00e0 melhoria da qualidade de vida destes pacientes"},"content":{"rendered":"<p style=\"text-align: justify;\"><span style=\"font-size: large;\">A Unifadra Dracena, em parceria com a Prefeitura Municipal de Dracena e a Secretaria Municipal de Sa\u00fade, mant\u00e9m dois projetos voltados aos cuidados com a popula\u00e7\u00e3o acometida pelas doen\u00e7as de Parkinson, hipertens\u00e3o e diabetes: o Programa Parkinson e o Projeto Viva a Vida. As atividades s\u00e3o gratuitas e foram retomadas presencialmente em fevereiro. Para participar, venha no dia das atividades e fale com uma das professoras respons\u00e1veis.<\/span><\/p>\n<p><span style=\"font-size: large;\">Segundo a\u00a0<\/span>Profa. Dra.<span style=\"font-size: large;\">\u00a0Denise Bueno, orientadora dos projetos, ambas as estrat\u00e9gias t\u00eam se mostrado muito ben\u00e9ficas ao longo dos anos, tornando-se grandes aliadas nos tratamentos dessas pessoas. &#8220;O benef\u00edcio sempre ser\u00e1 a caracter\u00edstica de sociabilidade e aus\u00eancia de efeitos colaterais, diferentemente do que acontece nos tratamentos medicamentosos. Os resultados s\u00e3o incr\u00edveis e as pessoas passam a realizar com mais facilidade as tarefas do dia a dia&#8221;, ressalta.<\/span><\/p>\n<p><span style=\"font-size: large;\"><b>Programa Parkinson<\/b><\/span><\/p>\n<p><span style=\"font-size: large;\">Qualquer pessoa diagnosticada com a doen\u00e7a de Parkinson pode participar deste programa e o trabalho consiste em duas sess\u00f5es semanais de 60 minutos com atividades de marcha, coordena\u00e7\u00e3o, flexibilidade, for\u00e7a, equil\u00edbrio e controle postural. Al\u00e9m disso, os pacientes e seus cuidadores recebem apoio psicol\u00f3gico, gra\u00e7as \u00e0 parceria com o curso de Psicologia da Unifadra.<\/span><\/p>\n<p><span style=\"font-size: large;\"><b>Quando<\/b>: segunda e quarta-feira, das 9h \u00e0s 10h OU das 10h \u00e0s 11h<\/span><br \/>\n<span style=\"font-size: large;\"><b>Onde<\/b>: Unifadra (entrada pelo Anglo-CID: Av. Alcides Chacon Couto, 395, Dracena, SP)<\/span><br \/>\n<span style=\"font-size: large;\">Para participar, basta vir no dia das atividades e falar com as professoras Denise ou Luciana. Informa\u00e7\u00f5es: (18) 3821-9004<\/span><\/p>\n<p><span style=\"font-size: large;\">Realizado desde 2018, o Programa Parkinson \u00e9 totalmente gratuito.<\/span><br \/>\n<span style=\"font-size: large;\">Acompanhe as novidades do programa em:\u00a0<a href=\"https:\/\/www.instagram.com\/parkinson.unifadra\" target=\"_blank\" rel=\"noopener noreferrer\">https:\/\/www.instagram.com\/parkinson.unifadra<\/a><\/span><\/p>\n<p><span style=\"font-size: large;\"><b>Projeto Viva a Vida<\/b><\/span><\/p>\n<p><span style=\"font-size: large;\">Destinado a pessoas com hipertens\u00e3o e diabetes, este projeto busca auxiliar no controle das doen\u00e7as, al\u00e9m de melhorar a sa\u00fade e a qualidade de vida por meio de atividades f\u00edsicas. Os participantes s\u00e3o monitorados por docentes e discentes dos cursos de Educa\u00e7\u00e3o F\u00edsica e Enfermagem da Unifadra e passam por avalia\u00e7\u00e3o f\u00edsica, funcional e fisiol\u00f3gica peri\u00f3dica.<\/span><\/p>\n<p><span style=\"font-size: large;\">As atividades s\u00e3o realizadas duas vezes por semana, no per\u00edodo da manh\u00e3, em diferentes espa\u00e7os cedidos pelo munic\u00edpio e incluem exerc\u00edcios que visam ao condicionamento cardiopulmonar e neuromuscular, como caminhada, hidrogin\u00e1stica, din\u00e2micas e circuitos.<\/span><\/p>\n<p><span style=\"font-size: large;\">Para participar, os interessados devem vir no dia das atividades e falar com as professoras Denise ou Aline (nesse primeiro contato, s\u00e3o orientados sobre o atestado m\u00e9dico para iniciarem as atividades do programa).<\/span><\/p>\n<p><span style=\"font-size: large;\"><b>Quando<\/b>: ter\u00e7a e quinta, das 7h \u00e0s 8h:<\/span><br \/>\n<span style=\"font-size: large;\">&#8211; no Jardim Brasil\u00e2ndia (quadra &#8220;Francisco de Assis&#8221;)<\/span><br \/>\n<span style=\"font-size: large;\">&#8211; no Jardim Jussara (UBS)<\/span><br \/>\n<span style=\"font-size: large;\"><b>Quando<\/b>: ter\u00e7a e quinta, das 8h \u00e0s 9h:<\/span><br \/>\n<span style=\"font-size: large;\">&#8211; Centro Social Urbano (Plimec)<\/span><br \/>\n<span style=\"font-size: large;\">&#8211; Gin\u00e1sio Dovilho Moura<\/span><\/p>\n<p><span style=\"font-size: large;\">O Projeto Viva a Vida foi iniciado em 2007 e est\u00e1 catalogado no Minist\u00e9rio da Sa\u00fade (implementado a partir da sele\u00e7\u00e3o no edital de pr\u00e1ticas corporais\/atividade f\u00edsica lan\u00e7ado em 2006 pelo Minist\u00e9rio da Sa\u00fade).<\/span><br \/>\n<span style=\"font-size: large;\">Acompanhe o Projeto Viva a Vida:\u00a0<a href=\"https:\/\/www.instagram.com\/vivaavida.unifadra\/\" target=\"_blank\" rel=\"noopener noreferrer\">https:\/\/www.instagram.com\/vivaavida.unifadra\/<\/a><\/span><\/p>\n<p><img loading=\"lazy\" decoding=\"async\" class=\"alignnone size-full wp-image-60566\" src=\"https:\/\/jorgezanoni.com.br\/2019\/wp-content\/uploads\/2022\/03\/progama1.jpg\" alt=\"\" width=\"1080\" height=\"1080\" srcset=\"https:\/\/jorgezanoni.com.br\/2019\/wp-content\/uploads\/2022\/03\/progama1.jpg 1080w, https:\/\/jorgezanoni.com.br\/2019\/wp-content\/uploads\/2022\/03\/progama1-300x300.jpg 300w, https:\/\/jorgezanoni.com.br\/2019\/wp-content\/uploads\/2022\/03\/progama1-1024x1024.jpg 1024w, https:\/\/jorgezanoni.com.br\/2019\/wp-content\/uploads\/2022\/03\/progama1-150x150.jpg 150w, https:\/\/jorgezanoni.com.br\/2019\/wp-content\/uploads\/2022\/03\/progama1-768x768.jpg 768w, https:\/\/jorgezanoni.com.br\/2019\/wp-content\/uploads\/2022\/03\/progama1-696x696.jpg 696w, https:\/\/jorgezanoni.com.br\/2019\/wp-content\/uploads\/2022\/03\/progama1-1068x1068.jpg 1068w, https:\/\/jorgezanoni.com.br\/2019\/wp-content\/uploads\/2022\/03\/progama1-420x420.jpg 420w\" sizes=\"auto, (max-width: 1080px) 100vw, 1080px\" \/><\/p>\n<p>Fonte: Depto. Comunica\u00e7\u00e3o Fundec<\/p>\n","protected":false},"excerpt":{"rendered":"<p>A Unifadra Dracena, em parceria com a Prefeitura Municipal de Dracena e a Secretaria Municipal de Sa\u00fade, mant\u00e9m dois projetos voltados aos cuidados com a popula\u00e7\u00e3o acometida pelas doen\u00e7as de Parkinson, hipertens\u00e3o e diabetes: o Programa Parkinson e o Projeto Viva a Vida. As atividades s\u00e3o gratuitas e foram retomadas presencialmente em fevereiro. Para participar, [&hellip;]<\/p>\n","protected":false},"author":1,"featured_media":60567,"comment_status":"closed","ping_status":"open","sticky":false,"template":"","format":"standard","meta":{"footnotes":""},"categories":[110,122],"tags":[],"class_list":["post-60565","post","type-post","status-publish","format-standard","has-post-thumbnail","hentry","category-noticiasdestaque","category-saudeeducacaoeconcurso"],"_links":{"self":[{"href":"https:\/\/jorgezanoni.com.br\/2019\/wp-json\/wp\/v2\/posts\/60565","targetHints":{"allow":["GET"]}}],"collection":[{"href":"https:\/\/jorgezanoni.com.br\/2019\/wp-json\/wp\/v2\/posts"}],"about":[{"href":"https:\/\/jorgezanoni.com.br\/2019\/wp-json\/wp\/v2\/types\/post"}],"author":[{"embeddable":true,"href":"https:\/\/jorgezanoni.com.br\/2019\/wp-json\/wp\/v2\/users\/1"}],"replies":[{"embeddable":true,"href":"https:\/\/jorgezanoni.com.br\/2019\/wp-json\/wp\/v2\/comments?post=60565"}],"version-history":[{"count":0,"href":"https:\/\/jorgezanoni.com.br\/2019\/wp-json\/wp\/v2\/posts\/60565\/revisions"}],"wp:featuredmedia":[{"embeddable":true,"href":"https:\/\/jorgezanoni.com.br\/2019\/wp-json\/wp\/v2\/media\/60567"}],"wp:attachment":[{"href":"https:\/\/jorgezanoni.com.br\/2019\/wp-json\/wp\/v2\/media?parent=60565"}],"wp:term":[{"taxonomy":"category","embeddable":true,"href":"https:\/\/jorgezanoni.com.br\/2019\/wp-json\/wp\/v2\/categories?post=60565"},{"taxonomy":"post_tag","embeddable":true,"href":"https:\/\/jorgezanoni.com.br\/2019\/wp-json\/wp\/v2\/tags?post=60565"}],"curies":[{"name":"wp","href":"https:\/\/api.w.org\/{rel}","templated":true}]}}