{"id":60559,"date":"2022-03-08T16:10:06","date_gmt":"2022-03-08T16:10:06","guid":{"rendered":"https:\/\/jorgezanoni.com.br\/2019\/?p=60559"},"modified":"2022-03-08T16:10:06","modified_gmt":"2022-03-08T16:10:06","slug":"policia-civil-promove-homenagem-ao-dia-internacional-da-mulher-em-dracena","status":"publish","type":"post","link":"https:\/\/jorgezanoni.com.br\/2019\/policia-civil-promove-homenagem-ao-dia-internacional-da-mulher-em-dracena\/","title":{"rendered":"Pol\u00edcia Civil promove Homenagem ao Dia Internacional da Mulher em Dracena"},"content":{"rendered":"<p style=\"text-align: justify;\">Uma singela lembran\u00e7a, em forma bombons, em comemora\u00e7\u00e3o \u00e0 data especial foi distribu\u00edda para todas as policiais civis femininas, da \u00e1rea da Delegacia Seccional de Pol\u00edcia de Dracena. Cinco mulheres que, est\u00e3o recolhidas temporariamente, na Cadeia de Tr\u00e2nsito Feminina de Dracena tamb\u00e9m foram agraciadas com o mimo.<\/p>\n<p style=\"text-align: justify;\">A Pol\u00edcia Civil, por interm\u00e9dio da Delegacia Seccional de Pol\u00edcia de Dracena, prestou nesta ter\u00e7a-feira (8), homenagem ao Dia Internacional da Mulher, distribu\u00eddo um mimo em forma de bombons, para agraciar todas as policiais civis femininas, que atuam na \u00e1rea da Seccional de Dracena. A homenagem tamb\u00e9m se estendeu para cinco mulheres que est\u00e3o, detidas temporariamente, na Cadeia de Tr\u00e2nsito Feminina de Dracena.<br \/>\nO agradecimento em especial \u00e9 em raz\u00e3o do importante papel que as policiais civis femininas despenham na institui\u00e7\u00e3o, suportando muitas vezes duas ou mais cargas de trabalho, visto que terminando seus expedientes profissionais essas mulheres ainda t\u00eam que lidar com os afazeres dom\u00e9sticos, cuidar de filhos, ou seja, verdadeiras hero\u00ednas.<br \/>\nDurante a entregas dos mimos as mulheres recolhidas na Cadeia de Tr\u00e2nsito Feminina de Dracena, respeitando sempre o princ\u00edpio da dignidade humana, houve por parte das custodiadas agradecimento e emo\u00e7\u00e3o pela singela homenagem recebida.<\/p>\n<p><img loading=\"lazy\" decoding=\"async\" class=\"alignnone size-full wp-image-60560\" src=\"https:\/\/jorgezanoni.com.br\/2019\/wp-content\/uploads\/2022\/03\/civil.jpg\" alt=\"\" width=\"1280\" height=\"832\" srcset=\"https:\/\/jorgezanoni.com.br\/2019\/wp-content\/uploads\/2022\/03\/civil.jpg 1280w, https:\/\/jorgezanoni.com.br\/2019\/wp-content\/uploads\/2022\/03\/civil-300x195.jpg 300w, https:\/\/jorgezanoni.com.br\/2019\/wp-content\/uploads\/2022\/03\/civil-1024x666.jpg 1024w, https:\/\/jorgezanoni.com.br\/2019\/wp-content\/uploads\/2022\/03\/civil-768x499.jpg 768w, https:\/\/jorgezanoni.com.br\/2019\/wp-content\/uploads\/2022\/03\/civil-696x452.jpg 696w, https:\/\/jorgezanoni.com.br\/2019\/wp-content\/uploads\/2022\/03\/civil-1068x694.jpg 1068w, https:\/\/jorgezanoni.com.br\/2019\/wp-content\/uploads\/2022\/03\/civil-646x420.jpg 646w\" sizes=\"auto, (max-width: 1280px) 100vw, 1280px\" \/><\/p>\n<p style=\"text-align: justify;\">Fonte: Com. Social Pol\u00edcia Civil<\/p>\n","protected":false},"excerpt":{"rendered":"<p>Uma singela lembran\u00e7a, em forma bombons, em comemora\u00e7\u00e3o \u00e0 data especial foi distribu\u00edda para todas as policiais civis femininas, da \u00e1rea da Delegacia Seccional de Pol\u00edcia de Dracena. Cinco mulheres que, est\u00e3o recolhidas temporariamente, na Cadeia de Tr\u00e2nsito Feminina de Dracena tamb\u00e9m foram agraciadas com o mimo. A Pol\u00edcia Civil, por interm\u00e9dio da Delegacia Seccional [&hellip;]<\/p>\n","protected":false},"author":1,"featured_media":60561,"comment_status":"closed","ping_status":"open","sticky":false,"template":"","format":"standard","meta":{"footnotes":""},"categories":[110,2],"tags":[],"class_list":["post-60559","post","type-post","status-publish","format-standard","has-post-thumbnail","hentry","category-noticiasdestaque","category-policial"],"_links":{"self":[{"href":"https:\/\/jorgezanoni.com.br\/2019\/wp-json\/wp\/v2\/posts\/60559","targetHints":{"allow":["GET"]}}],"collection":[{"href":"https:\/\/jorgezanoni.com.br\/2019\/wp-json\/wp\/v2\/posts"}],"about":[{"href":"https:\/\/jorgezanoni.com.br\/2019\/wp-json\/wp\/v2\/types\/post"}],"author":[{"embeddable":true,"href":"https:\/\/jorgezanoni.com.br\/2019\/wp-json\/wp\/v2\/users\/1"}],"replies":[{"embeddable":true,"href":"https:\/\/jorgezanoni.com.br\/2019\/wp-json\/wp\/v2\/comments?post=60559"}],"version-history":[{"count":0,"href":"https:\/\/jorgezanoni.com.br\/2019\/wp-json\/wp\/v2\/posts\/60559\/revisions"}],"wp:featuredmedia":[{"embeddable":true,"href":"https:\/\/jorgezanoni.com.br\/2019\/wp-json\/wp\/v2\/media\/60561"}],"wp:attachment":[{"href":"https:\/\/jorgezanoni.com.br\/2019\/wp-json\/wp\/v2\/media?parent=60559"}],"wp:term":[{"taxonomy":"category","embeddable":true,"href":"https:\/\/jorgezanoni.com.br\/2019\/wp-json\/wp\/v2\/categories?post=60559"},{"taxonomy":"post_tag","embeddable":true,"href":"https:\/\/jorgezanoni.com.br\/2019\/wp-json\/wp\/v2\/tags?post=60559"}],"curies":[{"name":"wp","href":"https:\/\/api.w.org\/{rel}","templated":true}]}}