{"id":60556,"date":"2022-03-08T15:25:10","date_gmt":"2022-03-08T15:25:10","guid":{"rendered":"https:\/\/jorgezanoni.com.br\/2019\/?p=60556"},"modified":"2022-03-08T15:25:10","modified_gmt":"2022-03-08T15:25:10","slug":"alunos-de-medicina-visitam-o-ame-dracena","status":"publish","type":"post","link":"https:\/\/jorgezanoni.com.br\/2019\/alunos-de-medicina-visitam-o-ame-dracena\/","title":{"rendered":"Alunos de Medicina visitam o AME Dracena"},"content":{"rendered":"<div dir=\"ltr\" style=\"text-align: justify;\"><span style=\"font-size: large;\">Como parte das atividades previstas nos est\u00e1gios obrigat\u00f3rios rotativos (internato) do curso de Medicina da Unifadra, a turma do 11\u00ba termo realizou, no dia 4 de mar\u00e7o, dentro da disciplina de Sa\u00fade da Fam\u00edlia e Comunidade I, uma visita ao AME Dracena (Ambulat\u00f3rio M\u00e9dico de Especialidades &#8220;Dr. Francisco de Assis Martucci&#8221;).<\/p>\n<p>&#8220;Nesse rod\u00edzio, h\u00e1 est\u00e1gios nas Unidades B\u00e1sicas de Sa\u00fade (UBS) e os alunos tamb\u00e9m aprendem por onde os pacientes precisam passar dentro da rede de sa\u00fade. Ent\u00e3o, consideramos importante que os alunos conhe\u00e7am esse ponto de aten\u00e7\u00e3o do SUS, que \u00e9 o AME, e saibam onde est\u00e3o as refer\u00eancias dispon\u00edveis, quais s\u00e3o as op\u00e7\u00f5es de especialidades para as quais os m\u00e9dicos podem estar encaminhando&#8221;, ressalta a Profa. Esp. Ligia Maria Antunes de Oliveira e Sousa Sinatura, que acompanhou a turma.<\/p>\n<p>Na ocasi\u00e3o, a Prof. Esp. Ligia Sinatura e os alunos do 11\u00ba termo foram recebidos pela enfermeira Zilda Gabriel e por Renato Mizoni, que apresentaram todo o servi\u00e7o e explicaram todo o funcionamento do AME Dracena aos futuros m\u00e9dicos.<\/p>\n<p>Sim, esta turma ir\u00e1 se formar no final desse ano &#8211; e entrar\u00e1 para a hist\u00f3ria da faculdade como a primeira turma de Medicina da Unifadra Dracena (2022).<\/span><\/div>\n<div dir=\"ltr\"><\/div>\n<div dir=\"ltr\">Fonte: Depto. Comunica\u00e7\u00e3o Fundec<\/div>\n","protected":false},"excerpt":{"rendered":"<p>Como parte das atividades previstas nos est\u00e1gios obrigat\u00f3rios rotativos (internato) do curso de Medicina da Unifadra, a turma do 11\u00ba termo realizou, no dia 4 de mar\u00e7o, dentro da disciplina de Sa\u00fade da Fam\u00edlia e Comunidade I, uma visita ao AME Dracena (Ambulat\u00f3rio M\u00e9dico de Especialidades &#8220;Dr. Francisco de Assis Martucci&#8221;). &#8220;Nesse rod\u00edzio, h\u00e1 est\u00e1gios [&hellip;]<\/p>\n","protected":false},"author":1,"featured_media":60557,"comment_status":"closed","ping_status":"open","sticky":false,"template":"","format":"standard","meta":{"footnotes":""},"categories":[110,122],"tags":[],"class_list":["post-60556","post","type-post","status-publish","format-standard","has-post-thumbnail","hentry","category-noticiasdestaque","category-saudeeducacaoeconcurso"],"_links":{"self":[{"href":"https:\/\/jorgezanoni.com.br\/2019\/wp-json\/wp\/v2\/posts\/60556","targetHints":{"allow":["GET"]}}],"collection":[{"href":"https:\/\/jorgezanoni.com.br\/2019\/wp-json\/wp\/v2\/posts"}],"about":[{"href":"https:\/\/jorgezanoni.com.br\/2019\/wp-json\/wp\/v2\/types\/post"}],"author":[{"embeddable":true,"href":"https:\/\/jorgezanoni.com.br\/2019\/wp-json\/wp\/v2\/users\/1"}],"replies":[{"embeddable":true,"href":"https:\/\/jorgezanoni.com.br\/2019\/wp-json\/wp\/v2\/comments?post=60556"}],"version-history":[{"count":0,"href":"https:\/\/jorgezanoni.com.br\/2019\/wp-json\/wp\/v2\/posts\/60556\/revisions"}],"wp:featuredmedia":[{"embeddable":true,"href":"https:\/\/jorgezanoni.com.br\/2019\/wp-json\/wp\/v2\/media\/60557"}],"wp:attachment":[{"href":"https:\/\/jorgezanoni.com.br\/2019\/wp-json\/wp\/v2\/media?parent=60556"}],"wp:term":[{"taxonomy":"category","embeddable":true,"href":"https:\/\/jorgezanoni.com.br\/2019\/wp-json\/wp\/v2\/categories?post=60556"},{"taxonomy":"post_tag","embeddable":true,"href":"https:\/\/jorgezanoni.com.br\/2019\/wp-json\/wp\/v2\/tags?post=60556"}],"curies":[{"name":"wp","href":"https:\/\/api.w.org\/{rel}","templated":true}]}}