{"id":60553,"date":"2022-03-08T11:31:16","date_gmt":"2022-03-08T11:31:16","guid":{"rendered":"https:\/\/jorgezanoni.com.br\/2019\/?p=60553"},"modified":"2022-03-08T11:31:16","modified_gmt":"2022-03-08T11:31:16","slug":"o-que-e-o-dia-internacional-das-mulheres-e-como-comecou-a-ser-comemorado","status":"publish","type":"post","link":"https:\/\/jorgezanoni.com.br\/2019\/o-que-e-o-dia-internacional-das-mulheres-e-como-comecou-a-ser-comemorado\/","title":{"rendered":"O que \u00e9 o Dia Internacional das Mulheres e como come\u00e7ou a ser comemorado?"},"content":{"rendered":"<h2 class=\"content-head__subtitle\" style=\"text-align: justify;\"><strong>Tudo o que voc\u00ea precisa saber sobre as celebra\u00e7\u00f5es globais que acontecem no dia 8 de mar\u00e7o.<\/strong><\/h2>\n<div class=\"mc-column content-text active-extra-styles \" data-block-type=\"unstyled\" data-block-weight=\"19\" data-block-id=\"2\">\n<p class=\"content-text__container \" style=\"text-align: justify;\" data-track-category=\"Link no Texto\" data-track-links=\"\">Voc\u00ea deve estar vendo o Dia Internacional das Mulheres sendo mencionado na imprensa ou ouvindo coment\u00e1rios sobre o assunto.<\/p>\n<\/div>\n<div class=\"wall protected-content\">\n<div class=\"mc-column content-text active-extra-styles \" style=\"text-align: justify;\" data-block-type=\"unstyled\" data-block-weight=\"30\" data-block-id=\"3\">\n<p class=\"content-text__container \" data-track-category=\"Link no Texto\" data-track-links=\"\">Mas para que serve esta data? Quando \u00e9? \u00c9 uma celebra\u00e7\u00e3o ou um protesto? Existe algo equivalente como um Dia Internacional dos Homens? E que eventos v\u00e3o acontecer neste ano?<\/p>\n<\/div>\n<div class=\"mc-column content-text active-extra-styles \" style=\"text-align: justify;\" data-block-type=\"unstyled\" data-block-weight=\"23\" data-block-id=\"4\">\n<p class=\"content-text__container \" data-track-category=\"Link no Texto\" data-track-links=\"\">Por mais de um s\u00e9culo, o dia 8 de mar\u00e7o \u00e9 identificado ao redor mundo como uma data especial para as mulheres.<\/p>\n<\/div>\n<div class=\"mc-column content-text active-extra-styles \" style=\"text-align: justify;\" data-block-type=\"unstyled\" data-block-weight=\"7\" data-block-id=\"5\">\n<p class=\"content-text__container \" data-track-category=\"Link no Texto\" data-track-links=\"\">A seguir, explicamos para voc\u00ea por qu\u00ea.<\/p>\n<\/div>\n<div class=\"mc-column content-text active-extra-styles\" style=\"text-align: justify;\" data-block-type=\"raw\" data-block-weight=\"3\" data-block-id=\"6\">\n<div class=\"content-intertitle\">\n<h2>1. Como come\u00e7ou?<\/h2>\n<\/div>\n<\/div>\n<div class=\"row medium-uncollapsed content-media content-photo\" style=\"text-align: justify;\" data-block-type=\"backstage-photo\" data-block-id=\"7\">\n<div class=\"mc-column content-media__container\">\n<div class=\"content-media-container glb-skeleton-box\">\n<figure class=\"content-media-figure\"><img decoding=\"async\" class=\"i-amphtml-fill-content i-amphtml-replaced-content\" src=\"https:\/\/s2.glbimg.com\/boVik03LwzVl_Pwre8s6ONNmwGk=\/0x0:718x408\/984x0\/smart\/filters:strip_icc()\/i.s3.glbimg.com\/v1\/AUTH_59edd422c0c84a879bd37670ae4f538a\/internal_photos\/bs\/2022\/j\/E\/19ONUNSwyzjmnjrOf6jg\/bbc-mulheres-2.png\" sizes=\"(max-width: 1366px) 648px, 100vw\" srcset=\"https:\/\/s2.glbimg.com\/RlxkpwzCSFMQPx_JyvSimcBh4Wc=\/0x0:718x408\/1000x0\/smart\/filters:strip_icc()\/i.s3.glbimg.com\/v1\/AUTH_59edd422c0c84a879bd37670ae4f538a\/internal_photos\/bs\/2022\/j\/E\/19ONUNSwyzjmnjrOf6jg\/bbc-mulheres-2.png 1000w, https:\/\/s2.glbimg.com\/boVik03LwzVl_Pwre8s6ONNmwGk=\/0x0:718x408\/984x0\/smart\/filters:strip_icc()\/i.s3.glbimg.com\/v1\/AUTH_59edd422c0c84a879bd37670ae4f538a\/internal_photos\/bs\/2022\/j\/E\/19ONUNSwyzjmnjrOf6jg\/bbc-mulheres-2.png 984w, https:\/\/s2.glbimg.com\/ZF7JG0wWT1X6fDmLzKEW1sA9EcA=\/0x0:718x408\/640x0\/smart\/filters:strip_icc()\/i.s3.glbimg.com\/v1\/AUTH_59edd422c0c84a879bd37670ae4f538a\/internal_photos\/bs\/2022\/j\/E\/19ONUNSwyzjmnjrOf6jg\/bbc-mulheres-2.png 640w, https:\/\/s2.glbimg.com\/M17HmysIQepDaLjKkpLbokZSCY0=\/0x0:718x408\/600x0\/smart\/filters:strip_icc()\/i.s3.glbimg.com\/v1\/AUTH_59edd422c0c84a879bd37670ae4f538a\/internal_photos\/bs\/2022\/j\/E\/19ONUNSwyzjmnjrOf6jg\/bbc-mulheres-2.png 600w\" alt=\"Clara Zetkin sugeriu a cria\u00e7\u00e3o do Dia Internacional das Mulheres em 1910 \u2014 Foto: CORBIS \/ HULTON DEUTSCH\/ VIA BBC\" \/><\/figure>\n<\/div>\n<p class=\"content-media__description \">Clara Zetkin sugeriu a cria\u00e7\u00e3o do Dia Internacional das Mulheres em 1910 \u2014 Foto: CORBIS \/ HULTON DEUTSCH\/ VIA BBC<\/p>\n<\/div>\n<\/div>\n<div class=\"content-ads content-ads--reveal\" style=\"text-align: justify;\" data-block-type=\"ads\" data-block-id=\"8\">\n<div id=\"banner_materia2\" class=\"tag-manager-publicidade-container mc-has-reveal mc-has-ad-lazyload tag-manager-publicidade-banner_materia2 tag-manager-publicidade-container--carregado tag-manager-publicidade-container--visivel\" data-id=\"banner_materia2\" data-req=\"true\" data-google-query-id=\"CJmJ04CztvYCFckzuQYdVqMM6Q\" data-cid=\"138384043393\" data-lid=\"5938639144\">\n<div id=\"google_ads_iframe_\/95377733\/tvg_G1\/Especial_Editorial\/Dia_das_Mulheres_3__container__\">O Dia Internacional das Mulheres teve origem no movimento oper\u00e1rio e se tornou um evento anual reconhecido pela Organiza\u00e7\u00e3o das Na\u00e7\u00f5es Unidas (ONU).<\/div>\n<\/div>\n<\/div>\n<div class=\"mc-column content-text active-extra-styles \" style=\"text-align: justify;\" data-block-type=\"unstyled\" data-block-weight=\"44\" data-block-id=\"10\">\n<p class=\"content-text__container \" data-track-category=\"Link no Texto\" data-track-links=\"\">Suas sementes foram plantadas em 1908, quando 15 mil mulheres marcharam pela cidade de Nova York exigindo a redu\u00e7\u00e3o das jornadas de trabalho, sal\u00e1rios melhores e direito ao voto. Um ano depois, o Partido Socialista da Am\u00e9rica declarou o primeiro Dia Nacional das Mulheres.<\/p>\n<\/div>\n<div class=\"mc-column content-text active-extra-styles \" style=\"text-align: justify;\" data-block-type=\"unstyled\" data-block-weight=\"23\" data-block-id=\"11\">\n<p class=\"content-text__container \" data-track-category=\"Link no Texto\" data-track-links=\"\">A proposta de tornar a data internacional veio de uma mulher chamada Clara Zetkin, ativista comunista e defensora dos direitos das mulheres.<\/p>\n<\/div>\n<div class=\"mc-column content-text active-extra-styles \" style=\"text-align: justify;\" data-block-type=\"unstyled\" data-block-weight=\"31\" data-block-id=\"12\">\n<p class=\"content-text__container \" data-track-category=\"Link no Texto\" data-track-links=\"\">Ela deu a ideia em 1910 durante uma Confer\u00eancia Internacional de Mulheres Socialistas em Copenhague. Havia 100 mulheres, de 17 pa\u00edses, presentes, e elas concordaram com a sugest\u00e3o dela por unanimidade.<\/p>\n<\/div>\n<div class=\"mc-column content-text active-extra-styles \" style=\"text-align: justify;\" data-block-type=\"unstyled\" data-block-weight=\"35\" data-block-id=\"13\">\n<p class=\"content-text__container \" data-track-category=\"Link no Texto\" data-track-links=\"\">A data foi celebrada pela primeira vez em 1911, na \u00c1ustria, Dinamarca, Alemanha e Su\u00ed\u00e7a. E seu centen\u00e1rio foi comemorado em 2011 \u2014 ent\u00e3o, neste ano, estamos tecnicamente comemorando o 111\u00ba Dia Internacional das Mulheres.<\/p>\n<\/div>\n<div class=\"mc-column content-text active-extra-styles \" style=\"text-align: justify;\" data-block-type=\"unstyled\" data-block-weight=\"20\" data-block-id=\"14\">\n<p class=\"content-text__container \" data-track-category=\"Link no Texto\" data-track-links=\"\">Mas o Dia Internacional das Mulheres s\u00f3 foi oficializado em 1975, quando a ONU come\u00e7ou a comemorar a data.<\/p>\n<\/div>\n<div class=\"mc-column content-text active-extra-styles \" data-block-type=\"unstyled\" data-block-weight=\"40\" data-block-id=\"15\">\n<p class=\"content-text__container \" style=\"text-align: justify;\" data-track-category=\"Link no Texto\" data-track-links=\"\">E se tornou uma ocasi\u00e3o para celebrar os avan\u00e7os das mulheres na sociedade, na pol\u00edtica e na economia, enquanto suas ra\u00edzes pol\u00edticas significam que greves e protestos s\u00e3o organizados para aumentar a conscientiza\u00e7\u00e3o em rela\u00e7\u00e3o \u00e0 cont\u00ednua desigualdade de g\u00eanero.<\/p>\n<div class=\"mc-column content-text active-extra-styles\" style=\"text-align: justify;\" data-block-type=\"raw\" data-block-weight=\"6\" data-block-id=\"17\">\n<div class=\"content-intertitle\">\n<h2>2. Por que 8 de mar\u00e7o?<\/h2>\n<\/div>\n<\/div>\n<div class=\"row medium-uncollapsed content-media content-photo\" style=\"text-align: justify;\" data-block-type=\"backstage-photo\" data-block-id=\"18\">\n<div class=\"mc-column content-media__container\">\n<div class=\"content-media-container glb-skeleton-box\">\n<figure class=\"content-media-figure\"><img decoding=\"async\" class=\"i-amphtml-fill-content i-amphtml-replaced-content\" src=\"https:\/\/s2.glbimg.com\/nKaerOtA4MbosqJu86y9NZr6bl8=\/0x0:714x407\/984x0\/smart\/filters:strip_icc()\/i.s3.glbimg.com\/v1\/AUTH_59edd422c0c84a879bd37670ae4f538a\/internal_photos\/bs\/2022\/0\/J\/a9L0MjT9SP4OC1EnoTCw\/bbc-mulheres-3.png\" sizes=\"(max-width: 1366px) 648px, 100vw\" srcset=\"https:\/\/s2.glbimg.com\/C9ewpwOeVwVMTWpytr-ruTm0yao=\/0x0:714x407\/1000x0\/smart\/filters:strip_icc()\/i.s3.glbimg.com\/v1\/AUTH_59edd422c0c84a879bd37670ae4f538a\/internal_photos\/bs\/2022\/0\/J\/a9L0MjT9SP4OC1EnoTCw\/bbc-mulheres-3.png 1000w, https:\/\/s2.glbimg.com\/nKaerOtA4MbosqJu86y9NZr6bl8=\/0x0:714x407\/984x0\/smart\/filters:strip_icc()\/i.s3.glbimg.com\/v1\/AUTH_59edd422c0c84a879bd37670ae4f538a\/internal_photos\/bs\/2022\/0\/J\/a9L0MjT9SP4OC1EnoTCw\/bbc-mulheres-3.png 984w, https:\/\/s2.glbimg.com\/1tYuUncqmIuK67ZBYW58kJ6_bAY=\/0x0:714x407\/640x0\/smart\/filters:strip_icc()\/i.s3.glbimg.com\/v1\/AUTH_59edd422c0c84a879bd37670ae4f538a\/internal_photos\/bs\/2022\/0\/J\/a9L0MjT9SP4OC1EnoTCw\/bbc-mulheres-3.png 640w, https:\/\/s2.glbimg.com\/7hL6GpeVEzy-g8KFKjp7wdOvOws=\/0x0:714x407\/600x0\/smart\/filters:strip_icc()\/i.s3.glbimg.com\/v1\/AUTH_59edd422c0c84a879bd37670ae4f538a\/internal_photos\/bs\/2022\/0\/J\/a9L0MjT9SP4OC1EnoTCw\/bbc-mulheres-3.png 600w\" alt=\"Evento do Dia Internacional das Mulheres em Bogot\u00e1, na Col\u00f4mbia, em 2021 \u2014 Foto: GETTY IMAGES\/via BBC\" \/><\/figure>\n<\/div>\n<p class=\"content-media__description \">Evento do Dia Internacional das Mulheres em Bogot\u00e1, na Col\u00f4mbia, em 2021 \u2014 Foto: GETTY IMAGES\/via BBC<\/p>\n<\/div>\n<\/div>\n<div class=\"mc-column content-text active-extra-styles \" style=\"text-align: justify;\" data-block-type=\"unstyled\" data-block-weight=\"16\" data-block-id=\"19\">\n<p class=\"content-text__container \" data-track-category=\"Link no Texto\" data-track-links=\"\">A proposta de Clara de criar um Dia Internacional das Mulheres n\u00e3o tinha uma data fixa.<\/p>\n<\/div>\n<div class=\"mc-column content-text active-extra-styles \" style=\"text-align: justify;\" data-block-type=\"unstyled\" data-block-weight=\"46\" data-block-id=\"20\">\n<p class=\"content-text__container \" data-track-category=\"Link no Texto\" data-track-links=\"\">A data s\u00f3 foi formalizada ap\u00f3s uma greve em meio \u00e0 guerra em 1917, quando as mulheres russas exigiram &#8220;p\u00e3o e paz&#8221; \u2014 e quatro dias ap\u00f3s a greve o czar foi for\u00e7ado a abdicar, e o governo provis\u00f3rio concedeu \u00e0s mulheres o direito ao voto.<\/p>\n<\/div>\n<div class=\"mc-column content-text active-extra-styles \" data-block-type=\"unstyled\" data-block-weight=\"34\" data-block-id=\"21\">\n<p class=\"content-text__container \" style=\"text-align: justify;\" data-track-category=\"Link no Texto\" data-track-links=\"\">A greve das mulheres come\u00e7ou em 23 de fevereiro, pelo calend\u00e1rio juliano, utilizado na R\u00fassia na \u00e9poca. Este dia corresponde a 8 de mar\u00e7o no calend\u00e1rio gregoriano \u2014 e \u00e9 quando \u00e9 comemorado hoje.<\/p>\n<p style=\"text-align: justify;\" data-track-category=\"Link no Texto\" data-track-links=\"\"><span style=\"color: #111111; font-family: Roboto, sans-serif; font-size: 27px;\">3. Por que as pessoas usam a cor roxa?<\/span><\/p>\n<div class=\"row medium-uncollapsed content-media content-photo\" style=\"text-align: justify;\" data-block-type=\"backstage-photo\" data-block-id=\"24\">\n<div class=\"mc-column content-media__container\">\n<div class=\"content-media-container glb-skeleton-box\">\n<figure class=\"content-media-figure\"><img decoding=\"async\" class=\"i-amphtml-fill-content i-amphtml-replaced-content\" src=\"https:\/\/s2.glbimg.com\/72ARmnaCO3ZaTMSqI-uhz987kqU=\/0x0:724x401\/984x0\/smart\/filters:strip_icc()\/i.s3.glbimg.com\/v1\/AUTH_59edd422c0c84a879bd37670ae4f538a\/internal_photos\/bs\/2022\/p\/d\/VXHCDtQQS9u6hzfEfd9A\/bbc-mulheres-4.png\" sizes=\"(max-width: 1366px) 648px, 100vw\" srcset=\"https:\/\/s2.glbimg.com\/xbIR_rUjS-GTlwacnuRR7Mp1Cy4=\/0x0:724x401\/1000x0\/smart\/filters:strip_icc()\/i.s3.glbimg.com\/v1\/AUTH_59edd422c0c84a879bd37670ae4f538a\/internal_photos\/bs\/2022\/p\/d\/VXHCDtQQS9u6hzfEfd9A\/bbc-mulheres-4.png 1000w, https:\/\/s2.glbimg.com\/72ARmnaCO3ZaTMSqI-uhz987kqU=\/0x0:724x401\/984x0\/smart\/filters:strip_icc()\/i.s3.glbimg.com\/v1\/AUTH_59edd422c0c84a879bd37670ae4f538a\/internal_photos\/bs\/2022\/p\/d\/VXHCDtQQS9u6hzfEfd9A\/bbc-mulheres-4.png 984w, https:\/\/s2.glbimg.com\/TeW48jztgbcFNqNuSFKyvAdyPzY=\/0x0:724x401\/640x0\/smart\/filters:strip_icc()\/i.s3.glbimg.com\/v1\/AUTH_59edd422c0c84a879bd37670ae4f538a\/internal_photos\/bs\/2022\/p\/d\/VXHCDtQQS9u6hzfEfd9A\/bbc-mulheres-4.png 640w, https:\/\/s2.glbimg.com\/EHGiMPTGdFw0eVCgUtPMBWgfLCk=\/0x0:724x401\/600x0\/smart\/filters:strip_icc()\/i.s3.glbimg.com\/v1\/AUTH_59edd422c0c84a879bd37670ae4f538a\/internal_photos\/bs\/2022\/p\/d\/VXHCDtQQS9u6hzfEfd9A\/bbc-mulheres-4.png 600w\" alt=\"A cor roxa \u00e9 frequentemente associada \u00e0 data, pois significa 'justi\u00e7a e dignidade' \u2014 Foto: Getty Images\/Via BBC\" \/><\/figure>\n<\/div>\n<p class=\"content-media__description \">A cor roxa \u00e9 frequentemente associada \u00e0 data, pois significa &#8216;justi\u00e7a e dignidade&#8217; \u2014 Foto: Getty Images\/Via BBC<\/p>\n<\/div>\n<\/div>\n<div class=\"mc-column content-text active-extra-styles \" style=\"text-align: justify;\" data-block-type=\"unstyled\" data-block-weight=\"18\" data-block-id=\"25\">\n<p class=\"content-text__container \" data-track-category=\"Link no Texto\" data-track-links=\"\">Roxo, verde e branco s\u00e3o as cores do Dia Internacional das Mulheres, de acordo com o site oficial.<\/p>\n<\/div>\n<div class=\"mc-column content-text active-extra-styles \" style=\"text-align: justify;\" data-block-type=\"unstyled\" data-block-weight=\"38\" data-block-id=\"26\">\n<p class=\"content-text__container \" data-track-category=\"Link no Texto\" data-track-links=\"\">&#8220;Roxo significa justi\u00e7a e dignidade. Verde simboliza esperan\u00e7a. Branco representa pureza, embora seja um conceito controverso. As cores se originaram da Uni\u00e3o Social e Pol\u00edtica das Mulheres (WSPU, na sigla em ingl\u00eas) no Reino Unido em 1908&#8221;, afirmam.<\/p>\n<\/div>\n<div class=\"mc-column content-text active-extra-styles\" style=\"text-align: justify;\" data-block-type=\"raw\" data-block-weight=\"7\" data-block-id=\"27\">\n<div class=\"content-intertitle\">\n<h2>4. Existe um Dia Internacional dos Homens?<\/h2>\n<\/div>\n<\/div>\n<div class=\"mc-column content-text active-extra-styles \" style=\"text-align: justify;\" data-block-type=\"unstyled\" data-block-weight=\"5\" data-block-id=\"28\">\n<p class=\"content-text__container \" data-track-category=\"Link no Texto\" data-track-links=\"\">Existe, sim, 19 de novembro.<\/p>\n<\/div>\n<div class=\"mc-column content-text active-extra-styles \" data-block-type=\"unstyled\" data-block-weight=\"31\" data-block-id=\"29\">\n<p class=\"content-text__container \" style=\"text-align: justify;\" data-track-category=\"Link no Texto\" data-track-links=\"\">Mas a data s\u00f3 foi criada na d\u00e9cada de 1990 e n\u00e3o \u00e9 reconhecida pela ONU. \u00c9 celebrada em mais de 80 pa\u00edses em todo o mundo, incluindo o Reino Unido.<\/p>\n<div class=\"mc-column content-text active-extra-styles \" style=\"text-align: justify;\" data-block-type=\"unstyled\" data-block-weight=\"52\" data-block-id=\"31\">\n<p class=\"content-text__container \" data-track-category=\"Link no Texto\" data-track-links=\"\">Este dia celebra &#8220;o valor positivo que os homens trazem para o mundo, suas fam\u00edlias e comunidades&#8221;, de acordo com os organizadores, e visa destacar modelos positivos, aumentar a conscientiza\u00e7\u00e3o sobre o bem-estar dos homens e melhorar as rela\u00e7\u00f5es de g\u00eanero. O tema para 2021 foi &#8220;Melhores rela\u00e7\u00f5es entre homens e mulheres&#8221;.<\/p>\n<\/div>\n<div class=\"mc-column content-text active-extra-styles\" style=\"text-align: justify;\" data-block-type=\"raw\" data-block-weight=\"9\" data-block-id=\"32\">\n<div class=\"content-intertitle\">\n<h2>5. Como \u00e9 comemorado o Dia Internacional das Mulheres?<\/h2>\n<\/div>\n<\/div>\n<div class=\"row medium-uncollapsed content-media content-photo\" style=\"text-align: justify;\" data-block-type=\"backstage-photo\" data-block-id=\"33\">\n<div class=\"mc-column content-media__container\">\n<div class=\"content-media-container glb-skeleton-box\">\n<figure class=\"content-media-figure\"><img decoding=\"async\" class=\"i-amphtml-fill-content i-amphtml-replaced-content\" src=\"https:\/\/s2.glbimg.com\/rsLG9pQ_p8lk5MgK4i-DoeRiAuY=\/0x0:724x404\/984x0\/smart\/filters:strip_icc()\/i.s3.glbimg.com\/v1\/AUTH_59edd422c0c84a879bd37670ae4f538a\/internal_photos\/bs\/2022\/Q\/t\/pXZ3hTSECbH28N4eFtfg\/bbc-mulheres-5.png\" sizes=\"(max-width: 1366px) 648px, 100vw\" srcset=\"https:\/\/s2.glbimg.com\/BeB22fx9dgJvjnkUs2XKUIpn0dw=\/0x0:724x404\/1000x0\/smart\/filters:strip_icc()\/i.s3.glbimg.com\/v1\/AUTH_59edd422c0c84a879bd37670ae4f538a\/internal_photos\/bs\/2022\/Q\/t\/pXZ3hTSECbH28N4eFtfg\/bbc-mulheres-5.png 1000w, https:\/\/s2.glbimg.com\/rsLG9pQ_p8lk5MgK4i-DoeRiAuY=\/0x0:724x404\/984x0\/smart\/filters:strip_icc()\/i.s3.glbimg.com\/v1\/AUTH_59edd422c0c84a879bd37670ae4f538a\/internal_photos\/bs\/2022\/Q\/t\/pXZ3hTSECbH28N4eFtfg\/bbc-mulheres-5.png 984w, https:\/\/s2.glbimg.com\/pk7jGidDMK5VPcV3-GLHnrN1DI8=\/0x0:724x404\/640x0\/smart\/filters:strip_icc()\/i.s3.glbimg.com\/v1\/AUTH_59edd422c0c84a879bd37670ae4f538a\/internal_photos\/bs\/2022\/Q\/t\/pXZ3hTSECbH28N4eFtfg\/bbc-mulheres-5.png 640w, https:\/\/s2.glbimg.com\/AURmYHHtcQAKD7CGRxQyfA7JgWc=\/0x0:724x404\/600x0\/smart\/filters:strip_icc()\/i.s3.glbimg.com\/v1\/AUTH_59edd422c0c84a879bd37670ae4f538a\/internal_photos\/bs\/2022\/Q\/t\/pXZ3hTSECbH28N4eFtfg\/bbc-mulheres-5.png 600w\" alt=\"Centro de vacina\u00e7\u00e3o em Roma, na It\u00e1lia, ofereceu mimosas \u00e0s mulheres no ano passado \u2014 Foto: Getty Images\/Via BBC\" \/><\/figure>\n<\/div>\n<p class=\"content-media__description \">Centro de vacina\u00e7\u00e3o em Roma, na It\u00e1lia, ofereceu mimosas \u00e0s mulheres no ano passado \u2014 Foto: Getty Images\/Via BBC<\/p>\n<\/div>\n<\/div>\n<div class=\"mc-column content-text active-extra-styles \" style=\"text-align: justify;\" data-block-type=\"unstyled\" data-block-weight=\"32\" data-block-id=\"34\">\n<p class=\"content-text__container \" data-track-category=\"Link no Texto\" data-track-links=\"\">O Dia Internacional das Mulheres \u00e9 um feriado nacional em muitos pa\u00edses, incluindo a R\u00fassia, onde as vendas de flores dobram durante tr\u00eas a quatro dias ao redor de 8 de mar\u00e7o.<\/p>\n<\/div>\n<div class=\"mc-column content-text active-extra-styles \" style=\"text-align: justify;\" data-block-type=\"unstyled\" data-block-weight=\"19\" data-block-id=\"35\">\n<p class=\"content-text__container \" data-track-category=\"Link no Texto\" data-track-links=\"\">Na China, muitas mulheres recebem meio dia de folga no 8 de mar\u00e7o, conforme recomendado pelo Conselho de Estado.<\/p>\n<\/div>\n<div class=\"content-ads content-ads--reveal\" data-block-type=\"ads\" data-block-id=\"36\">\n<div id=\"banner_materia__065df1db-f663-4bbb-a02e-1a36938704d4\" class=\"tag-manager-publicidade-container mc-has-reveal mc-has-ad-lazyload tag-manager-publicidade-banner_materia__065df1db-f663-4bbb-a02e-1a36938704d4 tag-manager-publicidade-container--carregado tag-manager-publicidade-container--visivel\" data-id=\"banner_materia__065df1db-f663-4bbb-a02e-1a36938704d4\" data-req=\"true\" data-google-query-id=\"CND9ra2ztvYCFcg1uQYdUR4HIA\" data-cid=\"138384043402\" data-lid=\"5938639147\">\n<div class=\"mc-column content-text active-extra-styles \" style=\"text-align: justify;\" data-block-type=\"unstyled\" data-block-weight=\"40\" data-block-id=\"37\">\n<p class=\"content-text__container \" data-track-category=\"Link no Texto\" data-track-links=\"\">Na It\u00e1lia, o Dia Internacional das Mulheres, ou La Festa della Donna, \u00e9 comemorado com a entrega de bot\u00f5es de mimosa. A origem desta tradi\u00e7\u00e3o n\u00e3o \u00e9 clara, mas acredita-se que tenha come\u00e7ado em Roma ap\u00f3s a Segunda Guerra Mundial.<\/p>\n<\/div>\n<div class=\"mc-column content-text active-extra-styles \" style=\"text-align: justify;\" data-block-type=\"unstyled\" data-block-weight=\"22\" data-block-id=\"38\">\n<p class=\"content-text__container \" data-track-category=\"Link no Texto\" data-track-links=\"\">Nos EUA, mar\u00e7o \u00e9 o M\u00eas da Hist\u00f3ria das Mulheres. Todos os anos, um pronunciamento presidencial homenageia as conquistas das mulheres americanas.<\/p>\n<\/div>\n<div class=\"mc-column content-text active-extra-styles \" style=\"text-align: justify;\" data-block-type=\"unstyled\" data-block-weight=\"29\" data-block-id=\"39\">\n<p class=\"content-text__container \" data-track-category=\"Link no Texto\" data-track-links=\"\">Neste ano, as comemora\u00e7\u00f5es v\u00e3o continuar sendo um pouco diferentes por causa da pandemia de Covid-19 e eventos virtuais devem ocorrer em todo o mundo, incluindo o da ONU.<\/p>\n<\/div>\n<div class=\"mc-column content-text active-extra-styles\" style=\"text-align: justify;\" data-block-type=\"raw\" data-block-weight=\"7\" data-block-id=\"40\">\n<div class=\"content-intertitle\">\n<h2>6. Qual \u00e9 o tema de 2022?<\/h2>\n<\/div>\n<\/div>\n<div class=\"row medium-uncollapsed content-media content-photo\" style=\"text-align: justify;\" data-block-type=\"backstage-photo\" data-block-id=\"41\">\n<div class=\"mc-column content-media__container\">\n<div class=\"content-media-container glb-skeleton-box\">\n<figure class=\"content-media-figure\"><img decoding=\"async\" class=\"i-amphtml-fill-content i-amphtml-replaced-content\" src=\"https:\/\/s2.glbimg.com\/_dVwAfYKfhPhypQJa5dX9fB6RyQ=\/0x0:722x403\/984x0\/smart\/filters:strip_icc()\/i.s3.glbimg.com\/v1\/AUTH_59edd422c0c84a879bd37670ae4f538a\/internal_photos\/bs\/2022\/V\/y\/mkedTfRuSO90ov71g24Q\/bbc-mulheres-6.png\" sizes=\"(max-width: 1366px) 648px, 100vw\" srcset=\"https:\/\/s2.glbimg.com\/7N8FC30JClyR79qTjWfek1p6MVs=\/0x0:722x403\/1000x0\/smart\/filters:strip_icc()\/i.s3.glbimg.com\/v1\/AUTH_59edd422c0c84a879bd37670ae4f538a\/internal_photos\/bs\/2022\/V\/y\/mkedTfRuSO90ov71g24Q\/bbc-mulheres-6.png 1000w, https:\/\/s2.glbimg.com\/_dVwAfYKfhPhypQJa5dX9fB6RyQ=\/0x0:722x403\/984x0\/smart\/filters:strip_icc()\/i.s3.glbimg.com\/v1\/AUTH_59edd422c0c84a879bd37670ae4f538a\/internal_photos\/bs\/2022\/V\/y\/mkedTfRuSO90ov71g24Q\/bbc-mulheres-6.png 984w, https:\/\/s2.glbimg.com\/xmU1r9UHAGA_R7lvZTrrZjyR71w=\/0x0:722x403\/640x0\/smart\/filters:strip_icc()\/i.s3.glbimg.com\/v1\/AUTH_59edd422c0c84a879bd37670ae4f538a\/internal_photos\/bs\/2022\/V\/y\/mkedTfRuSO90ov71g24Q\/bbc-mulheres-6.png 640w, https:\/\/s2.glbimg.com\/JIUeDMtDzf55dZzs__dmwocIHxQ=\/0x0:722x403\/600x0\/smart\/filters:strip_icc()\/i.s3.glbimg.com\/v1\/AUTH_59edd422c0c84a879bd37670ae4f538a\/internal_photos\/bs\/2022\/V\/y\/mkedTfRuSO90ov71g24Q\/bbc-mulheres-6.png 600w\" alt=\"No ano passado, Kamala Harris tomou posse como a primeira mulher, primeira negra e primeira asi\u00e1tico-americana vice-presidente dos EUA \u2014 Foto: Getty Images\/via BBC\" \/><\/figure>\n<\/div>\n<p class=\"content-media__description \">No ano passado, Kamala Harris tomou posse como a primeira mulher, primeira negra e primeira asi\u00e1tico-americana vice-presidente dos EUA \u2014 Foto: Getty Images\/via BBC<\/p>\n<\/div>\n<\/div>\n<div class=\"mc-column content-text active-extra-styles \" data-block-type=\"unstyled\" data-block-weight=\"32\" data-block-id=\"42\">\n<p class=\"content-text__container \" style=\"text-align: justify;\" data-track-category=\"Link no Texto\" data-track-links=\"\">A ONU anunciou que seu tema para 2022 \u00e9 &#8220;Igualdade de g\u00eanero hoje para um amanh\u00e3 sustent\u00e1vel&#8221;. Seus eventos v\u00e3o reconhecer como mulheres ao redor do mundo est\u00e3o respondendo \u00e0s mudan\u00e7as clim\u00e1ticas.<\/p>\n<div class=\"mc-column content-text active-extra-styles \" style=\"text-align: justify;\" data-block-type=\"unstyled\" data-block-weight=\"51\" data-block-id=\"44\">\n<p class=\"content-text__container \" data-track-category=\"Link no Texto\" data-track-links=\"\">Mas h\u00e1 tamb\u00e9m outros temas. O site do Dia Internacional das Mulheres \u2014 que diz que foi criado para &#8220;fornecer uma plataforma para ajudar a gerar mudan\u00e7as positivas para as mulheres&#8221; \u2014 escolheu o tema #BreakTheBias e est\u00e1 pedindo \u00e0s pessoas que imaginem &#8220;um mundo livre de vieses, estere\u00f3tipos e discrimina\u00e7\u00e3o&#8221;.<\/p>\n<\/div>\n<div class=\"mc-column content-text active-extra-styles\" style=\"text-align: justify;\" data-block-type=\"raw\" data-block-weight=\"5\" data-block-id=\"45\">\n<div class=\"content-intertitle\">\n<h2>7. Por que precisamos disso?<\/h2>\n<\/div>\n<\/div>\n<div class=\"row medium-uncollapsed content-media content-photo\" style=\"text-align: justify;\" data-block-type=\"backstage-photo\" data-block-id=\"46\">\n<div class=\"mc-column content-media__container\">\n<div class=\"content-media-container glb-skeleton-box\">\n<figure class=\"content-media-figure\"><img decoding=\"async\" class=\"i-amphtml-fill-content i-amphtml-replaced-content\" src=\"https:\/\/s2.glbimg.com\/XHfV-k-kCg96LbYz0fz3rb4gq7s=\/0x0:722x406\/984x0\/smart\/filters:strip_icc()\/i.s3.glbimg.com\/v1\/AUTH_59edd422c0c84a879bd37670ae4f538a\/internal_photos\/bs\/2022\/Z\/k\/ZYmaajRMmaAvWclb3yXQ\/bbc-mulheres-7.png\" sizes=\"(max-width: 1366px) 648px, 100vw\" srcset=\"https:\/\/s2.glbimg.com\/mtmChRNUNb9IXvdZJ0YpNLMU7OI=\/0x0:722x406\/1000x0\/smart\/filters:strip_icc()\/i.s3.glbimg.com\/v1\/AUTH_59edd422c0c84a879bd37670ae4f538a\/internal_photos\/bs\/2022\/Z\/k\/ZYmaajRMmaAvWclb3yXQ\/bbc-mulheres-7.png 1000w, https:\/\/s2.glbimg.com\/XHfV-k-kCg96LbYz0fz3rb4gq7s=\/0x0:722x406\/984x0\/smart\/filters:strip_icc()\/i.s3.glbimg.com\/v1\/AUTH_59edd422c0c84a879bd37670ae4f538a\/internal_photos\/bs\/2022\/Z\/k\/ZYmaajRMmaAvWclb3yXQ\/bbc-mulheres-7.png 984w, https:\/\/s2.glbimg.com\/PZvoBsPjG0nOgQ6wBUKTLwdK84I=\/0x0:722x406\/640x0\/smart\/filters:strip_icc()\/i.s3.glbimg.com\/v1\/AUTH_59edd422c0c84a879bd37670ae4f538a\/internal_photos\/bs\/2022\/Z\/k\/ZYmaajRMmaAvWclb3yXQ\/bbc-mulheres-7.png 640w, https:\/\/s2.glbimg.com\/3ZOcjLWSfGBsx79hak26GA3bUHw=\/0x0:722x406\/600x0\/smart\/filters:strip_icc()\/i.s3.glbimg.com\/v1\/AUTH_59edd422c0c84a879bd37670ae4f538a\/internal_photos\/bs\/2022\/Z\/k\/ZYmaajRMmaAvWclb3yXQ\/bbc-mulheres-7.png 600w\" alt=\"Grupos de mulheres no M\u00e9xico transformaram grades em memorial improvisado para v\u00edtimas de feminic\u00eddio \u2014 Foto: Getty Images\/via BBC\" \/><\/figure>\n<\/div>\n<p class=\"content-media__description \">Grupos de mulheres no M\u00e9xico transformaram grades em memorial improvisado para v\u00edtimas de feminic\u00eddio \u2014 Foto: Getty Images\/via BBC<\/p>\n<\/div>\n<\/div>\n<div class=\"mc-column content-text active-extra-styles \" data-block-type=\"unstyled\" data-block-weight=\"55\" data-block-id=\"47\">\n<p class=\"content-text__container \" style=\"text-align: justify;\" data-track-category=\"Link no Texto\" data-track-links=\"\">Testemunhamos um retrocesso significativo na luta global pelos direitos das mulheres no ano passado. O ressurgimento do Taleb\u00e3 em agosto mudou a vida de milh\u00f5es de mulheres afeg\u00e3s \u2014 meninas foram banidas do ensino m\u00e9dio, o Minist\u00e9rio para Assuntos da Mulher no pa\u00eds foi dissolvido e muitas mulheres foram instru\u00eddas a n\u00e3o voltar ao trabalho.<\/p>\n<div class=\"mc-column content-text active-extra-styles \" style=\"text-align: justify;\" data-block-type=\"unstyled\" data-block-weight=\"20\" data-block-id=\"49\">\n<p class=\"content-text__container \" data-track-category=\"Link no Texto\" data-track-links=\"\">No Reino Unido, o assassinato de Sarah Everard por um policial em servi\u00e7o reacendeu os debates sobre a seguran\u00e7a feminina.<\/p>\n<\/div>\n<div class=\"mc-column content-text active-extra-styles \" style=\"text-align: justify;\" data-block-type=\"unstyled\" data-block-weight=\"47\" data-block-id=\"50\">\n<p class=\"content-text__container \" data-track-category=\"Link no Texto\" data-track-links=\"\">A pandemia de Covid-19 tamb\u00e9m continua a ter impacto nos direitos das mulheres. De acordo com o Global Gender Gap Report 2021 do F\u00f3rum Econ\u00f4mico Mundial, o tempo necess\u00e1rio para acabar com a disparidade global de g\u00eanero aumentou em uma gera\u00e7\u00e3o, de 99,5 anos para 135,6 anos.<\/p>\n<\/div>\n<div class=\"row medium-uncollapsed content-media content-photo\" style=\"text-align: justify;\" data-block-type=\"backstage-photo\" data-block-id=\"51\">\n<div class=\"mc-column content-media__container\">\n<div class=\"content-media-container glb-skeleton-box\">\n<figure class=\"content-media-figure\"><img decoding=\"async\" class=\"i-amphtml-fill-content i-amphtml-replaced-content\" src=\"https:\/\/s2.glbimg.com\/RtZBSL8Gx9GSWt-oMNEoi542_fM=\/0x0:718x409\/984x0\/smart\/filters:strip_icc()\/i.s3.glbimg.com\/v1\/AUTH_59edd422c0c84a879bd37670ae4f538a\/internal_photos\/bs\/2022\/h\/t\/UDYVDAQmOyYIuAE4QC3A\/bbc-mulheres-8.png\" sizes=\"(max-width: 1366px) 648px, 100vw\" srcset=\"https:\/\/s2.glbimg.com\/3V9MQdMLjW2N3CaCueNCdzOljaE=\/0x0:718x409\/1000x0\/smart\/filters:strip_icc()\/i.s3.glbimg.com\/v1\/AUTH_59edd422c0c84a879bd37670ae4f538a\/internal_photos\/bs\/2022\/h\/t\/UDYVDAQmOyYIuAE4QC3A\/bbc-mulheres-8.png 1000w, https:\/\/s2.glbimg.com\/RtZBSL8Gx9GSWt-oMNEoi542_fM=\/0x0:718x409\/984x0\/smart\/filters:strip_icc()\/i.s3.glbimg.com\/v1\/AUTH_59edd422c0c84a879bd37670ae4f538a\/internal_photos\/bs\/2022\/h\/t\/UDYVDAQmOyYIuAE4QC3A\/bbc-mulheres-8.png 984w, https:\/\/s2.glbimg.com\/p7Kt_HkV1GsESCOGqtvbmTxHxhg=\/0x0:718x409\/640x0\/smart\/filters:strip_icc()\/i.s3.glbimg.com\/v1\/AUTH_59edd422c0c84a879bd37670ae4f538a\/internal_photos\/bs\/2022\/h\/t\/UDYVDAQmOyYIuAE4QC3A\/bbc-mulheres-8.png 640w, https:\/\/s2.glbimg.com\/nKiVUYZzM50oXxKgEF9HrDp49yg=\/0x0:718x409\/600x0\/smart\/filters:strip_icc()\/i.s3.glbimg.com\/v1\/AUTH_59edd422c0c84a879bd37670ae4f538a\/internal_photos\/bs\/2022\/h\/t\/UDYVDAQmOyYIuAE4QC3A\/bbc-mulheres-8.png 600w\" alt=\"Mulheres saem \u00e0s ruas para comemorar \u2014 e protestar \u2014 Foto: Getty Images\/via BBC\" \/><\/figure>\n<\/div>\n<p class=\"content-media__description \">Mulheres saem \u00e0s ruas para comemorar \u2014 e protestar \u2014 Foto: Getty Images\/via BBC<\/p>\n<\/div>\n<\/div>\n<div class=\"mc-column content-text active-extra-styles \" data-block-type=\"unstyled\" data-block-weight=\"39\" data-block-id=\"52\">\n<p class=\"content-text__container \" style=\"text-align: justify;\" data-track-category=\"Link no Texto\" data-track-links=\"\">Um estudo de 2021 da ONU Mulheres com base em 13 pa\u00edses mostrou que quase 1 em cada 2 mulheres (45%) relatou que ela pr\u00f3pria ou uma mulher que conhecem sofreram alguma forma de viol\u00eancia durante a pandemia.<\/p>\n<div class=\"mc-column content-text active-extra-styles \" style=\"text-align: justify;\" data-block-type=\"unstyled\" data-block-weight=\"22\" data-block-id=\"54\">\n<p class=\"content-text__container \" data-track-category=\"Link no Texto\" data-track-links=\"\">Isso inclui o abuso que n\u00e3o \u00e9 f\u00edsico, sendo o abuso verbal e a nega\u00e7\u00e3o de recursos b\u00e1sicos os mais comuns relatados.<\/p>\n<\/div>\n<div class=\"mc-column content-text active-extra-styles \" style=\"text-align: justify;\" data-block-type=\"unstyled\" data-block-weight=\"20\" data-block-id=\"55\">\n<p class=\"content-text__container \" data-track-category=\"Link no Texto\" data-track-links=\"\">Apesar das preocupa\u00e7\u00f5es com o coronav\u00edrus, passeatas ocorreram em todo o mundo no Dia Internacional das Mulheres no ano passado.<\/p>\n<\/div>\n<div class=\"mc-column content-text active-extra-styles \" style=\"text-align: justify;\" data-block-type=\"unstyled\" data-block-weight=\"24\" data-block-id=\"56\">\n<p class=\"content-text__container \" data-track-category=\"Link no Texto\" data-track-links=\"\">No M\u00e9xico, grupos de mulheres transformaram grades de metal, erguidas para proteger o Pal\u00e1cio Nacional, em um memorial improvisado para as v\u00edtimas de feminic\u00eddios.<\/p>\n<\/div>\n<div class=\"mc-column content-text active-extra-styles \" style=\"text-align: justify;\" data-block-type=\"unstyled\" data-block-weight=\"25\" data-block-id=\"57\">\n<p class=\"content-text__container \" data-track-category=\"Link no Texto\" data-track-links=\"\">Em paralelo, mulheres na Pol\u00f4nia realizaram protestos em todo o pa\u00eds ap\u00f3s a introdu\u00e7\u00e3o de uma proibi\u00e7\u00e3o quase total do aborto em janeiro de 2021.<\/p>\n<\/div>\n<div class=\"row medium-uncollapsed content-media content-photo\" style=\"text-align: justify;\" data-block-type=\"backstage-photo\" data-block-id=\"58\">\n<div class=\"mc-column content-media__container\">\n<div class=\"content-media-container glb-skeleton-box\">\n<figure class=\"content-media-figure\"><img decoding=\"async\" class=\"i-amphtml-fill-content i-amphtml-replaced-content\" src=\"https:\/\/s2.glbimg.com\/LwD_dG8MUSUDyoWOQSG8Zkm1y1E=\/0x0:721x406\/984x0\/smart\/filters:strip_icc()\/i.s3.glbimg.com\/v1\/AUTH_59edd422c0c84a879bd37670ae4f538a\/internal_photos\/bs\/2022\/W\/b\/3i3t9bSQATfOFDEZjDAQ\/bbc-mulheres-9.png\" sizes=\"(max-width: 1366px) 648px, 100vw\" srcset=\"https:\/\/s2.glbimg.com\/y4tVh0gzQKXpXhjIEV1sa8B6zW8=\/0x0:721x406\/1000x0\/smart\/filters:strip_icc()\/i.s3.glbimg.com\/v1\/AUTH_59edd422c0c84a879bd37670ae4f538a\/internal_photos\/bs\/2022\/W\/b\/3i3t9bSQATfOFDEZjDAQ\/bbc-mulheres-9.png 1000w, https:\/\/s2.glbimg.com\/LwD_dG8MUSUDyoWOQSG8Zkm1y1E=\/0x0:721x406\/984x0\/smart\/filters:strip_icc()\/i.s3.glbimg.com\/v1\/AUTH_59edd422c0c84a879bd37670ae4f538a\/internal_photos\/bs\/2022\/W\/b\/3i3t9bSQATfOFDEZjDAQ\/bbc-mulheres-9.png 984w, https:\/\/s2.glbimg.com\/LxQYXWQ1pBk1PhXKVBA_qk-I3mk=\/0x0:721x406\/640x0\/smart\/filters:strip_icc()\/i.s3.glbimg.com\/v1\/AUTH_59edd422c0c84a879bd37670ae4f538a\/internal_photos\/bs\/2022\/W\/b\/3i3t9bSQATfOFDEZjDAQ\/bbc-mulheres-9.png 640w, https:\/\/s2.glbimg.com\/fjDxk0FuROe7lAQPjAIftuXKx6Q=\/0x0:721x406\/600x0\/smart\/filters:strip_icc()\/i.s3.glbimg.com\/v1\/AUTH_59edd422c0c84a879bd37670ae4f538a\/internal_photos\/bs\/2022\/W\/b\/3i3t9bSQATfOFDEZjDAQ\/bbc-mulheres-9.png 600w\" alt=\"Ativistas do direito ao aborto comemoram conquista na Col\u00f4mbia em 2022 \u2014 Foto: Getty Images\/via BBC\" \/><\/figure>\n<\/div>\n<p class=\"content-media__description \">Ativistas do direito ao aborto comemoram conquista na Col\u00f4mbia em 2022 \u2014 Foto: Getty Images\/via BBC<\/p>\n<\/div>\n<\/div>\n<div class=\"mc-column content-text active-extra-styles \" data-block-type=\"unstyled\" data-block-weight=\"15\" data-block-id=\"59\">\n<p class=\"content-text__container \" style=\"text-align: justify;\" data-track-category=\"Link no Texto\" data-track-links=\"\">Nos \u00faltimos anos, por\u00e9m, houve avan\u00e7os \u2014 especialmente no que se refere \u00e0 lideran\u00e7a feminina.<\/p>\n<div class=\"mc-column content-text active-extra-styles \" style=\"text-align: justify;\" data-block-type=\"unstyled\" data-block-weight=\"19\" data-block-id=\"61\">\n<p class=\"content-text__container \" data-track-category=\"Link no Texto\" data-track-links=\"\">Kamala Harris se tornou a primeira mulher, a primeira negra e a primeira asi\u00e1tica-americana vice-presidente dos EUA em 2021.<\/p>\n<\/div>\n<div class=\"mc-column content-text active-extra-styles \" style=\"text-align: justify;\" data-block-type=\"unstyled\" data-block-weight=\"28\" data-block-id=\"62\">\n<p class=\"content-text__container \" data-track-category=\"Link no Texto\" data-track-links=\"\">No mesmo ano, a Tanz\u00e2nia empossou sua primeira presidente mulher, Samia Suluhu Hassan, enquanto Est\u00f4nia, Su\u00e9cia, Samoa e Tun\u00edsia tiveram primeiras-ministras mulheres pela primeira vez na hist\u00f3ria.<\/p>\n<\/div>\n<div class=\"mc-column content-text active-extra-styles \" style=\"text-align: justify;\" data-block-type=\"unstyled\" data-block-weight=\"15\" data-block-id=\"63\">\n<p class=\"content-text__container \" data-track-category=\"Link no Texto\" data-track-links=\"\">Em janeiro de 2022, Xiomara Castro tomou posse como a primeira mulher presidente de Honduras.<\/p>\n<\/div>\n<div class=\"mc-column content-text active-extra-styles \" style=\"text-align: justify;\" data-block-type=\"unstyled\" data-block-weight=\"31\" data-block-id=\"64\">\n<p class=\"content-text__container \" data-track-category=\"Link no Texto\" data-track-links=\"\">Em 2021, a Nova Zel\u00e2ndia aprovou licen\u00e7a remunerada para mulheres (e seus parceiros) que sofreram aborto espont\u00e2neo ou em caso de natimorto. Em 2020, o Sud\u00e3o criminalizou a mutila\u00e7\u00e3o genital feminina.<\/p>\n<\/div>\n<div class=\"mc-column content-text active-extra-styles \" style=\"text-align: justify;\" data-block-type=\"unstyled\" data-block-weight=\"28\" data-block-id=\"65\">\n<p class=\"content-text__container \" data-track-category=\"Link no Texto\" data-track-links=\"\">E n\u00e3o podemos deixar de falar no impacto da campanha #MeToo, denunciando experi\u00eancias de ass\u00e9dio e agress\u00e3o sexual. Come\u00e7ou em 2017, mas agora \u00e9 um fen\u00f4meno global.<\/p>\n<\/div>\n<div class=\"mc-column content-text active-extra-styles \" style=\"text-align: justify;\" data-block-type=\"unstyled\" data-block-weight=\"59\" data-block-id=\"66\">\n<p class=\"content-text__container \" data-track-category=\"Link no Texto\" data-track-links=\"\">Em janeiro de 2022, um professor universit\u00e1rio no Marrocos foi condenado a dois anos de pris\u00e3o por comportamento indecente, ass\u00e9dio sexual e viol\u00eancia depois que estudantes universit\u00e1rias quebraram o sil\u00eancio sobre os favores sexuais que ele havia exigido em troca de boas notas \u2014 uma s\u00e9rie de esc\u00e2ndalos deste tipo manchou a reputa\u00e7\u00e3o das universidades marroquinas nos \u00faltimos anos.<\/p>\n<\/div>\n<div class=\"mc-column content-text active-extra-styles \" style=\"text-align: justify;\" data-block-type=\"unstyled\" data-block-weight=\"29\" data-block-id=\"67\">\n<p class=\"content-text__container \" data-track-category=\"Link no Texto\" data-track-links=\"\">No ano passado, tamb\u00e9m houve avan\u00e7os em rela\u00e7\u00e3o ao aborto em v\u00e1rios pa\u00edses. Em fevereiro de 2022, a Col\u00f4mbia descriminalizou o aborto nas primeiras 24 semanas de gesta\u00e7\u00e3o.<\/p>\n<\/div>\n<div class=\"content-ads content-ads--reveal\" style=\"text-align: justify;\" data-block-type=\"ads\" data-block-id=\"68\">\n<div id=\"banner_materia__9d750dc9-807d-4408-a137-0c5179d14bb6\" class=\"tag-manager-publicidade-container mc-has-reveal mc-has-ad-lazyload tag-manager-publicidade-banner_materia__9d750dc9-807d-4408-a137-0c5179d14bb6 tag-manager-publicidade-container--carregado tag-manager-publicidade-container--visivel\" data-id=\"banner_materia__9d750dc9-807d-4408-a137-0c5179d14bb6\" data-req=\"true\" data-google-query-id=\"CN-wzv6ztvYCFf0CuQYduIMHcA\" data-cid=\"138384043393\" data-lid=\"5938639144\">Nos EUA, enquanto isso, os direitos ao aborto foram restringidos em alguns estados, com no Texas, que proibiu procedimentos a partir de seis semanas de gravidez.<\/div>\n<div data-id=\"banner_materia__9d750dc9-807d-4408-a137-0c5179d14bb6\" data-req=\"true\" data-google-query-id=\"CN-wzv6ztvYCFf0CuQYduIMHcA\" data-cid=\"138384043393\" data-lid=\"5938639144\"><\/div>\n<div data-id=\"banner_materia__9d750dc9-807d-4408-a137-0c5179d14bb6\" data-req=\"true\" data-google-query-id=\"CN-wzv6ztvYCFf0CuQYduIMHcA\" data-cid=\"138384043393\" data-lid=\"5938639144\">Fonte: https:\/\/g1.globo.com\/dia-das-mulheres\/noticia\/2022\/03\/07\/o-que-e-o-dia-internacional-das-mulheres-e-como-comecou-a-ser-comemorado.ghtml<\/div>\n<div data-id=\"banner_materia__9d750dc9-807d-4408-a137-0c5179d14bb6\" data-req=\"true\" data-google-query-id=\"CN-wzv6ztvYCFf0CuQYduIMHcA\" data-cid=\"138384043393\" data-lid=\"5938639144\"><\/div>\n<\/div>\n<div style=\"text-align: justify;\" data-id=\"banner_materia__9d750dc9-807d-4408-a137-0c5179d14bb6\" data-req=\"true\" data-google-query-id=\"CN-wzv6ztvYCFf0CuQYduIMHcA\" data-cid=\"138384043393\" data-lid=\"5938639144\">Comp. Jorge Zanoni<\/div>\n<\/div>\n<\/div>\n<\/div>\n<\/div>\n<\/div>\n<\/div>\n<\/div>\n<\/div>\n<\/div>\n<\/div>\n","protected":false},"excerpt":{"rendered":"<p>Tudo o que voc\u00ea precisa saber sobre as celebra\u00e7\u00f5es globais que acontecem no dia 8 de mar\u00e7o. Voc\u00ea deve estar vendo o Dia Internacional das Mulheres sendo mencionado na imprensa ou ouvindo coment\u00e1rios sobre o assunto. Mas para que serve esta data? Quando \u00e9? \u00c9 uma celebra\u00e7\u00e3o ou um protesto? Existe algo equivalente como um [&hellip;]<\/p>\n","protected":false},"author":1,"featured_media":60554,"comment_status":"closed","ping_status":"open","sticky":false,"template":"","format":"standard","meta":{"footnotes":""},"categories":[114,110],"tags":[],"class_list":["post-60553","post","type-post","status-publish","format-standard","has-post-thumbnail","hentry","category-geralecomercio","category-noticiasdestaque"],"_links":{"self":[{"href":"https:\/\/jorgezanoni.com.br\/2019\/wp-json\/wp\/v2\/posts\/60553","targetHints":{"allow":["GET"]}}],"collection":[{"href":"https:\/\/jorgezanoni.com.br\/2019\/wp-json\/wp\/v2\/posts"}],"about":[{"href":"https:\/\/jorgezanoni.com.br\/2019\/wp-json\/wp\/v2\/types\/post"}],"author":[{"embeddable":true,"href":"https:\/\/jorgezanoni.com.br\/2019\/wp-json\/wp\/v2\/users\/1"}],"replies":[{"embeddable":true,"href":"https:\/\/jorgezanoni.com.br\/2019\/wp-json\/wp\/v2\/comments?post=60553"}],"version-history":[{"count":0,"href":"https:\/\/jorgezanoni.com.br\/2019\/wp-json\/wp\/v2\/posts\/60553\/revisions"}],"wp:featuredmedia":[{"embeddable":true,"href":"https:\/\/jorgezanoni.com.br\/2019\/wp-json\/wp\/v2\/media\/60554"}],"wp:attachment":[{"href":"https:\/\/jorgezanoni.com.br\/2019\/wp-json\/wp\/v2\/media?parent=60553"}],"wp:term":[{"taxonomy":"category","embeddable":true,"href":"https:\/\/jorgezanoni.com.br\/2019\/wp-json\/wp\/v2\/categories?post=60553"},{"taxonomy":"post_tag","embeddable":true,"href":"https:\/\/jorgezanoni.com.br\/2019\/wp-json\/wp\/v2\/tags?post=60553"}],"curies":[{"name":"wp","href":"https:\/\/api.w.org\/{rel}","templated":true}]}}