{"id":60521,"date":"2022-03-07T15:57:53","date_gmt":"2022-03-07T15:57:53","guid":{"rendered":"https:\/\/jorgezanoni.com.br\/2019\/?p=60521"},"modified":"2022-03-07T15:57:53","modified_gmt":"2022-03-07T15:57:53","slug":"caminhao-placas-de-dracena-tomba-na-sp-294","status":"publish","type":"post","link":"https:\/\/jorgezanoni.com.br\/2019\/caminhao-placas-de-dracena-tomba-na-sp-294\/","title":{"rendered":"Caminh\u00e3o placas de Dracena tomba na SP-294"},"content":{"rendered":"<p style=\"text-align: justify;\"><em><strong>Acidente ocorreu no trevo \u201cEuclides Ravazi\u201d, que liga \u00e0 Lagoa Seca<\/strong>.<br \/>\n<\/em><br \/>\nUm caminh\u00e3o com placas de Dracena tombou na tarde deste domingo (6) no trevo \u201cEuclides Ravazi\u201d que liga a Rodovia Comandante Jo\u00e3o Ribeiro de Barros (SP-294), \u00e0 Vicinal Pl\u00e1cido Rocha e que leva at\u00e9 o Bairro Lagoa Seca em Adamantina.<\/p>\n<p style=\"text-align: justify;\">Nossa reportagem esteve no local e de acordo com profissionais que prestavam atendimento na ocorr\u00eancia, o motorista e um ajudante seguiam no caminh\u00e3o que estava com a carroceria vazia no sentido Fl\u00f3rida Paulista \/ Adamantina, quando por motivos ainda desconhecidos, houve a perda do controle da dire\u00e7\u00e3o, fazendo com que o caminh\u00e3o avan\u00e7asse em um barranco e posteriormente tombasse na rodovia.<\/p>\n<p style=\"text-align: justify;\"><img loading=\"lazy\" decoding=\"async\" class=\"aligncenter wp-image-51705 jetpack-lazy-image jetpack-lazy-image--handled\" src=\"https:\/\/i0.wp.com\/ifolharegional.com.br\/wp-content\/uploads\/2022\/03\/diegofernandes3.jpeg?resize=505%2C379&amp;ssl=1\" sizes=\"auto, (max-width: 505px) 100vw, 505px\" srcset=\"https:\/\/i0.wp.com\/ifolharegional.com.br\/wp-content\/uploads\/2022\/03\/diegofernandes3.jpeg?w=800&amp;ssl=1 800w, https:\/\/i0.wp.com\/ifolharegional.com.br\/wp-content\/uploads\/2022\/03\/diegofernandes3.jpeg?resize=300%2C225&amp;ssl=1 300w, https:\/\/i0.wp.com\/ifolharegional.com.br\/wp-content\/uploads\/2022\/03\/diegofernandes3.jpeg?resize=768%2C576&amp;ssl=1 768w\" alt=\"\" width=\"505\" height=\"379\" data-attachment-id=\"51705\" data-permalink=\"https:\/\/ifolharegional.com.br\/2022\/03\/06\/caminhao-tomba-na-sp-294\/diegofernandes3\/\" data-orig-file=\"https:\/\/i0.wp.com\/ifolharegional.com.br\/wp-content\/uploads\/2022\/03\/diegofernandes3.jpeg?fit=800%2C600&amp;ssl=1\" data-orig-size=\"800,600\" data-comments-opened=\"0\" data-image-meta=\"{&quot;aperture&quot;:&quot;0&quot;,&quot;credit&quot;:&quot;&quot;,&quot;camera&quot;:&quot;&quot;,&quot;caption&quot;:&quot;&quot;,&quot;created_timestamp&quot;:&quot;0&quot;,&quot;copyright&quot;:&quot;&quot;,&quot;focal_length&quot;:&quot;0&quot;,&quot;iso&quot;:&quot;0&quot;,&quot;shutter_speed&quot;:&quot;0&quot;,&quot;title&quot;:&quot;&quot;,&quot;orientation&quot;:&quot;1&quot;}\" data-image-title=\"diegofernandes3\" data-image-description=\"\" data-image-caption=\"\" data-medium-file=\"https:\/\/i0.wp.com\/ifolharegional.com.br\/wp-content\/uploads\/2022\/03\/diegofernandes3.jpeg?fit=300%2C225&amp;ssl=1\" data-large-file=\"https:\/\/i0.wp.com\/ifolharegional.com.br\/wp-content\/uploads\/2022\/03\/diegofernandes3.jpeg?fit=740%2C555&amp;ssl=1\" data-recalc-dims=\"1\" data-lazy-loaded=\"1\" \/><br \/>\nAs equipes da Eixo atuaram nesta ocorr\u00eancia e os envolvidos dispensaram atendimento e encaminhamento para o Pronto Socorro.<\/p>\n<p style=\"text-align: justify;\">Apesar do susto e danos, n\u00e3o houve o registro de feridos.<\/p>\n<p style=\"text-align: justify;\"><img loading=\"lazy\" decoding=\"async\" class=\"aligncenter wp-image-51706 jetpack-lazy-image jetpack-lazy-image--handled\" src=\"https:\/\/i0.wp.com\/ifolharegional.com.br\/wp-content\/uploads\/2022\/03\/diegofernandes2.jpeg?resize=507%2C380&amp;ssl=1\" sizes=\"auto, (max-width: 507px) 100vw, 507px\" srcset=\"https:\/\/i0.wp.com\/ifolharegional.com.br\/wp-content\/uploads\/2022\/03\/diegofernandes2.jpeg?w=800&amp;ssl=1 800w, https:\/\/i0.wp.com\/ifolharegional.com.br\/wp-content\/uploads\/2022\/03\/diegofernandes2.jpeg?resize=300%2C225&amp;ssl=1 300w, https:\/\/i0.wp.com\/ifolharegional.com.br\/wp-content\/uploads\/2022\/03\/diegofernandes2.jpeg?resize=768%2C576&amp;ssl=1 768w\" alt=\"\" width=\"507\" height=\"380\" data-attachment-id=\"51706\" data-permalink=\"https:\/\/ifolharegional.com.br\/2022\/03\/06\/caminhao-tomba-na-sp-294\/diegofernandes2\/\" data-orig-file=\"https:\/\/i0.wp.com\/ifolharegional.com.br\/wp-content\/uploads\/2022\/03\/diegofernandes2.jpeg?fit=800%2C600&amp;ssl=1\" data-orig-size=\"800,600\" data-comments-opened=\"0\" data-image-meta=\"{&quot;aperture&quot;:&quot;0&quot;,&quot;credit&quot;:&quot;&quot;,&quot;camera&quot;:&quot;&quot;,&quot;caption&quot;:&quot;&quot;,&quot;created_timestamp&quot;:&quot;0&quot;,&quot;copyright&quot;:&quot;Diego Fernandes Silva&quot;,&quot;focal_length&quot;:&quot;0&quot;,&quot;iso&quot;:&quot;0&quot;,&quot;shutter_speed&quot;:&quot;0&quot;,&quot;title&quot;:&quot;&quot;,&quot;orientation&quot;:&quot;1&quot;}\" data-image-title=\"diegofernandes2\" data-image-description=\"\" data-image-caption=\"\" data-medium-file=\"https:\/\/i0.wp.com\/ifolharegional.com.br\/wp-content\/uploads\/2022\/03\/diegofernandes2.jpeg?fit=300%2C225&amp;ssl=1\" data-large-file=\"https:\/\/i0.wp.com\/ifolharegional.com.br\/wp-content\/uploads\/2022\/03\/diegofernandes2.jpeg?fit=740%2C555&amp;ssl=1\" data-recalc-dims=\"1\" data-lazy-loaded=\"1\" \/><br \/>\nA Pol\u00edcia Rodovi\u00e1ria est\u00e1 no local e registra o acidente. Um caminh\u00e3o guincho para pesados, est\u00e1 se deslocando para o local para realizar o destombamento do ve\u00edculo.<\/p>\n<p style=\"text-align: justify;\">Palco de constantes tombamentos, o trevo da Lagoa Seca j\u00e1 registrou acidentes de natureza grave com presos em ferragens, tombamento de carretas e at\u00e9 \u00f4nibus.<\/p>\n<p style=\"text-align: justify;\">Fonte: Folha Regional &#8211; Fotos: Diego Fernandes \/ Folha Regional<\/p>\n<p>Comp. Jorge Zanoni<\/p>\n","protected":false},"excerpt":{"rendered":"<p>Acidente ocorreu no trevo \u201cEuclides Ravazi\u201d, que liga \u00e0 Lagoa Seca. Um caminh\u00e3o com placas de Dracena tombou na tarde deste domingo (6) no trevo \u201cEuclides Ravazi\u201d que liga a Rodovia Comandante Jo\u00e3o Ribeiro de Barros (SP-294), \u00e0 Vicinal Pl\u00e1cido Rocha e que leva at\u00e9 o Bairro Lagoa Seca em Adamantina. Nossa reportagem esteve no [&hellip;]<\/p>\n","protected":false},"author":1,"featured_media":60522,"comment_status":"closed","ping_status":"open","sticky":false,"template":"","format":"standard","meta":{"footnotes":""},"categories":[170,110],"tags":[],"class_list":["post-60521","post","type-post","status-publish","format-standard","has-post-thumbnail","hentry","category-acidentes","category-noticiasdestaque"],"_links":{"self":[{"href":"https:\/\/jorgezanoni.com.br\/2019\/wp-json\/wp\/v2\/posts\/60521","targetHints":{"allow":["GET"]}}],"collection":[{"href":"https:\/\/jorgezanoni.com.br\/2019\/wp-json\/wp\/v2\/posts"}],"about":[{"href":"https:\/\/jorgezanoni.com.br\/2019\/wp-json\/wp\/v2\/types\/post"}],"author":[{"embeddable":true,"href":"https:\/\/jorgezanoni.com.br\/2019\/wp-json\/wp\/v2\/users\/1"}],"replies":[{"embeddable":true,"href":"https:\/\/jorgezanoni.com.br\/2019\/wp-json\/wp\/v2\/comments?post=60521"}],"version-history":[{"count":0,"href":"https:\/\/jorgezanoni.com.br\/2019\/wp-json\/wp\/v2\/posts\/60521\/revisions"}],"wp:featuredmedia":[{"embeddable":true,"href":"https:\/\/jorgezanoni.com.br\/2019\/wp-json\/wp\/v2\/media\/60522"}],"wp:attachment":[{"href":"https:\/\/jorgezanoni.com.br\/2019\/wp-json\/wp\/v2\/media?parent=60521"}],"wp:term":[{"taxonomy":"category","embeddable":true,"href":"https:\/\/jorgezanoni.com.br\/2019\/wp-json\/wp\/v2\/categories?post=60521"},{"taxonomy":"post_tag","embeddable":true,"href":"https:\/\/jorgezanoni.com.br\/2019\/wp-json\/wp\/v2\/tags?post=60521"}],"curies":[{"name":"wp","href":"https:\/\/api.w.org\/{rel}","templated":true}]}}