{"id":60493,"date":"2022-03-06T20:25:01","date_gmt":"2022-03-06T20:25:01","guid":{"rendered":"https:\/\/jorgezanoni.com.br\/2019\/?p=60493"},"modified":"2022-03-06T20:25:01","modified_gmt":"2022-03-06T20:25:01","slug":"rua-magid-zacharias-mais-um-acidente-registrado","status":"publish","type":"post","link":"https:\/\/jorgezanoni.com.br\/2019\/rua-magid-zacharias-mais-um-acidente-registrado\/","title":{"rendered":"RUA MAGID ZACHARIAS: Mais um acidente registrado"},"content":{"rendered":"<p style=\"text-align: justify;\"><strong>Na manh\u00e3 deste domingo (6), um ve\u00edculo e uma motocicleta colidiram na esquina da Rua Magid Zacharias com a Visconde do Rio Branco.<\/strong><\/p>\n<p style=\"text-align: justify;\">Segundo informa\u00e7\u00f5es obtidas pela reportagem do Site JZ, o condutor de uma Parati nada sofreu, j\u00e1 o motociclista teve escoria\u00e7\u00f5es e reclamava de dor no p\u00e9.<\/p>\n<p style=\"text-align: justify;\">Uma Unidade de Resgate do Corpo de Bombeiros socorreu o condutor da Moto at\u00e9 o Pronto Atendimento Municipal de Dracena, a Pol\u00edcia Militar controlou o tr\u00e2nsito no local e registrou o Boletim de Ocorr\u00eancias e a Per\u00edcia T\u00e9cnica vai apurar as causas.<\/p>\n<p style=\"text-align: justify;\">Jorge Zanoni<\/p>\n<p style=\"text-align: justify;\">Foto de Internauta<\/p>\n","protected":false},"excerpt":{"rendered":"<p>Na manh\u00e3 deste domingo (6), um ve\u00edculo e uma motocicleta colidiram na esquina da Rua Magid Zacharias com a Visconde do Rio Branco. Segundo informa\u00e7\u00f5es obtidas pela reportagem do Site JZ, o condutor de uma Parati nada sofreu, j\u00e1 o motociclista teve escoria\u00e7\u00f5es e reclamava de dor no p\u00e9. Uma Unidade de Resgate do Corpo [&hellip;]<\/p>\n","protected":false},"author":1,"featured_media":60494,"comment_status":"closed","ping_status":"open","sticky":false,"template":"","format":"standard","meta":{"footnotes":""},"categories":[170,110],"tags":[],"class_list":["post-60493","post","type-post","status-publish","format-standard","has-post-thumbnail","hentry","category-acidentes","category-noticiasdestaque"],"_links":{"self":[{"href":"https:\/\/jorgezanoni.com.br\/2019\/wp-json\/wp\/v2\/posts\/60493","targetHints":{"allow":["GET"]}}],"collection":[{"href":"https:\/\/jorgezanoni.com.br\/2019\/wp-json\/wp\/v2\/posts"}],"about":[{"href":"https:\/\/jorgezanoni.com.br\/2019\/wp-json\/wp\/v2\/types\/post"}],"author":[{"embeddable":true,"href":"https:\/\/jorgezanoni.com.br\/2019\/wp-json\/wp\/v2\/users\/1"}],"replies":[{"embeddable":true,"href":"https:\/\/jorgezanoni.com.br\/2019\/wp-json\/wp\/v2\/comments?post=60493"}],"version-history":[{"count":0,"href":"https:\/\/jorgezanoni.com.br\/2019\/wp-json\/wp\/v2\/posts\/60493\/revisions"}],"wp:featuredmedia":[{"embeddable":true,"href":"https:\/\/jorgezanoni.com.br\/2019\/wp-json\/wp\/v2\/media\/60494"}],"wp:attachment":[{"href":"https:\/\/jorgezanoni.com.br\/2019\/wp-json\/wp\/v2\/media?parent=60493"}],"wp:term":[{"taxonomy":"category","embeddable":true,"href":"https:\/\/jorgezanoni.com.br\/2019\/wp-json\/wp\/v2\/categories?post=60493"},{"taxonomy":"post_tag","embeddable":true,"href":"https:\/\/jorgezanoni.com.br\/2019\/wp-json\/wp\/v2\/tags?post=60493"}],"curies":[{"name":"wp","href":"https:\/\/api.w.org\/{rel}","templated":true}]}}