{"id":60484,"date":"2022-03-06T19:09:47","date_gmt":"2022-03-06T19:09:47","guid":{"rendered":"https:\/\/jorgezanoni.com.br\/2019\/?p=60484"},"modified":"2022-03-06T19:10:45","modified_gmt":"2022-03-06T19:10:45","slug":"homem-e-encontrado-morto-no-centro-de-pacaembu-suspeitos-do-crime-estao-presos","status":"publish","type":"post","link":"https:\/\/jorgezanoni.com.br\/2019\/homem-e-encontrado-morto-no-centro-de-pacaembu-suspeitos-do-crime-estao-presos\/","title":{"rendered":"Homem \u00e9 encontrado morto no centro de Pacaembu, suspeitos do crime est\u00e3o presos"},"content":{"rendered":"<p style=\"text-align: justify;\"><strong>A Pol\u00edcia Militar registrou na manh\u00e3 deste domingo (6), uma ocorr\u00eancia de homic\u00eddio em Pacaembu.<\/strong><\/p>\n<p style=\"text-align: justify;\">Giovanni Gon\u00e7alves da Costa Silva, que tinha 33 anos, foi encontrado morto ao lado de um ve\u00edculo na Rua Prefeito Ant\u00f4nio Alves Pereira, pr\u00f3ximo da Avenida Vereador Jos\u00e9 Gomes Duda.<\/p>\n<p style=\"text-align: justify;\"><a href=\"https:\/\/i0.wp.com\/folharegionalpacaembu.com.br\/wp-content\/uploads\/2022\/03\/DiegoFernandesFolhaRegional-1.jpeg?ssl=1\"><img loading=\"lazy\" decoding=\"async\" class=\"aligncenter size-full wp-image-22501 jetpack-lazy-image jetpack-lazy-image--handled\" src=\"https:\/\/i0.wp.com\/folharegionalpacaembu.com.br\/wp-content\/uploads\/2022\/03\/DiegoFernandesFolhaRegional-1.jpeg?resize=550%2C413&amp;ssl=1\" sizes=\"auto, (max-width: 550px) 100vw, 550px\" srcset=\"https:\/\/i0.wp.com\/folharegionalpacaembu.com.br\/wp-content\/uploads\/2022\/03\/DiegoFernandesFolhaRegional-1.jpeg?w=550&amp;ssl=1 550w, https:\/\/i0.wp.com\/folharegionalpacaembu.com.br\/wp-content\/uploads\/2022\/03\/DiegoFernandesFolhaRegional-1.jpeg?resize=300%2C225&amp;ssl=1 300w\" alt=\"\" width=\"550\" height=\"413\" data-attachment-id=\"22501\" data-permalink=\"https:\/\/folharegionalpacaembu.com.br\/2022\/03\/06\/homem-e-morto-no-centro-de-pacaembu\/diegofernandesfolharegional-1\/\" data-orig-file=\"https:\/\/i0.wp.com\/folharegionalpacaembu.com.br\/wp-content\/uploads\/2022\/03\/DiegoFernandesFolhaRegional-1.jpeg?fit=550%2C413&amp;ssl=1\" data-orig-size=\"550,413\" data-comments-opened=\"0\" data-image-meta=\"{&quot;aperture&quot;:&quot;0&quot;,&quot;credit&quot;:&quot;&quot;,&quot;camera&quot;:&quot;&quot;,&quot;caption&quot;:&quot;&quot;,&quot;created_timestamp&quot;:&quot;0&quot;,&quot;copyright&quot;:&quot;&quot;,&quot;focal_length&quot;:&quot;0&quot;,&quot;iso&quot;:&quot;0&quot;,&quot;shutter_speed&quot;:&quot;0&quot;,&quot;title&quot;:&quot;&quot;,&quot;orientation&quot;:&quot;1&quot;}\" data-image-title=\"DiegoFernandesFolhaRegional (1)\" data-image-description=\"\" data-image-caption=\"\" data-medium-file=\"https:\/\/i0.wp.com\/folharegionalpacaembu.com.br\/wp-content\/uploads\/2022\/03\/DiegoFernandesFolhaRegional-1.jpeg?fit=300%2C225&amp;ssl=1\" data-large-file=\"https:\/\/i0.wp.com\/folharegionalpacaembu.com.br\/wp-content\/uploads\/2022\/03\/DiegoFernandesFolhaRegional-1.jpeg?fit=550%2C413&amp;ssl=1\" data-recalc-dims=\"1\" data-lazy-loaded=\"1\" \/><\/a>A reportagem do jornal e site Folha Regional esteve no local e de acordo com informa\u00e7\u00f5es coletadas com as autoridades que atuavam na ocorr\u00eancia, a viatura foi acionada no in\u00edcio da manh\u00e3 por populares com informa\u00e7\u00f5es de que um homem estaria ca\u00eddo pelo local com diversos ferimentos e grande quantidade de sangue.<\/p>\n<p style=\"text-align: justify;\"><a href=\"https:\/\/i0.wp.com\/folharegionalpacaembu.com.br\/wp-content\/uploads\/2022\/03\/DiegoFernandesFolhaRegional-5.jpeg?ssl=1\"><img loading=\"lazy\" decoding=\"async\" class=\"aligncenter size-full wp-image-22503 jetpack-lazy-image jetpack-lazy-image--handled\" src=\"https:\/\/i0.wp.com\/folharegionalpacaembu.com.br\/wp-content\/uploads\/2022\/03\/DiegoFernandesFolhaRegional-5.jpeg?resize=550%2C413&amp;ssl=1\" sizes=\"auto, (max-width: 550px) 100vw, 550px\" srcset=\"https:\/\/i0.wp.com\/folharegionalpacaembu.com.br\/wp-content\/uploads\/2022\/03\/DiegoFernandesFolhaRegional-5.jpeg?w=550&amp;ssl=1 550w, https:\/\/i0.wp.com\/folharegionalpacaembu.com.br\/wp-content\/uploads\/2022\/03\/DiegoFernandesFolhaRegional-5.jpeg?resize=300%2C225&amp;ssl=1 300w\" alt=\"\" width=\"550\" height=\"413\" data-attachment-id=\"22503\" data-permalink=\"https:\/\/folharegionalpacaembu.com.br\/2022\/03\/06\/homem-e-morto-no-centro-de-pacaembu\/diegofernandesfolharegional-5\/\" data-orig-file=\"https:\/\/i0.wp.com\/folharegionalpacaembu.com.br\/wp-content\/uploads\/2022\/03\/DiegoFernandesFolhaRegional-5.jpeg?fit=550%2C413&amp;ssl=1\" data-orig-size=\"550,413\" data-comments-opened=\"0\" data-image-meta=\"{&quot;aperture&quot;:&quot;0&quot;,&quot;credit&quot;:&quot;&quot;,&quot;camera&quot;:&quot;&quot;,&quot;caption&quot;:&quot;&quot;,&quot;created_timestamp&quot;:&quot;0&quot;,&quot;copyright&quot;:&quot;&quot;,&quot;focal_length&quot;:&quot;0&quot;,&quot;iso&quot;:&quot;0&quot;,&quot;shutter_speed&quot;:&quot;0&quot;,&quot;title&quot;:&quot;&quot;,&quot;orientation&quot;:&quot;1&quot;}\" data-image-title=\"DiegoFernandesFolhaRegional (5)\" data-image-description=\"\" data-image-caption=\"\" data-medium-file=\"https:\/\/i0.wp.com\/folharegionalpacaembu.com.br\/wp-content\/uploads\/2022\/03\/DiegoFernandesFolhaRegional-5.jpeg?fit=300%2C225&amp;ssl=1\" data-large-file=\"https:\/\/i0.wp.com\/folharegionalpacaembu.com.br\/wp-content\/uploads\/2022\/03\/DiegoFernandesFolhaRegional-5.jpeg?fit=550%2C413&amp;ssl=1\" data-recalc-dims=\"1\" data-lazy-loaded=\"1\" \/><\/a>O \u00f3bito da v\u00edtima foi constatado no local onde tamb\u00e9m haviam estilha\u00e7os de garrafa de vidro e fios de eletricidade. Acredita-se que ele tenha sido agredido e posteriormente enforcado.<\/p>\n<p style=\"text-align: justify;\">Ap\u00f3s a libera\u00e7\u00e3o do corpo, a Funer\u00e1ria Remano realizou sua remo\u00e7\u00e3o e o encaminhou para o Instituto M\u00e9dico Legal de Adamantina onde passar\u00e1 por exames.<\/p>\n<p style=\"text-align: justify;\">As Pol\u00edcias Civil e Militar trabalham na tentativa de identificar a v\u00edtima e tamb\u00e9m os autores do homic\u00eddio. Imagens de c\u00e2meras de seguran\u00e7a est\u00e3o sendo checadas na tentativa de obter maiores informa\u00e7\u00f5es e dados sobre o ocorrido.<\/p>\n<p style=\"text-align: justify;\"><a href=\"https:\/\/i0.wp.com\/folharegionalpacaembu.com.br\/wp-content\/uploads\/2022\/03\/DiegoFernandesFolhaRegional-6.jpeg?ssl=1\"><img loading=\"lazy\" decoding=\"async\" class=\"aligncenter size-full wp-image-22504 jetpack-lazy-image jetpack-lazy-image--handled\" src=\"https:\/\/i0.wp.com\/folharegionalpacaembu.com.br\/wp-content\/uploads\/2022\/03\/DiegoFernandesFolhaRegional-6.jpeg?resize=550%2C413&amp;ssl=1\" sizes=\"auto, (max-width: 550px) 100vw, 550px\" srcset=\"https:\/\/i0.wp.com\/folharegionalpacaembu.com.br\/wp-content\/uploads\/2022\/03\/DiegoFernandesFolhaRegional-6.jpeg?w=550&amp;ssl=1 550w, https:\/\/i0.wp.com\/folharegionalpacaembu.com.br\/wp-content\/uploads\/2022\/03\/DiegoFernandesFolhaRegional-6.jpeg?resize=300%2C225&amp;ssl=1 300w\" alt=\"\" width=\"550\" height=\"413\" data-attachment-id=\"22504\" data-permalink=\"https:\/\/folharegionalpacaembu.com.br\/2022\/03\/06\/homem-e-morto-no-centro-de-pacaembu\/diegofernandesfolharegional-6\/\" data-orig-file=\"https:\/\/i0.wp.com\/folharegionalpacaembu.com.br\/wp-content\/uploads\/2022\/03\/DiegoFernandesFolhaRegional-6.jpeg?fit=550%2C413&amp;ssl=1\" data-orig-size=\"550,413\" data-comments-opened=\"0\" data-image-meta=\"{&quot;aperture&quot;:&quot;0&quot;,&quot;credit&quot;:&quot;&quot;,&quot;camera&quot;:&quot;&quot;,&quot;caption&quot;:&quot;&quot;,&quot;created_timestamp&quot;:&quot;0&quot;,&quot;copyright&quot;:&quot;&quot;,&quot;focal_length&quot;:&quot;0&quot;,&quot;iso&quot;:&quot;0&quot;,&quot;shutter_speed&quot;:&quot;0&quot;,&quot;title&quot;:&quot;&quot;,&quot;orientation&quot;:&quot;1&quot;}\" data-image-title=\"DiegoFernandesFolhaRegional (6)\" data-image-description=\"\" data-image-caption=\"\" data-medium-file=\"https:\/\/i0.wp.com\/folharegionalpacaembu.com.br\/wp-content\/uploads\/2022\/03\/DiegoFernandesFolhaRegional-6.jpeg?fit=300%2C225&amp;ssl=1\" data-large-file=\"https:\/\/i0.wp.com\/folharegionalpacaembu.com.br\/wp-content\/uploads\/2022\/03\/DiegoFernandesFolhaRegional-6.jpeg?fit=550%2C413&amp;ssl=1\" data-recalc-dims=\"1\" data-lazy-loaded=\"1\" \/><\/a><strong>V\u00cdTIMA PODE TER COMETIDO FURTO DE VE\u00cdCULO<\/strong><\/p>\n<p style=\"text-align: justify;\">Durante a ocorr\u00eancia, o propriet\u00e1rio do Fiat Uno que estava na contram\u00e3o, ao lado do corpo, compareceu ao local informando que seu ve\u00edculo havia sido levado da frente de sua resid\u00eancia, o que levanta a suspeita de que ele possa ter cometido o furto do mesmo.<\/p>\n<h1 class=\"mvp-post-title left entry-title\" style=\"text-align: justify;\"><strong>Acusados de matar homem em Pacaembu s\u00e3o presos pela Pol\u00edcia Militar<\/strong><\/h1>\n<p style=\"text-align: justify;\">Poucas horas ap\u00f3s o crime de homic\u00eddio, em um trabalho intenso, a Pol\u00edcia Militar de Pacaembu acaba de prender os acusados de matar um homem ainda n\u00e3o identificado.<\/p>\n<p style=\"text-align: justify;\">Segundo informou da PM ao jornalismo Folha Regional, fora utilizadas imagens do sistema de monitoramento da cidade que detectaram os suspeitos no local dos fatos.<\/p>\n<p style=\"text-align: justify;\">Um deles foi preso em sua resid\u00eancia. O outro foi detido em via p\u00fablica.<\/p>\n<p style=\"text-align: justify;\">Ainda segundo a PM, houve a confiss\u00e3o do fato, que teria sido motivada devido uma briga momentos antes em um estabelecimento comercial.<\/p>\n<p style=\"text-align: justify;\">Eles tamb\u00e9m deram detalhes de que o ve\u00edculo havia sido furtado da frente de uma resid\u00eancia para ser utilizado no crime.<\/p>\n<p style=\"text-align: justify;\">Foi dada voz de pris\u00e3o em flagrante para os indiciados e a ocorr\u00eancia segue em andamento.<\/p>\n<h1 class=\"mvp-post-title left entry-title\" style=\"text-align: justify;\"><strong>Pol\u00edcia Civil identifica a v\u00edtima de homic\u00eddio em Pacaembu<\/strong><\/h1>\n<div class=\"mvp-post-main-out left relative\">\n<div class=\"mvp-post-main-in\">\n<div id=\"mvp-post-content\" class=\"left relative\">\n<div id=\"mvp-post-feat-img\" class=\"left relative mvp-post-feat-img-wide2\" style=\"text-align: justify;\"><img loading=\"lazy\" decoding=\"async\" class=\"attachment- size- wp-post-image jetpack-lazy-image jetpack-lazy-image--handled\" src=\"https:\/\/folharegionalpacaembu.com.br\/wp-content\/uploads\/2022\/03\/giovanni.jpg\" sizes=\"auto, (max-width: 1280px) 100vw, 1280px\" srcset=\"https:\/\/i0.wp.com\/folharegionalpacaembu.com.br\/wp-content\/uploads\/2022\/03\/giovanni.jpg?w=1280&amp;ssl=1 1280w, https:\/\/i0.wp.com\/folharegionalpacaembu.com.br\/wp-content\/uploads\/2022\/03\/giovanni.jpg?resize=300%2C169&amp;ssl=1 300w, https:\/\/i0.wp.com\/folharegionalpacaembu.com.br\/wp-content\/uploads\/2022\/03\/giovanni.jpg?resize=1024%2C576&amp;ssl=1 1024w, https:\/\/i0.wp.com\/folharegionalpacaembu.com.br\/wp-content\/uploads\/2022\/03\/giovanni.jpg?resize=768%2C432&amp;ssl=1 768w\" alt=\"\" width=\"1280\" height=\"720\" data-attachment-id=\"22516\" data-permalink=\"https:\/\/folharegionalpacaembu.com.br\/2022\/03\/06\/policia-civil-identifica-a-vitima-de-homicidio-em-pacaembu\/giovanni\/\" data-orig-file=\"https:\/\/i0.wp.com\/folharegionalpacaembu.com.br\/wp-content\/uploads\/2022\/03\/giovanni.jpg?fit=1280%2C720&amp;ssl=1\" data-orig-size=\"1280,720\" data-comments-opened=\"0\" data-image-meta=\"{&quot;aperture&quot;:&quot;0&quot;,&quot;credit&quot;:&quot;&quot;,&quot;camera&quot;:&quot;&quot;,&quot;caption&quot;:&quot;&quot;,&quot;created_timestamp&quot;:&quot;0&quot;,&quot;copyright&quot;:&quot;&quot;,&quot;focal_length&quot;:&quot;0&quot;,&quot;iso&quot;:&quot;0&quot;,&quot;shutter_speed&quot;:&quot;0&quot;,&quot;title&quot;:&quot;&quot;,&quot;orientation&quot;:&quot;0&quot;}\" data-image-title=\"giovanni\" data-image-description=\"\" data-image-caption=\"\" data-medium-file=\"https:\/\/i0.wp.com\/folharegionalpacaembu.com.br\/wp-content\/uploads\/2022\/03\/giovanni.jpg?fit=300%2C169&amp;ssl=1\" data-large-file=\"https:\/\/i0.wp.com\/folharegionalpacaembu.com.br\/wp-content\/uploads\/2022\/03\/giovanni.jpg?fit=740%2C416&amp;ssl=1\" data-lazy-loaded=\"1\" \/><\/div>\n<div>\n<p style=\"text-align: justify;\">Foi identificado pela Pol\u00edcia Civil a v\u00edtima de homic\u00eddio ocorrido na madrugada deste domingo (6) em Pacaembu.<\/p>\n<p style=\"text-align: justify;\">Segundo o delegado de pol\u00edcia, Dr. Alex Marin, trata-se de Giovanni Gon\u00e7alves da Costa Silva. Ele tinha 33 anos e era morador de Pacaembu.<\/p>\n<p style=\"text-align: justify;\">O corpo foi encaminhado para o Instituto M\u00e9dico Legal de Adamantina onde passaria por exames. Familiares foram acionados a se dirigem para o instituto para o reconhecimento do corpo.<\/p>\n<p style=\"text-align: justify;\">Segundo informou a Remano Organiza\u00e7\u00e3o Social, o corpo dever\u00e1 ser velado e sepultado em Pacaembu. Os hor\u00e1rios para vel\u00f3rio e sepultamento ainda n\u00e3o foram definidos.<\/p>\n<p style=\"text-align: justify;\">A Pol\u00edcia Civil segue com as investiga\u00e7\u00f5es.<\/p>\n<p style=\"text-align: justify;\">Fonte: Folha Regional Pacaembu &#8211; Fotos: Diego Fernandes \/ Folha Regional<\/p>\n<\/div>\n<\/div>\n<\/div>\n<\/div>\n","protected":false},"excerpt":{"rendered":"<p>A Pol\u00edcia Militar registrou na manh\u00e3 deste domingo (6), uma ocorr\u00eancia de homic\u00eddio em Pacaembu. Giovanni Gon\u00e7alves da Costa Silva, que tinha 33 anos, foi encontrado morto ao lado de um ve\u00edculo na Rua Prefeito Ant\u00f4nio Alves Pereira, pr\u00f3ximo da Avenida Vereador Jos\u00e9 Gomes Duda. A reportagem do jornal e site Folha Regional esteve no [&hellip;]<\/p>\n","protected":false},"author":1,"featured_media":60485,"comment_status":"closed","ping_status":"open","sticky":false,"template":"","format":"standard","meta":{"footnotes":""},"categories":[110,2],"tags":[],"class_list":["post-60484","post","type-post","status-publish","format-standard","has-post-thumbnail","hentry","category-noticiasdestaque","category-policial"],"_links":{"self":[{"href":"https:\/\/jorgezanoni.com.br\/2019\/wp-json\/wp\/v2\/posts\/60484","targetHints":{"allow":["GET"]}}],"collection":[{"href":"https:\/\/jorgezanoni.com.br\/2019\/wp-json\/wp\/v2\/posts"}],"about":[{"href":"https:\/\/jorgezanoni.com.br\/2019\/wp-json\/wp\/v2\/types\/post"}],"author":[{"embeddable":true,"href":"https:\/\/jorgezanoni.com.br\/2019\/wp-json\/wp\/v2\/users\/1"}],"replies":[{"embeddable":true,"href":"https:\/\/jorgezanoni.com.br\/2019\/wp-json\/wp\/v2\/comments?post=60484"}],"version-history":[{"count":0,"href":"https:\/\/jorgezanoni.com.br\/2019\/wp-json\/wp\/v2\/posts\/60484\/revisions"}],"wp:featuredmedia":[{"embeddable":true,"href":"https:\/\/jorgezanoni.com.br\/2019\/wp-json\/wp\/v2\/media\/60485"}],"wp:attachment":[{"href":"https:\/\/jorgezanoni.com.br\/2019\/wp-json\/wp\/v2\/media?parent=60484"}],"wp:term":[{"taxonomy":"category","embeddable":true,"href":"https:\/\/jorgezanoni.com.br\/2019\/wp-json\/wp\/v2\/categories?post=60484"},{"taxonomy":"post_tag","embeddable":true,"href":"https:\/\/jorgezanoni.com.br\/2019\/wp-json\/wp\/v2\/tags?post=60484"}],"curies":[{"name":"wp","href":"https:\/\/api.w.org\/{rel}","templated":true}]}}