{"id":60481,"date":"2022-03-06T18:38:30","date_gmt":"2022-03-06T18:38:30","guid":{"rendered":"https:\/\/jorgezanoni.com.br\/2019\/?p=60481"},"modified":"2022-03-06T18:38:30","modified_gmt":"2022-03-06T18:38:30","slug":"homem-morre-vitima-de-atropelamento-no-jardim-brasilandia-em-dracena","status":"publish","type":"post","link":"https:\/\/jorgezanoni.com.br\/2019\/homem-morre-vitima-de-atropelamento-no-jardim-brasilandia-em-dracena\/","title":{"rendered":"Homem morre v\u00edtima de atropelamento no Jardim Brasil\u00e2ndia em Dracena"},"content":{"rendered":"<p style=\"text-align: justify;\"><strong>A v\u00edtima fatal \u00e9 Marcelo S\u00e9rgio Pereira (Bezerra) de 47 anos.<\/strong><\/p>\n<p style=\"text-align: justify;\">No in\u00edcio da noite deste s\u00e1bado (5), foi registrado um acidente de tr\u00e2nsito envolvendo um ve\u00edculo Ford Belina e um pedestre. O fato aconteceu na Rua Alo\u00edsio de Azevedo pr\u00f3ximo ao Parque do Bosque, no Jardim Brasil\u00e2ndia em Dracena.<\/p>\n<p style=\"text-align: justify;\">Segundo informa\u00e7\u00f5es obtidas pela reportagem do Site JZ, o condutor do ve\u00edculo evadiu-se do local.<\/p>\n<p style=\"text-align: justify;\">A v\u00edtima foi socorrida por uma Unidade do Corpo de Bombeiros ao Pronto Atendimento Municipal onde n\u00e3o resistiu aos ferimentos, vindo a \u00f3bito.<\/p>\n<p style=\"text-align: justify;\">Num trabalho incans\u00e1vel das Pol\u00edcias Militar e Civil, poucas horas ap\u00f3s o atropelamento, o ve\u00edculo foi localizado no Jardim dos P\u00e1ssaros pr\u00f3ximo ao Bairro Bela Vista e populares informaram que as pessoas que estavam no ve\u00edculo tomaram rumo ao do Bairro Virgilio Fioravante.<\/p>\n<p style=\"text-align: justify;\">Logo ap\u00f3s a apreens\u00e3o do ve\u00edculo o motorista suspeito da autoria do atropelamento que havia abandonado o ve\u00edculo, acabou sendo preso no munic\u00edpio de Nova Guataporanga. Ainda foi preso uma segunda pessoa que seria segundo informa\u00e7\u00f5es um acompanhante que tamb\u00e9m foi localizado.<\/p>\n<p style=\"text-align: justify;\">Os dois foram presos por Policiais de Dracena com apoio dos Policiais de Nova Guataporanga e ap\u00f3s trazidos para Dracena onde o delegado plantonista Dr. Raimundo Farias de Oliveira fez autua\u00e7\u00f5es. Ainda segundo informa\u00e7\u00f5es os dois permaneceram recolhidos \u00e0 disposi\u00e7\u00e3o da Justi\u00e7a.<\/p>\n<p><img loading=\"lazy\" decoding=\"async\" class=\"alignnone size-full wp-image-60476\" src=\"https:\/\/jorgezanoni.com.br\/2019\/wp-content\/uploads\/2022\/03\/Marcelo.jpg\" alt=\"\" width=\"540\" height=\"540\" srcset=\"https:\/\/jorgezanoni.com.br\/2019\/wp-content\/uploads\/2022\/03\/Marcelo.jpg 540w, https:\/\/jorgezanoni.com.br\/2019\/wp-content\/uploads\/2022\/03\/Marcelo-300x300.jpg 300w, https:\/\/jorgezanoni.com.br\/2019\/wp-content\/uploads\/2022\/03\/Marcelo-150x150.jpg 150w, https:\/\/jorgezanoni.com.br\/2019\/wp-content\/uploads\/2022\/03\/Marcelo-420x420.jpg 420w\" sizes=\"auto, (max-width: 540px) 100vw, 540px\" \/><\/p>\n<p style=\"text-align: justify;\">Fonte: Ronado de Almeida<\/p>\n<p style=\"text-align: justify;\">Foto: Redes Sociais<\/p>\n<p style=\"text-align: justify;\">Comp. Jorge Zanoni<\/p>\n<p>&nbsp;<\/p>\n<p>&nbsp;<\/p>\n<p>&nbsp;<\/p>\n<p>&nbsp;<\/p>\n","protected":false},"excerpt":{"rendered":"<p>A v\u00edtima fatal \u00e9 Marcelo S\u00e9rgio Pereira (Bezerra) de 47 anos. No in\u00edcio da noite deste s\u00e1bado (5), foi registrado um acidente de tr\u00e2nsito envolvendo um ve\u00edculo Ford Belina e um pedestre. O fato aconteceu na Rua Alo\u00edsio de Azevedo pr\u00f3ximo ao Parque do Bosque, no Jardim Brasil\u00e2ndia em Dracena. Segundo informa\u00e7\u00f5es obtidas pela reportagem [&hellip;]<\/p>\n","protected":false},"author":1,"featured_media":60482,"comment_status":"closed","ping_status":"open","sticky":false,"template":"","format":"standard","meta":{"footnotes":""},"categories":[170,110],"tags":[],"class_list":["post-60481","post","type-post","status-publish","format-standard","has-post-thumbnail","hentry","category-acidentes","category-noticiasdestaque"],"_links":{"self":[{"href":"https:\/\/jorgezanoni.com.br\/2019\/wp-json\/wp\/v2\/posts\/60481","targetHints":{"allow":["GET"]}}],"collection":[{"href":"https:\/\/jorgezanoni.com.br\/2019\/wp-json\/wp\/v2\/posts"}],"about":[{"href":"https:\/\/jorgezanoni.com.br\/2019\/wp-json\/wp\/v2\/types\/post"}],"author":[{"embeddable":true,"href":"https:\/\/jorgezanoni.com.br\/2019\/wp-json\/wp\/v2\/users\/1"}],"replies":[{"embeddable":true,"href":"https:\/\/jorgezanoni.com.br\/2019\/wp-json\/wp\/v2\/comments?post=60481"}],"version-history":[{"count":0,"href":"https:\/\/jorgezanoni.com.br\/2019\/wp-json\/wp\/v2\/posts\/60481\/revisions"}],"wp:featuredmedia":[{"embeddable":true,"href":"https:\/\/jorgezanoni.com.br\/2019\/wp-json\/wp\/v2\/media\/60482"}],"wp:attachment":[{"href":"https:\/\/jorgezanoni.com.br\/2019\/wp-json\/wp\/v2\/media?parent=60481"}],"wp:term":[{"taxonomy":"category","embeddable":true,"href":"https:\/\/jorgezanoni.com.br\/2019\/wp-json\/wp\/v2\/categories?post=60481"},{"taxonomy":"post_tag","embeddable":true,"href":"https:\/\/jorgezanoni.com.br\/2019\/wp-json\/wp\/v2\/tags?post=60481"}],"curies":[{"name":"wp","href":"https:\/\/api.w.org\/{rel}","templated":true}]}}