{"id":60472,"date":"2022-03-06T17:33:01","date_gmt":"2022-03-06T17:33:01","guid":{"rendered":"https:\/\/jorgezanoni.com.br\/2019\/?p=60472"},"modified":"2022-03-06T17:33:01","modified_gmt":"2022-03-06T17:33:01","slug":"morre-juiz-de-direito-que-ja-trabalhou-em-dracena","status":"publish","type":"post","link":"https:\/\/jorgezanoni.com.br\/2019\/morre-juiz-de-direito-que-ja-trabalhou-em-dracena\/","title":{"rendered":"Morre Juiz de Direito que j\u00e1 trabalhou em Dracena"},"content":{"rendered":"<p style=\"text-align: justify;\">O Tribunal de Justi\u00e7a de S\u00e3o Paulo, com pesar, comunica o falecimento do juiz substituto em 2\u00ba Grau Osni Assis Pereira, ocorrido hoje (5). A Presid\u00eancia e os integrantes do Judici\u00e1rio unem-se \u00e0 tristeza e ao sentimento de perda dos familiares, amigos e colegas do magistrado que atuava na 16\u00aa C\u00e2mara de Direito Criminal.<\/p>\n<p style=\"text-align: justify;\">O vel\u00f3rio ser\u00e1 na Capela Prever Rio Preto, na Rua Francisco Curti, 244 \u2013 Distrito Industrial, em S\u00e3o Jos\u00e9 do Rio Preto (SP), das 7 \u00e0s 17 horas desse domingo (6). O sepultamento ser\u00e1 no Cemit\u00e9rio Jardim da Paz, na Avenida Benedito Rodrigues Lisboa, 1.775 \u2013 Bairro Universit\u00e1rio, tamb\u00e9m em S\u00e3o Jos\u00e9 do Rio Preto. Osni Assis Pereira nasceu em Piraju\u00ed (SP) em 1947. Era formado pela Faculdade de Filosofia, Ci\u00eancias e Letras de Adamantina (turma de 1973) e pela Faculdade de Direito da Alta Paulista, de Tup\u00e3 (turma de 1978). Ingressou na Magistratura como juiz substituto da 30\u00aa Circunscri\u00e7\u00e3o Judici\u00e1ria, com sede em Tup\u00e3, no ano de 1985. Ao longo da carreira tamb\u00e9m trabalhou em Dracena, Junqueir\u00f3polis.<\/p>\n<p>Fonte: Vida Prev<\/p>\n","protected":false},"excerpt":{"rendered":"<p>O Tribunal de Justi\u00e7a de S\u00e3o Paulo, com pesar, comunica o falecimento do juiz substituto em 2\u00ba Grau Osni Assis Pereira, ocorrido hoje (5). A Presid\u00eancia e os integrantes do Judici\u00e1rio unem-se \u00e0 tristeza e ao sentimento de perda dos familiares, amigos e colegas do magistrado que atuava na 16\u00aa C\u00e2mara de Direito Criminal. O [&hellip;]<\/p>\n","protected":false},"author":1,"featured_media":60473,"comment_status":"closed","ping_status":"open","sticky":false,"template":"","format":"standard","meta":{"footnotes":""},"categories":[120,178,110],"tags":[],"class_list":["post-60472","post","type-post","status-publish","format-standard","has-post-thumbnail","hentry","category-justicahabitacaotecnologia","category-notadefalecimento","category-noticiasdestaque"],"_links":{"self":[{"href":"https:\/\/jorgezanoni.com.br\/2019\/wp-json\/wp\/v2\/posts\/60472","targetHints":{"allow":["GET"]}}],"collection":[{"href":"https:\/\/jorgezanoni.com.br\/2019\/wp-json\/wp\/v2\/posts"}],"about":[{"href":"https:\/\/jorgezanoni.com.br\/2019\/wp-json\/wp\/v2\/types\/post"}],"author":[{"embeddable":true,"href":"https:\/\/jorgezanoni.com.br\/2019\/wp-json\/wp\/v2\/users\/1"}],"replies":[{"embeddable":true,"href":"https:\/\/jorgezanoni.com.br\/2019\/wp-json\/wp\/v2\/comments?post=60472"}],"version-history":[{"count":0,"href":"https:\/\/jorgezanoni.com.br\/2019\/wp-json\/wp\/v2\/posts\/60472\/revisions"}],"wp:featuredmedia":[{"embeddable":true,"href":"https:\/\/jorgezanoni.com.br\/2019\/wp-json\/wp\/v2\/media\/60473"}],"wp:attachment":[{"href":"https:\/\/jorgezanoni.com.br\/2019\/wp-json\/wp\/v2\/media?parent=60472"}],"wp:term":[{"taxonomy":"category","embeddable":true,"href":"https:\/\/jorgezanoni.com.br\/2019\/wp-json\/wp\/v2\/categories?post=60472"},{"taxonomy":"post_tag","embeddable":true,"href":"https:\/\/jorgezanoni.com.br\/2019\/wp-json\/wp\/v2\/tags?post=60472"}],"curies":[{"name":"wp","href":"https:\/\/api.w.org\/{rel}","templated":true}]}}