{"id":6047,"date":"2019-09-13T01:37:53","date_gmt":"2019-09-13T01:37:53","guid":{"rendered":"https:\/\/jorgezanoni.com.br\/2019\/?p=6047"},"modified":"2019-09-13T01:37:53","modified_gmt":"2019-09-13T01:37:53","slug":"policia-civil-prende-suspeito-de-envolvimento-em-feminicidio-cometido-em-adamantina","status":"publish","type":"post","link":"https:\/\/jorgezanoni.com.br\/2019\/policia-civil-prende-suspeito-de-envolvimento-em-feminicidio-cometido-em-adamantina\/","title":{"rendered":"Pol\u00edcia Civil prende suspeito de envolvimento em feminic\u00eddio cometido em Adamantina"},"content":{"rendered":"<h2 class=\"content-head__subtitle\" style=\"text-align: justify;\"><strong>Investiga\u00e7\u00f5es apontam que o homem teria usado seu carro na fuga do autor do crime. V\u00edtima, de 29 anos, foi esfaqueada no pesco\u00e7o pelo ex-companheiro, na frente do filho.<\/strong><\/h2>\n<div class=\"mc-column content-text active-extra-styles \" data-block-type=\"unstyled\" data-block-weight=\"36\" data-block-id=\"2\">\n<p class=\"content-text__container \" style=\"text-align: justify;\" data-track-category=\"Link no Texto\" data-track-links=\"\">A Pol\u00edcia Civil identificou e prendeu nesta quinta-feira (12) um homem apontado como co-autor no assassinato de uma mulher de 29 anos, em\u00a0<a href=\"https:\/\/g1.globo.com\/sp\/presidente-prudente-regiao\/cidade\/adamantina\/\">Adamantina<\/a>. O caso, registrado como feminic\u00eddio, ocorreu na noite da \u00faltima ter\u00e7a-feira (10).<\/p>\n<\/div>\n<div class=\"wall protected-content\">\n<div class=\"mc-column content-text active-extra-styles \" style=\"text-align: justify;\" data-block-type=\"unstyled\" data-block-weight=\"14\" data-block-id=\"3\">\n<p class=\"content-text__container \" data-track-category=\"Link no Texto\" data-track-links=\"\">Na ocasi\u00e3o,\u00a0<a href=\"https:\/\/g1.globo.com\/sp\/presidente-prudente-regiao\/noticia\/2019\/09\/11\/na-frente-do-filho-mulher-e-morta-a-facada-pelo-ex-companheiro-em-adamantina.ghtml\">a v\u00edtima foi esfaqueada no pesco\u00e7o pelo ex-companheiro, na frente do filho<\/a>.<\/p>\n<\/div>\n<div class=\"mc-column content-text active-extra-styles \" style=\"text-align: justify;\" data-block-type=\"unstyled\" data-block-weight=\"47\" data-block-id=\"4\">\n<p class=\"content-text__container \" data-track-category=\"Link no Texto\" data-track-links=\"\">De acordo com as informa\u00e7\u00f5es da Pol\u00edcia Civil, as investiga\u00e7\u00f5es apontaram que o suspeito foi auxiliado por um homem, o qual conduziu seu pr\u00f3prio ve\u00edculo, levando o autor at\u00e9 a casa da v\u00edtima. Ele aguardou o cometimento do crime e, em seguida, deu fuga para o suspeito.<\/p>\n<\/div>\n<div class=\"mc-column content-text active-extra-styles \" style=\"text-align: justify;\" data-block-type=\"unstyled\" data-block-weight=\"19\" data-block-id=\"5\">\n<p class=\"content-text__container \" data-track-category=\"Link no Texto\" data-track-links=\"\">O carro foi localizado no distrito de Iubatinga, em\u00a0<a href=\"https:\/\/g1.globo.com\/sp\/presidente-prudente-regiao\/cidade\/caiabu\/\">Caiabu<\/a>, por policiais civis. A per\u00edcia foi acionada ao local.<\/p>\n<\/div>\n<div class=\"mc-column content-text active-extra-styles \" style=\"text-align: justify;\" data-block-type=\"unstyled\" data-block-weight=\"22\" data-block-id=\"6\">\n<p class=\"content-text__container \" data-track-category=\"Link no Texto\" data-track-links=\"\">O co-autor foi encaminhado para a Delegacia de Defesa da Mulher (DDM) de Adamantina, onde prestar\u00e1 depoimento, de acordo com a pol\u00edcia.<\/p>\n<\/div>\n<div class=\"mc-column content-text active-extra-styles\" style=\"text-align: justify;\" data-block-type=\"raw\" data-block-weight=\"2\" data-block-id=\"7\">\n<div class=\"content-intertitle\">\n<h2>O crime<\/h2>\n<\/div>\n<\/div>\n<div class=\"mc-column content-text active-extra-styles \" style=\"text-align: justify;\" data-block-type=\"unstyled\" data-block-weight=\"47\" data-block-id=\"8\">\n<p class=\"content-text__container \" data-track-category=\"Link no Texto\" data-track-links=\"\">Uma mulher, de 29 anos, foi morta pelo ex-companheiro na noite de ter\u00e7a-feira (10), no Jardim Primavera, em Adamantina. A v\u00edtima foi atingida no pesco\u00e7o por uma faca, na frente do filho. Ela morava na casa da irm\u00e3. O caso foi registrado na Pol\u00edcia Civil como feminic\u00eddio.<\/p>\n<\/div>\n<div class=\"mc-column content-text active-extra-styles \" style=\"text-align: justify;\" data-block-type=\"unstyled\" data-block-weight=\"36\" data-block-id=\"9\">\n<p class=\"content-text__container \" data-track-category=\"Link no Texto\" data-track-links=\"\">Quando os policiais chegaram ao local, encontraram a v\u00edtima ca\u00edda na porta da cozinha, com intenso sangramento. Ela chegou a ser socorrida e levada ao Pronto-socorro pelo Corpo de Bombeiros, mas chegou sem vida \u00e0 unidade.<\/p>\n<\/div>\n<div class=\"mc-column content-text active-extra-styles \" style=\"text-align: justify;\" data-block-type=\"unstyled\" data-block-weight=\"38\" data-block-id=\"11\">\n<p class=\"content-text__container \" data-track-category=\"Link no Texto\" data-track-links=\"\">De acordo com registro da ocorr\u00eancia, os policiais apuraram preliminarmente que a v\u00edtima havia se separado do suspeito e, conforme o relato da irm\u00e3, chegou a se mudar de casa v\u00e1rias vezes, pois o homem sempre a perturbava.<\/p>\n<\/div>\n<div class=\"mc-column content-text active-extra-styles \" style=\"text-align: justify;\" data-block-type=\"unstyled\" data-block-weight=\"36\" data-block-id=\"12\">\n<p class=\"content-text__container \" data-track-category=\"Link no Texto\" data-track-links=\"\">A irm\u00e3 da v\u00edtima contou ainda que, na noite de ter\u00e7a-feira (10), o homem enviou uma mensagem \u00e0 v\u00edtima dizendo que precisava de um documento do filho dela, que ele assumiu e registrou em seu nome.<\/p>\n<\/div>\n<div class=\"mc-column content-text active-extra-styles \" style=\"text-align: justify;\" data-block-type=\"unstyled\" data-block-weight=\"26\" data-block-id=\"13\">\n<p class=\"content-text__container \" data-track-category=\"Link no Texto\" data-track-links=\"\">Segundo relatou a testemunha, o indiv\u00edduo disse que tinha a inten\u00e7\u00e3o de tirar seu nome do registro da crian\u00e7a, pois n\u00e3o queria mais v\u00ednculo com ela.<\/p>\n<\/div>\n<div class=\"mc-column content-text active-extra-styles \" style=\"text-align: justify;\" data-block-type=\"unstyled\" data-block-weight=\"13\" data-block-id=\"14\">\n<p class=\"content-text__container \" data-track-category=\"Link no Texto\" data-track-links=\"\">Assim, combinou de se encontrar com a v\u00edtima em uma esquina da rua.<\/p>\n<\/div>\n<div class=\"mc-column content-text active-extra-styles \" style=\"text-align: justify;\" data-block-type=\"unstyled\" data-block-weight=\"29\" data-block-id=\"15\">\n<p class=\"content-text__container \" data-track-category=\"Link no Texto\" data-track-links=\"\">Por\u00e9m, com receio de alguma atitude violenta contra a mulher, a irm\u00e3 da v\u00edtima disse que levaria a certid\u00e3o de nascimento no lugar dela e foi o que aconteceu.<\/p>\n<\/div>\n<div class=\"mc-column content-text active-extra-styles \" style=\"text-align: justify;\" data-block-type=\"unstyled\" data-block-weight=\"21\" data-block-id=\"16\">\n<p class=\"content-text__container \" data-track-category=\"Link no Texto\" data-track-links=\"\">Pouco tempo depois, o ex-companheiro mandou outra mensagem \u00e0 ex-mulher dizendo que ela poderia ir buscar o documento, no mesmo ponto.<\/p>\n<\/div>\n<div class=\"mc-column content-text active-extra-styles \" style=\"text-align: justify;\" data-block-type=\"unstyled\" data-block-weight=\"24\" data-block-id=\"17\">\n<p class=\"content-text__container \" data-track-category=\"Link no Texto\" data-track-links=\"\">Novamente, quem foi ao local foi a irm\u00e3 da v\u00edtima. Contudo, no momento, um amigo da fam\u00edlia contou que a mulher havia sido esfaqueada.<\/p>\n<\/div>\n<div class=\"mc-column content-text active-extra-styles \" style=\"text-align: justify;\" data-block-type=\"unstyled\" data-block-weight=\"31\" data-block-id=\"18\">\n<p class=\"content-text__container \" data-track-category=\"Link no Texto\" data-track-links=\"\">A irm\u00e3 soube pelo amigo da fam\u00edlia que o indiv\u00edduo chegou na varanda da casa e pediu \u00e0 ex-companheira para pegar o filho no colo. A mulher lhe entregou a crian\u00e7a.<\/p>\n<\/div>\n<div class=\"mc-column content-text active-extra-styles \" style=\"text-align: justify;\" data-block-type=\"unstyled\" data-block-weight=\"43\" data-block-id=\"19\">\n<p class=\"content-text__container \" data-track-category=\"Link no Texto\" data-track-links=\"\">O homem devolveu o filho e, em seguida, pegou uma faca e atingiu a v\u00edtima no pesco\u00e7o. A mulher ainda conseguiu entrar na casa e colocar a crian\u00e7a no carrinho, mas caiu na porta da cozinha, onde permaneceu at\u00e9 a chegada da pol\u00edcia.<\/p>\n<\/div>\n<div class=\"mc-column content-text active-extra-styles \" data-block-type=\"unstyled\" data-block-weight=\"12\" data-block-id=\"20\">\n<p class=\"content-text__container \" style=\"text-align: justify;\" data-track-category=\"Link no Texto\" data-track-links=\"\">O homem fugiu do local em seguida e ainda n\u00e3o foi encontrado.<\/p>\n<p data-track-category=\"Link no Texto\" data-track-links=\"\">Fonte: G1<\/p>\n<\/div>\n<\/div>\n","protected":false},"excerpt":{"rendered":"<p>Investiga\u00e7\u00f5es apontam que o homem teria usado seu carro na fuga do autor do crime. V\u00edtima, de 29 anos, foi esfaqueada no pesco\u00e7o pelo ex-companheiro, na frente do filho. A Pol\u00edcia Civil identificou e prendeu nesta quinta-feira (12) um homem apontado como co-autor no assassinato de uma mulher de 29 anos, em\u00a0Adamantina. O caso, registrado [&hellip;]<\/p>\n","protected":false},"author":1,"featured_media":6048,"comment_status":"closed","ping_status":"open","sticky":false,"template":"","format":"standard","meta":{"footnotes":""},"categories":[110,2],"tags":[],"class_list":["post-6047","post","type-post","status-publish","format-standard","has-post-thumbnail","hentry","category-noticiasdestaque","category-policial"],"_links":{"self":[{"href":"https:\/\/jorgezanoni.com.br\/2019\/wp-json\/wp\/v2\/posts\/6047","targetHints":{"allow":["GET"]}}],"collection":[{"href":"https:\/\/jorgezanoni.com.br\/2019\/wp-json\/wp\/v2\/posts"}],"about":[{"href":"https:\/\/jorgezanoni.com.br\/2019\/wp-json\/wp\/v2\/types\/post"}],"author":[{"embeddable":true,"href":"https:\/\/jorgezanoni.com.br\/2019\/wp-json\/wp\/v2\/users\/1"}],"replies":[{"embeddable":true,"href":"https:\/\/jorgezanoni.com.br\/2019\/wp-json\/wp\/v2\/comments?post=6047"}],"version-history":[{"count":0,"href":"https:\/\/jorgezanoni.com.br\/2019\/wp-json\/wp\/v2\/posts\/6047\/revisions"}],"wp:featuredmedia":[{"embeddable":true,"href":"https:\/\/jorgezanoni.com.br\/2019\/wp-json\/wp\/v2\/media\/6048"}],"wp:attachment":[{"href":"https:\/\/jorgezanoni.com.br\/2019\/wp-json\/wp\/v2\/media?parent=6047"}],"wp:term":[{"taxonomy":"category","embeddable":true,"href":"https:\/\/jorgezanoni.com.br\/2019\/wp-json\/wp\/v2\/categories?post=6047"},{"taxonomy":"post_tag","embeddable":true,"href":"https:\/\/jorgezanoni.com.br\/2019\/wp-json\/wp\/v2\/tags?post=6047"}],"curies":[{"name":"wp","href":"https:\/\/api.w.org\/{rel}","templated":true}]}}