{"id":60454,"date":"2022-03-05T18:35:20","date_gmt":"2022-03-05T18:35:20","guid":{"rendered":"https:\/\/jorgezanoni.com.br\/2019\/?p=60454"},"modified":"2022-03-05T18:37:20","modified_gmt":"2022-03-05T18:37:20","slug":"programa-facesp-mulheres-empreenderas-tem-inicio-segunda-feira","status":"publish","type":"post","link":"https:\/\/jorgezanoni.com.br\/2019\/programa-facesp-mulheres-empreenderas-tem-inicio-segunda-feira\/","title":{"rendered":"Programa FACESP mulheres empreendedoras tem in\u00edcio segunda-feira"},"content":{"rendered":"<p style=\"text-align: justify;\">Convidamos a todas mulheres empres\u00e1rias a participar do evento FACESP MULHERES que ter\u00e1 in\u00edcio nessa segunda-feira dia 07\/03 gratuitamente.<br \/>\nParticipem<br \/>\nMAR\u00c7O M\u00caS DAS MULHERES<\/p>\n<p style=\"text-align: justify;\">PROGRAMA: FACESP MULHERES<\/p>\n<p style=\"text-align: justify;\">O Programa FACESP MULHERES, \u00e9 um programa voltado para as MULHERES empreendedoras ou que pretendem empreender, que s\u00e3o protagonistas de suas pr\u00f3prias hist\u00f3rias!<\/p>\n<p style=\"text-align: justify;\">Trata-se de uma iniciativa do Sebrae-SP e do Conselho da Mulher Empreendedora e da Cultura (CMEC) da Federa\u00e7\u00e3o das Associa\u00e7\u00f5es Comerciais do Estado de S\u00e3o Paulo (Facesp), que tem como objetivo oferecer capacita\u00e7\u00f5es online e gratuitas, com orienta\u00e7\u00f5es para melhorar a gest\u00e3o da empresa.<\/p>\n<p style=\"text-align: justify;\">Como informado, os encontros ser\u00e3o totalmente online e acontecer\u00e3o no per\u00edodo de 07 \u00e0 14\/03\/2021, sempre \u00e0s 19h00.<\/p>\n<p style=\"text-align: justify;\">Cada dia do programa ter\u00e1 um tema a ser apresentado. S\u00e3o eles: Eu empoderada, Eu empres\u00e1ria, Em dia com suas finan\u00e7as, Criatividade para a inova\u00e7\u00e3o, Venda sem sair de casa e Elabore seu Plano de Neg\u00f3cios.<\/p>\n<p style=\"text-align: justify;\">Inscreva-se atrav\u00e9s do link: http:\/\/tiny.cc\/FACESP_MULHERES e n\u00e3o deixe de convidar outras MULHERES EMPREENDEDORAS!<\/p>\n<p style=\"text-align: justify;\">Fonte: ACE<\/p>\n","protected":false},"excerpt":{"rendered":"<p>Convidamos a todas mulheres empres\u00e1rias a participar do evento FACESP MULHERES que ter\u00e1 in\u00edcio nessa segunda-feira dia 07\/03 gratuitamente. Participem MAR\u00c7O M\u00caS DAS MULHERES PROGRAMA: FACESP MULHERES O Programa FACESP MULHERES, \u00e9 um programa voltado para as MULHERES empreendedoras ou que pretendem empreender, que s\u00e3o protagonistas de suas pr\u00f3prias hist\u00f3rias! Trata-se de uma iniciativa do [&hellip;]<\/p>\n","protected":false},"author":1,"featured_media":60455,"comment_status":"closed","ping_status":"open","sticky":false,"template":"","format":"standard","meta":{"footnotes":""},"categories":[114,110],"tags":[],"class_list":["post-60454","post","type-post","status-publish","format-standard","has-post-thumbnail","hentry","category-geralecomercio","category-noticiasdestaque"],"_links":{"self":[{"href":"https:\/\/jorgezanoni.com.br\/2019\/wp-json\/wp\/v2\/posts\/60454","targetHints":{"allow":["GET"]}}],"collection":[{"href":"https:\/\/jorgezanoni.com.br\/2019\/wp-json\/wp\/v2\/posts"}],"about":[{"href":"https:\/\/jorgezanoni.com.br\/2019\/wp-json\/wp\/v2\/types\/post"}],"author":[{"embeddable":true,"href":"https:\/\/jorgezanoni.com.br\/2019\/wp-json\/wp\/v2\/users\/1"}],"replies":[{"embeddable":true,"href":"https:\/\/jorgezanoni.com.br\/2019\/wp-json\/wp\/v2\/comments?post=60454"}],"version-history":[{"count":0,"href":"https:\/\/jorgezanoni.com.br\/2019\/wp-json\/wp\/v2\/posts\/60454\/revisions"}],"wp:featuredmedia":[{"embeddable":true,"href":"https:\/\/jorgezanoni.com.br\/2019\/wp-json\/wp\/v2\/media\/60455"}],"wp:attachment":[{"href":"https:\/\/jorgezanoni.com.br\/2019\/wp-json\/wp\/v2\/media?parent=60454"}],"wp:term":[{"taxonomy":"category","embeddable":true,"href":"https:\/\/jorgezanoni.com.br\/2019\/wp-json\/wp\/v2\/categories?post=60454"},{"taxonomy":"post_tag","embeddable":true,"href":"https:\/\/jorgezanoni.com.br\/2019\/wp-json\/wp\/v2\/tags?post=60454"}],"curies":[{"name":"wp","href":"https:\/\/api.w.org\/{rel}","templated":true}]}}