{"id":60430,"date":"2022-03-04T15:50:39","date_gmt":"2022-03-04T15:50:39","guid":{"rendered":"https:\/\/jorgezanoni.com.br\/2019\/?p=60430"},"modified":"2022-03-04T15:51:54","modified_gmt":"2022-03-04T15:51:54","slug":"casal-e-abordado-pela-policia-militar-apos-guardar-maconha-em-canavial-e-acaba-preso-em-panorama","status":"publish","type":"post","link":"https:\/\/jorgezanoni.com.br\/2019\/casal-e-abordado-pela-policia-militar-apos-guardar-maconha-em-canavial-e-acaba-preso-em-panorama\/","title":{"rendered":"Casal \u00e9 abordado pela Pol\u00edcia Militar ap\u00f3s &#8216;guardar&#8217; maconha em canavial e acaba preso em Panorama"},"content":{"rendered":"<h2 class=\"content-head__subtitle\" style=\"text-align: justify;\"><strong>No total, mais de 8 quilos de maconha foram apreendidos durante as buscas. Homem declarou \u00e0 corpora\u00e7\u00e3o que havia deixado a droga no local para negociar com outro indiv\u00edduo.<\/strong><\/h2>\n<div class=\"mc-column content-text active-extra-styles \" data-block-type=\"unstyled\" data-block-weight=\"29\" data-block-id=\"2\">\n<p class=\"content-text__container \" style=\"text-align: justify;\" data-track-category=\"Link no Texto\" data-track-links=\"\">Duas pessoas foram presas por tr\u00e1fico de drogas, em\u00a0<a href=\"https:\/\/g1.globo.com\/sp\/presidente-prudente-regiao\/cidade\/panorama\/\">Panorama<\/a>\u00a0(SP), nesta quinta-feira (3). A partir da abordagem a um ve\u00edculo a Pol\u00edcia Militar apreendeu 8,5 quilos de maconha.<\/p>\n<\/div>\n<div class=\"wall protected-content\">\n<div class=\"mc-column content-text active-extra-styles \" style=\"text-align: justify;\" data-block-type=\"unstyled\" data-block-weight=\"45\" data-block-id=\"3\">\n<p class=\"content-text__container \" data-track-category=\"Link no Texto\" data-track-links=\"\">A Pol\u00edcia Militar abordou um carro conduzido por um homem na estrada vicinal\u00a0<a href=\"https:\/\/g1.globo.com\/sp\/presidente-prudente-regiao\/cidade\/panorama\/\">Panorama<\/a>\u00a0\u2013 Ouro Verde. Em determinado momento, o motorista confessou que deixou um saco pl\u00e1stico de cor preta em meio a um canavial, e o buscaria depois de negociar com um indiv\u00edduo.<\/p>\n<\/div>\n<div class=\"mc-column content-text active-extra-styles \" data-block-type=\"unstyled\" data-block-weight=\"30\" data-block-id=\"4\">\n<p class=\"content-text__container \" style=\"text-align: justify;\" data-track-category=\"Link no Texto\" data-track-links=\"\">Segundo a pol\u00edcia, o homem estava acompanhado de uma mulher, de 21 anos. Ela confirmou que deixaram um saco pl\u00e1stico no canavial, mas n\u00e3o sabia do que se tratava.<\/p>\n<div class=\"mc-column content-text active-extra-styles \" style=\"text-align: justify;\" data-block-type=\"unstyled\" data-block-weight=\"49\" data-block-id=\"6\">\n<p class=\"content-text__container \" data-track-category=\"Link no Texto\" data-track-links=\"\">O suspeito indicou onde havia colocado o material e as equipes da Pol\u00edcia Militar e do Canil foram at\u00e9 o local. Na sequ\u00eancia, foi localizado um saco de cor preta contendo nove tabletes maiores de maconha e outros tr\u00eas tabletes menores do mesmo entorpecente. A droga pesou 8,453 quilos.<\/p>\n<\/div>\n<div class=\"mc-column content-text active-extra-styles \" style=\"text-align: justify;\" data-block-type=\"unstyled\" data-block-weight=\"26\" data-block-id=\"7\">\n<p class=\"content-text__container \" data-track-category=\"Link no Texto\" data-track-links=\"\">Em seguida, foram realizadas buscas na casa do homem, onde foi encontrado mais um peda\u00e7o de maconha, de 37,7 gramas, envolvido em um pl\u00e1stico amarelo.<\/p>\n<\/div>\n<div class=\"mc-column content-text active-extra-styles \" style=\"text-align: justify;\" data-block-type=\"unstyled\" data-block-weight=\"21\" data-block-id=\"8\">\n<p class=\"content-text__container \" data-track-category=\"Link no Texto\" data-track-links=\"\">As buscas foram realizadas com apoio da cadela Emy, do Canil Setorial do 25\u00ba Batalh\u00e3o da Pol\u00edcia Militar do Interior (BPM\/I).<\/p>\n<\/div>\n<div class=\"mc-column content-text active-extra-styles \" data-block-type=\"unstyled\" data-block-weight=\"12\" data-block-id=\"9\">\n<p class=\"content-text__container \" style=\"text-align: justify;\" data-track-category=\"Link no Texto\" data-track-links=\"\">O casal recebeu voz de pris\u00e3o e permaneceu \u00e0 disposi\u00e7\u00e3o da Justi\u00e7a.<\/p>\n<\/div>\n<div class=\"row medium-uncollapsed content-media content-photo\" data-block-type=\"backstage-photo\" data-block-id=\"10\">\n<div class=\"mc-column content-media__container\">\n<div class=\"content-media-container glb-skeleton-box\">\n<figure class=\"content-media-figure\"><img decoding=\"async\" class=\"i-amphtml-fill-content i-amphtml-replaced-content\" src=\"https:\/\/s2.glbimg.com\/wJCq-_f-O-YYz2v4iplRWT8Ialw=\/0x0:1600x1200\/984x0\/smart\/filters:strip_icc()\/i.s3.glbimg.com\/v1\/AUTH_59edd422c0c84a879bd37670ae4f538a\/internal_photos\/bs\/2022\/c\/M\/vAncGKT0SlfFCs24bjlQ\/whatsapp-image-2022-03-04-at-00.20.35.jpeg\" sizes=\"(max-width: 1366px) 648px, 100vw\" srcset=\"https:\/\/s2.glbimg.com\/VN1vwa_WR6cm8qpWduXa7wPNR9A=\/0x0:1600x1200\/1000x0\/smart\/filters:strip_icc()\/i.s3.glbimg.com\/v1\/AUTH_59edd422c0c84a879bd37670ae4f538a\/internal_photos\/bs\/2022\/c\/M\/vAncGKT0SlfFCs24bjlQ\/whatsapp-image-2022-03-04-at-00.20.35.jpeg 1000w, https:\/\/s2.glbimg.com\/wJCq-_f-O-YYz2v4iplRWT8Ialw=\/0x0:1600x1200\/984x0\/smart\/filters:strip_icc()\/i.s3.glbimg.com\/v1\/AUTH_59edd422c0c84a879bd37670ae4f538a\/internal_photos\/bs\/2022\/c\/M\/vAncGKT0SlfFCs24bjlQ\/whatsapp-image-2022-03-04-at-00.20.35.jpeg 984w, https:\/\/s2.glbimg.com\/i9SHnlXXbRPHaLwFT_60j8qfndg=\/0x0:1600x1200\/640x0\/smart\/filters:strip_icc()\/i.s3.glbimg.com\/v1\/AUTH_59edd422c0c84a879bd37670ae4f538a\/internal_photos\/bs\/2022\/c\/M\/vAncGKT0SlfFCs24bjlQ\/whatsapp-image-2022-03-04-at-00.20.35.jpeg 640w, https:\/\/s2.glbimg.com\/BlPwllw5BqUZajyWE7jvdUrkC3E=\/0x0:1600x1200\/600x0\/smart\/filters:strip_icc()\/i.s3.glbimg.com\/v1\/AUTH_59edd422c0c84a879bd37670ae4f538a\/internal_photos\/bs\/2022\/c\/M\/vAncGKT0SlfFCs24bjlQ\/whatsapp-image-2022-03-04-at-00.20.35.jpeg 600w\" alt=\"Tabletes de maconha foram apreendidos pela Pol\u00edcia Militar, em Panorama \u2014 Foto: Pol\u00edcia Militar\" \/><\/figure>\n<\/div>\n<p class=\"content-media__description \" style=\"text-align: justify;\">Tabletes de maconha foram apreendidos pela Pol\u00edcia Militar, em Panorama \u2014 Foto: Pol\u00edcia Militar<\/p>\n<p style=\"text-align: justify;\">Fonte: PM e G1<\/p>\n<\/div>\n<\/div>\n<\/div>\n<\/div>\n<p>&nbsp;<\/p>\n","protected":false},"excerpt":{"rendered":"<p>No total, mais de 8 quilos de maconha foram apreendidos durante as buscas. Homem declarou \u00e0 corpora\u00e7\u00e3o que havia deixado a droga no local para negociar com outro indiv\u00edduo. Duas pessoas foram presas por tr\u00e1fico de drogas, em\u00a0Panorama\u00a0(SP), nesta quinta-feira (3). A partir da abordagem a um ve\u00edculo a Pol\u00edcia Militar apreendeu 8,5 quilos de [&hellip;]<\/p>\n","protected":false},"author":1,"featured_media":60431,"comment_status":"closed","ping_status":"open","sticky":false,"template":"","format":"standard","meta":{"footnotes":""},"categories":[110,2],"tags":[],"class_list":["post-60430","post","type-post","status-publish","format-standard","has-post-thumbnail","hentry","category-noticiasdestaque","category-policial"],"_links":{"self":[{"href":"https:\/\/jorgezanoni.com.br\/2019\/wp-json\/wp\/v2\/posts\/60430","targetHints":{"allow":["GET"]}}],"collection":[{"href":"https:\/\/jorgezanoni.com.br\/2019\/wp-json\/wp\/v2\/posts"}],"about":[{"href":"https:\/\/jorgezanoni.com.br\/2019\/wp-json\/wp\/v2\/types\/post"}],"author":[{"embeddable":true,"href":"https:\/\/jorgezanoni.com.br\/2019\/wp-json\/wp\/v2\/users\/1"}],"replies":[{"embeddable":true,"href":"https:\/\/jorgezanoni.com.br\/2019\/wp-json\/wp\/v2\/comments?post=60430"}],"version-history":[{"count":0,"href":"https:\/\/jorgezanoni.com.br\/2019\/wp-json\/wp\/v2\/posts\/60430\/revisions"}],"wp:featuredmedia":[{"embeddable":true,"href":"https:\/\/jorgezanoni.com.br\/2019\/wp-json\/wp\/v2\/media\/60431"}],"wp:attachment":[{"href":"https:\/\/jorgezanoni.com.br\/2019\/wp-json\/wp\/v2\/media?parent=60430"}],"wp:term":[{"taxonomy":"category","embeddable":true,"href":"https:\/\/jorgezanoni.com.br\/2019\/wp-json\/wp\/v2\/categories?post=60430"},{"taxonomy":"post_tag","embeddable":true,"href":"https:\/\/jorgezanoni.com.br\/2019\/wp-json\/wp\/v2\/tags?post=60430"}],"curies":[{"name":"wp","href":"https:\/\/api.w.org\/{rel}","templated":true}]}}