{"id":60422,"date":"2022-03-04T15:17:59","date_gmt":"2022-03-04T15:17:59","guid":{"rendered":"https:\/\/jorgezanoni.com.br\/2019\/?p=60422"},"modified":"2022-03-04T15:34:08","modified_gmt":"2022-03-04T15:34:08","slug":"dracena-tempersul-unifadra-e-o-novo-nome-do-futsal-de-dracena","status":"publish","type":"post","link":"https:\/\/jorgezanoni.com.br\/2019\/dracena-tempersul-unifadra-e-o-novo-nome-do-futsal-de-dracena\/","title":{"rendered":"Dracena Tempersul Unifadra \u00e9 o novo nome do Futsal de Dracena"},"content":{"rendered":"<p style=\"text-align: justify;\"><i><strong><span style=\"font-size: large;\">Com o patroc\u00ednio master, a equipe bicampe\u00e3 da LPF agora leva no nome do time a marca Unifadra.<\/span><\/strong><br \/>\n<\/i><br \/>\n<span style=\"font-size: large;\">Ontem (03), foi assinada a renova\u00e7\u00e3o da parceria entre a equipe profissional de futsal Dracena Tempersul e a Fundec, mantenedora da Unifadra, que passou a ser a patrocinadora master do time. A partir de agora, a equipe \u00e9 denominada Dracena Tempersul Unifadra Futsal.<\/span><\/p>\n<p><span style=\"font-size: large;\">Iniciada em 2016, esta parceria rendeu aos jogadores o suporte da Unifadra para educa\u00e7\u00e3o e qualifica\u00e7\u00e3o profissional, possibilitando aos atletas planejar um futuro ap\u00f3s a carreira esportiva. Com este apoio educacional, a Unifadra est\u00e1 lado a lado nas conquistas da equipe em importantes eventos esportivos.<\/span><\/p>\n<p><span style=\"font-size: large;\">O time campe\u00e3o da LPF 2021, al\u00e9m do t\u00edtulo, tamb\u00e9m encerrou a temporada com algumas premia\u00e7\u00f5es individuais: Leo Silva, melhor goleiro; Vitinho, melhor piv\u00f4, e Paulo\u00a0<\/span>Vitor,<span style=\"font-size: large;\">\u00a0melhor fixo &#8211; que tamb\u00e9m foi eleito o melhor jogador da competi\u00e7\u00e3o.<\/span><\/p>\n<p><span style=\"font-size: large;\">Enio Garbelini, diretor acad\u00eamico da Unifadra, ressalta que &#8220;ficamos felizes pelo desempenho profissional dos atletas e esperamos tamb\u00e9m falar no futuro que contribu\u00edmos com a forma\u00e7\u00e3o educacional de \u00f3timos profissionais de Educa\u00e7\u00e3o F\u00edsica. Hoje temos o melhor fixo do estado estudando na Unifadra (Paulo Vitor), al\u00e9m de seus colegas Pedro Aria, Alan Jefferson e Pedro G\u00f3es&#8221;. A equipe de futsal ainda conta com tr\u00eas membros da comiss\u00e3o t\u00e9cnica formados pela Unifadra:\u00a0<\/span>Kynha<span style=\"font-size: large;\">\u00a0(preparador de goleiros),\u00a0<\/span>Geovane<span style=\"font-size: large;\">\u00a0Gasolina (preparador f\u00edsico) e Leo Ceber (ajudante).<\/span><\/p>\n<p><span style=\"font-size: large;\">Na trajet\u00f3ria do agora Dracena Tempersul Unifadra, o time tamb\u00e9m carrega importantes t\u00edtulos estaduais, sendo o bicampe\u00e3o consecutivo da Liga Paulista de Futsal (2020 e 2021) e duas vezes o vice-campe\u00e3o da Copa Paulista de Futsal (hoje Copa LPF), em 2017 e 2021. Al\u00e9m disso, chegou a disputar a Liga Nacional de Futsal 2020, considerada a mais importante competi\u00e7\u00e3o das Am\u00e9ricas e uma das mais disputadas do mundo.<\/span><\/p>\n<p><span style=\"font-size: large;\">Edson Kai, diretor executivo da Fundec, diz que &#8220;em sua miss\u00e3o educacional, a Institui\u00e7\u00e3o contempla especialmente as \u00e1reas da sa\u00fade e o esporte como iniciativas fundamentais para garantir o bem-estar da comunidade regional, ao longo de sua trajet\u00f3ria de mais de 50 anos. A equipe de Futsal Dracena Tempersul que sempre contou com a parceria da Fundec agora se fortalece em busca de novas conquistas com o alinhamento \u00e0 marca da Unifadra, unidade de ensino superior mantida pela funda\u00e7\u00e3o. Assim, juntos, o Dracena Tempersul Unifadra Futsal haver\u00e1 de trazer novas divisas\u00a0<\/span>em que<span style=\"font-size: large;\">\u00a0a cidade de Dracena seja efetivamente reconhecida em todo o pa\u00eds&#8221;.<\/span><\/p>\n<p><span style=\"font-size: large;\">Agora, o time estreia a temporada 2022 participando da Supercopa, uma novidade na LPF (Liga Paulista de Futsal), que vai abrir seu calend\u00e1rio oficial com a disputa entre o campe\u00e3o da Copa LPF e o campe\u00e3o da LPF &#8211; Bar\u00e3o de Mau\u00e1 Ribeir\u00e3o e Dracena Tempersul &#8211; respectivamente. O duelo, em partida \u00fanica, ser\u00e1 realizado no dia 11 de mar\u00e7o, na cidade de Tr\u00eas Cora\u00e7\u00f5es (MG).<\/span><\/p>\n<p><span style=\"font-size: large;\">A equipe tamb\u00e9m ser\u00e1 apresentada no pr\u00f3ximo dia 18 de mar\u00e7o, no audit\u00f3rio da Fundec, com o novo uniforme, trazendo a marca Unifadra na identidade visual.<\/span><\/p>\n<p><span style=\"font-size: large;\">A Copa da LPF tem in\u00edcio previsto para o dia 2 de abril e t\u00e9rmino em 11 de junho. Neste ano, a competi\u00e7\u00e3o contar\u00e1 com 14 equipes. No Grupo B, o Dracena Tempersul Dracena enfrenta S\u00e3o Paulo FC, Yoka\/Milclean, Botucatu Futsal, Pinda EC, Brutos Futsal\/Limeira e\u00a0<\/span>Uniara\/Fundesporte.<\/p>\n<p><span style=\"font-size: large;\">J\u00e1 para a LPF, principal competi\u00e7\u00e3o da entidade Liga Paulista de Futsal, o Conselho Arbitral ficou marcado para o dia 18 de maio. A competi\u00e7\u00e3o deve come\u00e7ar em 14 de junho e terminar em 10 de dezembro.<\/span><\/p>\n<p><span style=\"font-size: large;\">Para n\u00e3o perder nada, acompanhe @dracenafutsal nas redes sociais. Os jogos que s\u00e3o realizados em Dracena t\u00eam transmiss\u00e3o pelo Jornal Interativo (<a href=\"http:\/\/facebook.com\/jornalinterativodracena\" target=\"_blank\" rel=\"noopener noreferrer\">facebook.com\/jornalinterativodracena<\/a>) e pela DLZ TV\u00a0<\/span><span style=\"font-size: large;\"> (<a href=\"http:\/\/facebook.com\/dlztv\" target=\"_blank\" rel=\"noopener noreferrer\">facebook.com\/dlztv<\/a>).<\/span><\/p>\n<p><img loading=\"lazy\" decoding=\"async\" class=\"alignnone size-full wp-image-60424\" src=\"https:\/\/jorgezanoni.com.br\/2019\/wp-content\/uploads\/2022\/03\/z1.jpg\" alt=\"\" width=\"1080\" height=\"810\" srcset=\"https:\/\/jorgezanoni.com.br\/2019\/wp-content\/uploads\/2022\/03\/z1.jpg 1080w, https:\/\/jorgezanoni.com.br\/2019\/wp-content\/uploads\/2022\/03\/z1-300x225.jpg 300w, https:\/\/jorgezanoni.com.br\/2019\/wp-content\/uploads\/2022\/03\/z1-1024x768.jpg 1024w, https:\/\/jorgezanoni.com.br\/2019\/wp-content\/uploads\/2022\/03\/z1-768x576.jpg 768w, https:\/\/jorgezanoni.com.br\/2019\/wp-content\/uploads\/2022\/03\/z1-80x60.jpg 80w, https:\/\/jorgezanoni.com.br\/2019\/wp-content\/uploads\/2022\/03\/z1-265x198.jpg 265w, https:\/\/jorgezanoni.com.br\/2019\/wp-content\/uploads\/2022\/03\/z1-696x522.jpg 696w, https:\/\/jorgezanoni.com.br\/2019\/wp-content\/uploads\/2022\/03\/z1-1068x801.jpg 1068w, https:\/\/jorgezanoni.com.br\/2019\/wp-content\/uploads\/2022\/03\/z1-560x420.jpg 560w\" sizes=\"auto, (max-width: 1080px) 100vw, 1080px\" \/><\/p>\n<p>Fonte: Dpto. de Comunica\u00e7\u00e3o Fundec<\/p>\n","protected":false},"excerpt":{"rendered":"<p>Com o patroc\u00ednio master, a equipe bicampe\u00e3 da LPF agora leva no nome do time a marca Unifadra. Ontem (03), foi assinada a renova\u00e7\u00e3o da parceria entre a equipe profissional de futsal Dracena Tempersul e a Fundec, mantenedora da Unifadra, que passou a ser a patrocinadora master do time. A partir de agora, a equipe [&hellip;]<\/p>\n","protected":false},"author":1,"featured_media":60423,"comment_status":"closed","ping_status":"open","sticky":false,"template":"","format":"standard","meta":{"footnotes":""},"categories":[111,110,122],"tags":[],"class_list":["post-60422","post","type-post","status-publish","format-standard","has-post-thumbnail","hentry","category-esporteecultura","category-noticiasdestaque","category-saudeeducacaoeconcurso"],"_links":{"self":[{"href":"https:\/\/jorgezanoni.com.br\/2019\/wp-json\/wp\/v2\/posts\/60422","targetHints":{"allow":["GET"]}}],"collection":[{"href":"https:\/\/jorgezanoni.com.br\/2019\/wp-json\/wp\/v2\/posts"}],"about":[{"href":"https:\/\/jorgezanoni.com.br\/2019\/wp-json\/wp\/v2\/types\/post"}],"author":[{"embeddable":true,"href":"https:\/\/jorgezanoni.com.br\/2019\/wp-json\/wp\/v2\/users\/1"}],"replies":[{"embeddable":true,"href":"https:\/\/jorgezanoni.com.br\/2019\/wp-json\/wp\/v2\/comments?post=60422"}],"version-history":[{"count":0,"href":"https:\/\/jorgezanoni.com.br\/2019\/wp-json\/wp\/v2\/posts\/60422\/revisions"}],"wp:featuredmedia":[{"embeddable":true,"href":"https:\/\/jorgezanoni.com.br\/2019\/wp-json\/wp\/v2\/media\/60423"}],"wp:attachment":[{"href":"https:\/\/jorgezanoni.com.br\/2019\/wp-json\/wp\/v2\/media?parent=60422"}],"wp:term":[{"taxonomy":"category","embeddable":true,"href":"https:\/\/jorgezanoni.com.br\/2019\/wp-json\/wp\/v2\/categories?post=60422"},{"taxonomy":"post_tag","embeddable":true,"href":"https:\/\/jorgezanoni.com.br\/2019\/wp-json\/wp\/v2\/tags?post=60422"}],"curies":[{"name":"wp","href":"https:\/\/api.w.org\/{rel}","templated":true}]}}