{"id":60392,"date":"2022-03-03T17:24:28","date_gmt":"2022-03-03T17:24:28","guid":{"rendered":"https:\/\/jorgezanoni.com.br\/2019\/?p=60392"},"modified":"2022-03-03T17:25:09","modified_gmt":"2022-03-03T17:25:09","slug":"cursos-de-radiologia-e-enfermagem-estao-com-matriculas-abertas-ate-28-03-no-cep-ume","status":"publish","type":"post","link":"https:\/\/jorgezanoni.com.br\/2019\/cursos-de-radiologia-e-enfermagem-estao-com-matriculas-abertas-ate-28-03-no-cep-ume\/","title":{"rendered":"Cursos de Radiologia e Enfermagem est\u00e3o com matr\u00edculas abertas at\u00e9 28\/03 no CEP\/UME"},"content":{"rendered":"<p style=\"text-align: justify;\"><span style=\"font-size: large;\">Quem deseja se lan\u00e7ar no mercado de trabalho tem os cursos t\u00e9cnicos do CEP\/UME de Dracena como grandes aliados. Com apenas dois anos de dura\u00e7\u00e3o e uma alta demanda por profissionais nas \u00e1reas de Radiologia e Enfermagem ap\u00f3s o in\u00edcio da pandemia, os cursos t\u00e9cnicos do CEP\/UME oferecem uma r\u00e1pida capacita\u00e7\u00e3o profissional para que voc\u00ea possa ocupar as vagas dispon\u00edveis no mercado de trabalho.<\/span><\/p>\n<p><span style=\"font-size: large;\">N\u00e3o perca tempo! As matr\u00edculas podem ser feitas at\u00e9 o dia 28 de mar\u00e7o.<\/span><\/p>\n<p><span style=\"font-size: large;\">As aulas do curso t\u00e9cnico em Enfermagem come\u00e7am no dia 7 de mar\u00e7o e o curso t\u00e9cnico em Radiologia j\u00e1 iniciou suas atividades no dia 21 de fevereiro, mas ainda \u00e9 poss\u00edvel acompanhar a turma e ingressar imediatamente.<\/span><\/p>\n<p><span style=\"font-size: large;\">Invista em voc\u00ea hoje iniciando sua capacita\u00e7\u00e3o profissional em 2022 e tenha a oportunidade de ocupar as vagas para t\u00e9cnico em Radiologia e t\u00e9cnico em Enfermagem dispon\u00edveis em nossa regi\u00e3o!<\/span><\/p>\n<p>Fonte: Depto. de Comunica\u00e7\u00e3o da Fundec<\/p>\n","protected":false},"excerpt":{"rendered":"<p>Quem deseja se lan\u00e7ar no mercado de trabalho tem os cursos t\u00e9cnicos do CEP\/UME de Dracena como grandes aliados. Com apenas dois anos de dura\u00e7\u00e3o e uma alta demanda por profissionais nas \u00e1reas de Radiologia e Enfermagem ap\u00f3s o in\u00edcio da pandemia, os cursos t\u00e9cnicos do CEP\/UME oferecem uma r\u00e1pida capacita\u00e7\u00e3o profissional para que voc\u00ea [&hellip;]<\/p>\n","protected":false},"author":1,"featured_media":60394,"comment_status":"closed","ping_status":"open","sticky":false,"template":"","format":"standard","meta":{"footnotes":""},"categories":[110,122],"tags":[],"class_list":["post-60392","post","type-post","status-publish","format-standard","has-post-thumbnail","hentry","category-noticiasdestaque","category-saudeeducacaoeconcurso"],"_links":{"self":[{"href":"https:\/\/jorgezanoni.com.br\/2019\/wp-json\/wp\/v2\/posts\/60392","targetHints":{"allow":["GET"]}}],"collection":[{"href":"https:\/\/jorgezanoni.com.br\/2019\/wp-json\/wp\/v2\/posts"}],"about":[{"href":"https:\/\/jorgezanoni.com.br\/2019\/wp-json\/wp\/v2\/types\/post"}],"author":[{"embeddable":true,"href":"https:\/\/jorgezanoni.com.br\/2019\/wp-json\/wp\/v2\/users\/1"}],"replies":[{"embeddable":true,"href":"https:\/\/jorgezanoni.com.br\/2019\/wp-json\/wp\/v2\/comments?post=60392"}],"version-history":[{"count":0,"href":"https:\/\/jorgezanoni.com.br\/2019\/wp-json\/wp\/v2\/posts\/60392\/revisions"}],"wp:featuredmedia":[{"embeddable":true,"href":"https:\/\/jorgezanoni.com.br\/2019\/wp-json\/wp\/v2\/media\/60394"}],"wp:attachment":[{"href":"https:\/\/jorgezanoni.com.br\/2019\/wp-json\/wp\/v2\/media?parent=60392"}],"wp:term":[{"taxonomy":"category","embeddable":true,"href":"https:\/\/jorgezanoni.com.br\/2019\/wp-json\/wp\/v2\/categories?post=60392"},{"taxonomy":"post_tag","embeddable":true,"href":"https:\/\/jorgezanoni.com.br\/2019\/wp-json\/wp\/v2\/tags?post=60392"}],"curies":[{"name":"wp","href":"https:\/\/api.w.org\/{rel}","templated":true}]}}